{"id":121169,"date":"2024-07-22T20:04:07","date_gmt":"2024-07-22T23:04:07","guid":{"rendered":"https:\/\/cdnoticias.com\/?p=121169"},"modified":"2024-07-22T20:04:09","modified_gmt":"2024-07-22T23:04:09","slug":"elecciones-de-coopelectric-se-inscribio-la-lista-verde","status":"publish","type":"post","link":"https:\/\/cdnoticias.com\/index.php\/2024\/07\/22\/elecciones-de-coopelectric-se-inscribio-la-lista-verde\/","title":{"rendered":"Elecciones de Coopelectric: se inscribi\u00f3 la Lista Verde"},"content":{"rendered":"<p>Con sus 119 candidatos a delegados y 476 avalistas la agrupaci\u00f3n formaliz\u00f3 su presentaci\u00f3n para competir en los comicios del 3 de agosto.<!--more--><\/p>\n<hr \/>\n<p>El viernes 19 de julio<strong> la Lista Verde Olavarr\u00eda<\/strong> present\u00f3 su lista de <strong>119 candidatos a delegados con sus 476 avalistas<\/strong>, para la <em>elecci\u00f3n que se realizar\u00e1 el 3 de agosto en Coopelectric.<\/em><\/p>\n<blockquote><p>\u201cBajo el criterio de la honestidad y la transparencia activa, se a\u00fanan en la Lista Verde personas con experiencia y capacidad de gesti\u00f3n que ya han estado como consejeros de administraci\u00f3n de Coopelectric, otras que aportan desde su experiencia en la gesti\u00f3n de empresas, y otras personas que tienen inserci\u00f3n social y territorial, para garantizar cercan\u00eda con el usuario, de manera que se cumpla un verdadero cooperativismo participativo\u201d defini\u00f3 la agrupaci\u00f3n sobre la conformaci\u00f3n.<\/p><\/blockquote>\n<p>La<strong> lista completa<\/strong> es la siguiente: Cavalli Luis, Rom\u00e1n Rodolfo Daniel, Garc\u00eda Claudio Cesar, Quintero Jos\u00e9 Ricardo, Cura Eva, Leal Nicolas, Guasura Cesar Antonio, Aquila Rub\u00e9n, Gorlero Julio, Di Leo Walter N\u00e9stor, L\u00f3pez Eleno Aureliano, Caminitti Pedro, Durso Edgardo, Torregiani Carlos, Bustamante Gustavo, Dos Santos Hugo, Ram\u00edrez Esteban, Kessler Marcelo, Bali\u00f1o Paula, Musa N\u00e9stor, Balbiani Rosende Jos\u00e9, Iglesias Juan, Videla Jorge, Milan Javier Enrique, Manquepan Alberto, Meringer H\u00e9ctor Eduardo, Salicio Alberto, Pianzola Juan Carlos, Ruiz Diaz Farias Pablo, Be\u00f1aldo Andr\u00e9s, Scialabba Ramiro, Leal Diego, Olivera Lautaro, Garc\u00eda Pablo Alberto, Guitart Javier, Castelli Adriana, Llera Mario, Flores Eduardo, Musa Cintia Daiana, L\u00f3pez Carlos, Mercado Domingo, Aguirre Roberto Alan, Gil Mar\u00eda Patricia, Cirigliano Pia, Pucheu Francisco, Salerno Pablo Hern\u00e1n, Diaz Eduardo Oscar, Quiroga Rub\u00e9n Alejandro, Arauz Mar\u00eda Fabiana, G\u00f3mez Sebasti\u00e1n, Minning Mariano, Dietz Marcelo Roberto, Rodr\u00edguez Cristian, Ruybal Guillermo, Torales Ariel, Pey Juan Carlos, Fredes Cielo, Castrovinci Jorge Oscar, Minning Daniel, Martinez Roberto, Paredes Francisco, Choque Carlos Alberto, Aquila Alexander, Schonfel Jorge, Herrera Cristian, Hohl Enrique, Moreno Juan Carlos, Schwindt Miguel, Diaz Jorge Luis, Ben\u00edtez Julio Joaquin, De Medio Monica, Recalde Guillermo, Damiano Javier, Leguizam\u00f3n Ramon, Elbey Karina, Amado Mariano, Casiraghi Mario, Iturregui Juan, Laborde Delia, Schallibaum Delia, Recavarren Agustin, Rizzo Alexander David, Luna Graciela Lujan, Ensone Claudia Andrea, Freiberger Ricardo Ra\u00fal, Esteves Manuel Mario, Messineo Alejandro, Batres Lisi Aylen, Familiari Silvia Lorena, Guenzatti Gustavo Cesar, Aury Sergio Alberto, Del Prado Mar\u00eda Guadalupe, Surget Mar\u00eda Agustina, Anselmo Pablo Gustavo, Ojeda Miguel \u00c1ngel, Gervasio Fernando Sebasti\u00e1n<\/p>\n","protected":false},"excerpt":{"rendered":"<p>Con sus 119 candidatos a delegados y 476 avalistas la agrupaci\u00f3n formaliz\u00f3 su presentaci\u00f3n para competir en los comicios del<\/p>\n","protected":false},"author":4,"featured_media":121170,"comment_status":"closed","ping_status":"closed","sticky":false,"template":"","format":"standard","meta":{"_jetpack_memberships_contains_paid_content":false,"footnotes":""},"categories":[4,1],"tags":[],"class_list":["post-121169","post","type-post","status-publish","format-standard","has-post-thumbnail","hentry","category-politica","category-portada"],"jetpack_featured_media_url":"https:\/\/i0.wp.com\/cdnoticias.com\/wp-content\/uploads\/2024\/07\/lista-verde-inscripcion-00.jpg?fit=1000%2C556&ssl=1","jetpack_sharing_enabled":true,"_links":{"self":[{"href":"https:\/\/cdnoticias.com\/index.php\/wp-json\/wp\/v2\/posts\/121169","targetHints":{"allow":["GET"]}}],"collection":[{"href":"https:\/\/cdnoticias.com\/index.php\/wp-json\/wp\/v2\/posts"}],"about":[{"href":"https:\/\/cdnoticias.com\/index.php\/wp-json\/wp\/v2\/types\/post"}],"author":[{"embeddable":true,"href":"https:\/\/cdnoticias.com\/index.php\/wp-json\/wp\/v2\/users\/4"}],"replies":[{"embeddable":true,"href":"https:\/\/cdnoticias.com\/index.php\/wp-json\/wp\/v2\/comments?post=121169"}],"version-history":[{"count":0,"href":"https:\/\/cdnoticias.com\/index.php\/wp-json\/wp\/v2\/posts\/121169\/revisions"}],"wp:featuredmedia":[{"embeddable":true,"href":"https:\/\/cdnoticias.com\/index.php\/wp-json\/wp\/v2\/media\/121170"}],"wp:attachment":[{"href":"https:\/\/cdnoticias.com\/index.php\/wp-json\/wp\/v2\/media?parent=121169"}],"wp:term":[{"taxonomy":"category","embeddable":true,"href":"https:\/\/cdnoticias.com\/index.php\/wp-json\/wp\/v2\/categories?post=121169"},{"taxonomy":"post_tag","embeddable":true,"href":"https:\/\/cdnoticias.com\/index.php\/wp-json\/wp\/v2\/tags?post=121169"}],"curies":[{"name":"wp","href":"https:\/\/api.w.org\/{rel}","templated":true}]}}