{"id":121163,"date":"2024-07-22T10:01:50","date_gmt":"2024-07-22T13:01:50","guid":{"rendered":"https:\/\/cdnoticias.com\/?p=121163"},"modified":"2024-07-22T10:01:53","modified_gmt":"2024-07-22T13:01:53","slug":"paso-la-3a-edicion-de-los-10k-el-provincial-ganaron-juarez-y-landaburu","status":"publish","type":"post","link":"https:\/\/cdnoticias.com\/index.php\/2024\/07\/22\/paso-la-3a-edicion-de-los-10k-el-provincial-ganaron-juarez-y-landaburu\/","title":{"rendered":"Pas\u00f3 la 3\u00aa edici\u00f3n de los 10K \u201cEl Provincial\u201d: ganaron Ju\u00e1rez y Landaburu"},"content":{"rendered":"<p>En el transcurso del domingo, organizado por el Club El Provincial y la fiscalizaci\u00f3n del C\u00edrculo de Atletas Veteranos de Olavarr\u00eda se corri\u00f3 una nueva edici\u00f3n de los 10K en inmediaciones del Parque Eva per\u00f3n. Victorias de Florencia Ju\u00e1rez y Leonardo Landaburu.<!--more--><\/p>\n<hr \/>\n<p>En<strong> 10 y 5 kil\u00f3metros<\/strong> y con casi<strong> un centenar de atletas<\/strong> se complet\u00f3 la <strong>3\u00aa edici\u00f3n de la prueba atl\u00e9tica de El Provincial<\/strong> donde hubo victorias para <strong>Florencia Ju\u00e1rez<\/strong> y <strong>Leonardo Landaburu<\/strong> en la distancia principal.<\/p>\n<p>Adem\u00e1s, <strong>Naim Arenzo y Valentina Mart\u00edn<\/strong> se quedaron con los triunfos en el recorrido a una sola vuelta.<\/p>\n<p><a href=\"https:\/\/centraldeportes.com.ar\/paso-la-3-edicion-de-los-10k-el-provincial-ganaron-juarez-y-landaburu\/\" target=\"_blank\" rel=\"noopener\">La informaci\u00f3n completa en Central de Deportes<\/a><\/p>\n<p><img data-recalc-dims=\"1\" loading=\"lazy\" decoding=\"async\" class=\"size-full wp-image-121167 aligncenter\" src=\"https:\/\/i0.wp.com\/cdnoticias.com\/wp-content\/uploads\/2024\/07\/10-k-de-El-Provincial-1.jpeg?resize=800%2C446&#038;ssl=1\" alt=\"\" width=\"800\" height=\"446\" srcset=\"https:\/\/i0.wp.com\/cdnoticias.com\/wp-content\/uploads\/2024\/07\/10-k-de-El-Provincial-1.jpeg?w=1000&amp;ssl=1 1000w, https:\/\/i0.wp.com\/cdnoticias.com\/wp-content\/uploads\/2024\/07\/10-k-de-El-Provincial-1.jpeg?resize=300%2C167&amp;ssl=1 300w, https:\/\/i0.wp.com\/cdnoticias.com\/wp-content\/uploads\/2024\/07\/10-k-de-El-Provincial-1.jpeg?resize=768%2C428&amp;ssl=1 768w, https:\/\/i0.wp.com\/cdnoticias.com\/wp-content\/uploads\/2024\/07\/10-k-de-El-Provincial-1.jpeg?resize=800%2C445&amp;ssl=1 800w\" sizes=\"auto, (max-width: 800px) 100vw, 800px\" \/><\/p>\n","protected":false},"excerpt":{"rendered":"<p>En el transcurso del domingo, organizado por el Club El Provincial y la fiscalizaci\u00f3n del C\u00edrculo de Atletas Veteranos de<\/p>\n","protected":false},"author":4,"featured_media":121166,"comment_status":"closed","ping_status":"closed","sticky":false,"template":"","format":"standard","meta":{"_jetpack_memberships_contains_paid_content":false,"footnotes":""},"categories":[5,1],"tags":[],"class_list":["post-121163","post","type-post","status-publish","format-standard","has-post-thumbnail","hentry","category-informacion-general","category-portada"],"jetpack_featured_media_url":"https:\/\/i0.wp.com\/cdnoticias.com\/wp-content\/uploads\/2024\/07\/10-k-de-El-Provincial-2.jpg?fit=800%2C445&ssl=1","jetpack_sharing_enabled":true,"_links":{"self":[{"href":"https:\/\/cdnoticias.com\/index.php\/wp-json\/wp\/v2\/posts\/121163","targetHints":{"allow":["GET"]}}],"collection":[{"href":"https:\/\/cdnoticias.com\/index.php\/wp-json\/wp\/v2\/posts"}],"about":[{"href":"https:\/\/cdnoticias.com\/index.php\/wp-json\/wp\/v2\/types\/post"}],"author":[{"embeddable":true,"href":"https:\/\/cdnoticias.com\/index.php\/wp-json\/wp\/v2\/users\/4"}],"replies":[{"embeddable":true,"href":"https:\/\/cdnoticias.com\/index.php\/wp-json\/wp\/v2\/comments?post=121163"}],"version-history":[{"count":0,"href":"https:\/\/cdnoticias.com\/index.php\/wp-json\/wp\/v2\/posts\/121163\/revisions"}],"wp:featuredmedia":[{"embeddable":true,"href":"https:\/\/cdnoticias.com\/index.php\/wp-json\/wp\/v2\/media\/121166"}],"wp:attachment":[{"href":"https:\/\/cdnoticias.com\/index.php\/wp-json\/wp\/v2\/media?parent=121163"}],"wp:term":[{"taxonomy":"category","embeddable":true,"href":"https:\/\/cdnoticias.com\/index.php\/wp-json\/wp\/v2\/categories?post=121163"},{"taxonomy":"post_tag","embeddable":true,"href":"https:\/\/cdnoticias.com\/index.php\/wp-json\/wp\/v2\/tags?post=121163"}],"curies":[{"name":"wp","href":"https:\/\/api.w.org\/{rel}","templated":true}]}}