{"id":121162,"date":"2024-07-22T09:28:21","date_gmt":"2024-07-22T12:28:21","guid":{"rendered":"https:\/\/cdnoticias.com\/?p=121162"},"modified":"2024-07-22T09:28:23","modified_gmt":"2024-07-22T12:28:23","slug":"editorial-delaltillo-presenta-juan-el-inmortal-el-nuevo-libro-de-patricia-timo","status":"publish","type":"post","link":"https:\/\/cdnoticias.com\/index.php\/2024\/07\/22\/editorial-delaltillo-presenta-juan-el-inmortal-el-nuevo-libro-de-patricia-timo\/","title":{"rendered":"Editorial delaltillo presenta \u201cJuan, el inmortal\u201d, el nuevo libro de Patricia Timo"},"content":{"rendered":"\n<p>Este nuevo libro editado por delaltillo se suma a los m\u00e1s de treinta t\u00edtulos que lleva publicados esta editorial independiente de Olavarr\u00eda.<\/p>\n\n\n\n<hr class=\"wp-block-separator aligncenter has-alpha-channel-opacity\"\/>\n\n\n\n<p><strong>Patricia Timo (Tandil, 1963) presenta su nuevo libro \u201cJuan, el inmortal\u201d<\/strong>, segunda obra editada y publicada por la <strong>editorial independiente delaltillo.<\/strong><\/p>\n\n\n\n<p>La autora escuch\u00f3 desde su infancia hablar de Juan Thebaut. Sus historias eran apasionantes aventuras que quedaron en su memoria. Algunas con finales incompletos que ahora decidi\u00f3 terminar con su imaginaci\u00f3n.<\/p>\n\n\n\n<p><strong>En estos relatos, se destaca que \u201cuna persona muere cuando nadie la recuerda\u201d. Por eso el personaje de la obra, Juan Thebaut, es \u201crecordado por sus an\u00e9cdotas\u201d y eso lo convierte en inmortal.<\/strong><\/p>\n\n\n\n<p>Nacida en Tandil, <strong>Patricia Timo <\/strong>creci\u00f3 en Villa Cacique y en la actualidad vive en Olavarr\u00eda.<strong> Es naturalista y docente jubilada. Fundadora de la Agrupaci\u00f3n de Escritores Olavarrienses.<\/strong><\/p>\n\n\n\n<p>Autora de Sierras de la Tinta (2022, Vuelta a Casa).<strong> Su primer libro con delaltillo fue Entre Sierras y Llanura, donde se explaya sobre el desarrollo industrial y comunitario de la localidad de Villa Cacique y Barker.<\/strong><\/p>\n\n\n\n<p><strong>Este nuevo libro editado por delaltillo se suma a los m\u00e1s de treinta t\u00edtulos que lleva publicados esta editorial independiente de Olavarr\u00eda.<\/strong> El cat\u00e1logo comprende los m\u00e1s diversos g\u00e9neros literarios y acad\u00e9micos y a autores de nuestra ciudad y de la regi\u00f3n.<\/p>\n\n\n\n<p>Para contactos con la editorial: <strong>delaltilloediciones@gmail.com.<\/strong><\/p>\n","protected":false},"excerpt":{"rendered":"<p>Este nuevo libro editado por delaltillo se suma a los m\u00e1s de treinta t\u00edtulos que lleva publicados esta editorial independiente<\/p>\n","protected":false},"author":2,"featured_media":121164,"comment_status":"closed","ping_status":"closed","sticky":false,"template":"","format":"standard","meta":{"_jetpack_memberships_contains_paid_content":false,"footnotes":""},"categories":[9,1],"tags":[],"class_list":["post-121162","post","type-post","status-publish","format-standard","has-post-thumbnail","hentry","category-cultura","category-portada"],"jetpack_featured_media_url":"https:\/\/i0.wp.com\/cdnoticias.com\/wp-content\/uploads\/2024\/07\/Patricia-Timo-Lanzamiento.png?fit=1080%2C658&ssl=1","jetpack_sharing_enabled":true,"_links":{"self":[{"href":"https:\/\/cdnoticias.com\/index.php\/wp-json\/wp\/v2\/posts\/121162","targetHints":{"allow":["GET"]}}],"collection":[{"href":"https:\/\/cdnoticias.com\/index.php\/wp-json\/wp\/v2\/posts"}],"about":[{"href":"https:\/\/cdnoticias.com\/index.php\/wp-json\/wp\/v2\/types\/post"}],"author":[{"embeddable":true,"href":"https:\/\/cdnoticias.com\/index.php\/wp-json\/wp\/v2\/users\/2"}],"replies":[{"embeddable":true,"href":"https:\/\/cdnoticias.com\/index.php\/wp-json\/wp\/v2\/comments?post=121162"}],"version-history":[{"count":0,"href":"https:\/\/cdnoticias.com\/index.php\/wp-json\/wp\/v2\/posts\/121162\/revisions"}],"wp:featuredmedia":[{"embeddable":true,"href":"https:\/\/cdnoticias.com\/index.php\/wp-json\/wp\/v2\/media\/121164"}],"wp:attachment":[{"href":"https:\/\/cdnoticias.com\/index.php\/wp-json\/wp\/v2\/media?parent=121162"}],"wp:term":[{"taxonomy":"category","embeddable":true,"href":"https:\/\/cdnoticias.com\/index.php\/wp-json\/wp\/v2\/categories?post=121162"},{"taxonomy":"post_tag","embeddable":true,"href":"https:\/\/cdnoticias.com\/index.php\/wp-json\/wp\/v2\/tags?post=121162"}],"curies":[{"name":"wp","href":"https:\/\/api.w.org\/{rel}","templated":true}]}}