{"id":121159,"date":"2024-07-22T08:59:29","date_gmt":"2024-07-22T11:59:29","guid":{"rendered":"https:\/\/cdnoticias.com\/?p=121159"},"modified":"2024-07-22T11:19:33","modified_gmt":"2024-07-22T14:19:33","slug":"olavarria-helada-a-las-8-fue-la-tercera-ciudad-mas-fria-del-pais","status":"publish","type":"post","link":"https:\/\/cdnoticias.com\/index.php\/2024\/07\/22\/olavarria-helada-a-las-8-fue-la-tercera-ciudad-mas-fria-del-pais\/","title":{"rendered":"Olavarr\u00eda helada: a las 8, fue la tercera ciudad m\u00e1s fr\u00eda del pa\u00eds"},"content":{"rendered":"\n<p>S\u00f3lo era superada por San Carlos de Bariloche y Chapelco. Marc\u00f3 -1.1\u00b0 y hubo varias heladas en la ciudad y las localidades. De todos modos, se espera una linda jornada.<\/p>\n\n\n\n<hr class=\"wp-block-separator aligncenter has-alpha-channel-opacity\"\/>\n\n\n\n<p>Si bien se espera una jornada agradable e incluso con temperaturas primaverales, <strong>el lunes olavarriense amaneci\u00f3 con mucho fr\u00edo e importantes heladas. Tanto, que a las 08:00 horas fue la tercera ciudad m\u00e1s fr\u00eda de todo el pa\u00eds.<\/strong><\/p>\n\n\n\n<p><strong>Marc\u00f3 \u2013sin contar la sensaci\u00f3n t\u00e9rmica- -1.1\u00b0 cent\u00edgrados y qued\u00f3 en el tercer lugar de la ciudad m\u00e1s fr\u00eda, detr\u00e1s de Bariloche (-3.3\u00b0C) y Chapelco (-1.4\u00b0C).<\/strong><\/p>\n\n\n\n<figure class=\"wp-block-image size-full\"><img data-recalc-dims=\"1\" loading=\"lazy\" decoding=\"async\" width=\"800\" height=\"254\" src=\"https:\/\/i0.wp.com\/cdnoticias.com\/wp-content\/uploads\/2024\/07\/Sin-titulo.jpg?resize=800%2C254&#038;ssl=1\" alt=\"\" class=\"wp-image-121160\" srcset=\"https:\/\/i0.wp.com\/cdnoticias.com\/wp-content\/uploads\/2024\/07\/Sin-titulo.jpg?w=1017&amp;ssl=1 1017w, https:\/\/i0.wp.com\/cdnoticias.com\/wp-content\/uploads\/2024\/07\/Sin-titulo.jpg?resize=300%2C95&amp;ssl=1 300w, https:\/\/i0.wp.com\/cdnoticias.com\/wp-content\/uploads\/2024\/07\/Sin-titulo.jpg?resize=768%2C244&amp;ssl=1 768w\" sizes=\"auto, (max-width: 800px) 100vw, 800px\" \/><\/figure>\n\n\n\n<p>En distintos sectores de Olavarr\u00eda \u2013sobre todo en espacios verdes y lugares abiertos en las afueras de la ciudad y las localidades-<strong> se vio todo blanco, en una t\u00edpica helada de invierno.<\/strong><\/p>\n\n\n\n<p>Lo positivo, es que m\u00e1s all\u00e1 del fr\u00edo, <strong>para la tarde del lunes se prev\u00e9 una agradable temperatura que alcanzar\u00e1 una m\u00e1xima de 16 grados<\/strong>, con cielo algo nublado y poco viento. Ideal para disfrutar de una nueva jornada de vacaciones de invierno. Claro, para los que pueden.<\/p>\n\n\n\n<figure class=\"wp-block-embed is-type-wp-embed is-provider-central-de-noticias-olavarr-a wp-block-embed-central-de-noticias-olavarr-a\"><div class=\"wp-block-embed__wrapper\">\n<blockquote class=\"wp-embedded-content\" data-secret=\"9RGnncaPBN\"><a href=\"https:\/\/cdnoticias.com\/index.php\/2024\/07\/21\/como-estara-el-tiempo-en-olavarria-para-este-lunes-22-de-julio\/\">C\u00f3mo estar\u00e1 el tiempo en Olavarr\u00eda para este lunes 22 de julio<\/a><\/blockquote><iframe loading=\"lazy\" class=\"wp-embedded-content\" sandbox=\"allow-scripts\" security=\"restricted\" style=\"position: absolute; clip: rect(1px, 1px, 1px, 1px);\" title=\"&#8220;C\u00f3mo estar\u00e1 el tiempo en Olavarr\u00eda para este lunes 22 de julio&#8221; &#8212; Central de Noticias | Olavarr\u00eda\" src=\"https:\/\/cdnoticias.com\/index.php\/2024\/07\/21\/como-estara-el-tiempo-en-olavarria-para-este-lunes-22-de-julio\/embed\/#?secret=FBQ6XmnfqQ#?secret=9RGnncaPBN\" data-secret=\"9RGnncaPBN\" width=\"600\" height=\"338\" frameborder=\"0\" marginwidth=\"0\" marginheight=\"0\" scrolling=\"no\"><\/iframe>\n<\/div><\/figure>\n","protected":false},"excerpt":{"rendered":"<p>S\u00f3lo era superada por San Carlos de Bariloche y Chapelco. Marc\u00f3 -1.1\u00b0 y hubo varias heladas en la ciudad y<\/p>\n","protected":false},"author":2,"featured_media":115135,"comment_status":"closed","ping_status":"closed","sticky":false,"template":"","format":"standard","meta":{"_jetpack_memberships_contains_paid_content":false,"footnotes":""},"categories":[5,1],"tags":[],"class_list":["post-121159","post","type-post","status-publish","format-standard","has-post-thumbnail","hentry","category-informacion-general","category-portada"],"jetpack_featured_media_url":"https:\/\/i0.wp.com\/cdnoticias.com\/wp-content\/uploads\/2024\/05\/frio-.png?fit=1000%2C457&ssl=1","jetpack_sharing_enabled":true,"_links":{"self":[{"href":"https:\/\/cdnoticias.com\/index.php\/wp-json\/wp\/v2\/posts\/121159","targetHints":{"allow":["GET"]}}],"collection":[{"href":"https:\/\/cdnoticias.com\/index.php\/wp-json\/wp\/v2\/posts"}],"about":[{"href":"https:\/\/cdnoticias.com\/index.php\/wp-json\/wp\/v2\/types\/post"}],"author":[{"embeddable":true,"href":"https:\/\/cdnoticias.com\/index.php\/wp-json\/wp\/v2\/users\/2"}],"replies":[{"embeddable":true,"href":"https:\/\/cdnoticias.com\/index.php\/wp-json\/wp\/v2\/comments?post=121159"}],"version-history":[{"count":0,"href":"https:\/\/cdnoticias.com\/index.php\/wp-json\/wp\/v2\/posts\/121159\/revisions"}],"wp:featuredmedia":[{"embeddable":true,"href":"https:\/\/cdnoticias.com\/index.php\/wp-json\/wp\/v2\/media\/115135"}],"wp:attachment":[{"href":"https:\/\/cdnoticias.com\/index.php\/wp-json\/wp\/v2\/media?parent=121159"}],"wp:term":[{"taxonomy":"category","embeddable":true,"href":"https:\/\/cdnoticias.com\/index.php\/wp-json\/wp\/v2\/categories?post=121159"},{"taxonomy":"post_tag","embeddable":true,"href":"https:\/\/cdnoticias.com\/index.php\/wp-json\/wp\/v2\/tags?post=121159"}],"curies":[{"name":"wp","href":"https:\/\/api.w.org\/{rel}","templated":true}]}}