{"id":121157,"date":"2024-07-22T08:29:22","date_gmt":"2024-07-22T11:29:22","guid":{"rendered":"https:\/\/cdnoticias.com\/?p=121157"},"modified":"2024-07-22T08:52:08","modified_gmt":"2024-07-22T11:52:08","slug":"vacaciones-de-invierno-en-olavarria-las-propuestas-para-este-lunes-2","status":"publish","type":"post","link":"https:\/\/cdnoticias.com\/index.php\/2024\/07\/22\/vacaciones-de-invierno-en-olavarria-las-propuestas-para-este-lunes-2\/","title":{"rendered":"Vacaciones de invierno en Olavarr\u00eda: las propuestas para este lunes"},"content":{"rendered":"<p>Taller de telar en el Museo de Colonia San Miguel. El detalle de lugares y horarios.<!--more--><\/p>\n<hr \/>\n<p>El <strong>Municipio de Olavarr\u00eda<\/strong> difundi\u00f3 el <a href=\"https:\/\/cdnoticias.com\/index.php\/2024\/07\/12\/conoce-todas-las-actividades-de-vacaciones-de-invierno-en-olavarria\/\" target=\"_blank\" rel=\"noopener\">cronograma de propuestas<\/a> para las <strong>vacaciones de invierno<\/strong> con <em>tem\u00e1ticas de ambiente, cultura, patrimonio, arte, historia, deporte, juegos y recreaci\u00f3n, ciencia y tecnolog\u00eda<\/em>.<\/p>\n<p>La intenci\u00f3n es<strong> descubrir y redescubrir los espacios culturales<\/strong> de nuestra ciudad y las localidades y, al mismo tiempo, <strong>explorar lo mejor de nuestra regi\u00f3n<\/strong>.<\/p>\n<h3>La agenda para este lunes:<\/h3>\n<p>14:00 horas. <strong>Museo Municipal de Colonia San Miguel \u201cMiguel Stoessel M\u00fcller\u201d<\/strong> (Av. San Miguel Arc\u00e1ngel s\/n (cruce con calle San Mart\u00edn). <strong>Taller de Telar<\/strong>.<\/p>\n<p>La agenda completa est\u00e1 <a href=\"https:\/\/www.olavarria.gov.ar\/wp-content\/uploads\/2024\/07\/Cronograma-Vacaciones-de-Invierno-Olavarria-Municipio.pdf\" target=\"_blank\" rel=\"noopener\">disponible en la web de la Municipalidad<\/a> y en las redes sociales <a href=\"https:\/\/www.instagram.com\/olavarriamunicipio\/?hl=es\" target=\"_blank\" rel=\"noopener\">@olavarriamunicipio<\/a> y <a href=\"https:\/\/www.instagram.com\/olavarria.va\/?hl=es\" target=\"_blank\" rel=\"noopener\">@olavarria.va<\/a>, con toda la informaci\u00f3n actualizada de eventos, horarios y sitios de inter\u00e9s.<\/p>\n","protected":false},"excerpt":{"rendered":"<p>Taller de telar en el Museo de Colonia San Miguel. El detalle de lugares y horarios.<\/p>\n","protected":false},"author":4,"featured_media":120574,"comment_status":"closed","ping_status":"closed","sticky":false,"template":"","format":"standard","meta":{"_jetpack_memberships_contains_paid_content":false,"footnotes":""},"categories":[9,1],"tags":[],"class_list":["post-121157","post","type-post","status-publish","format-standard","has-post-thumbnail","hentry","category-cultura","category-portada"],"jetpack_featured_media_url":"https:\/\/i0.wp.com\/cdnoticias.com\/wp-content\/uploads\/2024\/07\/olavarria-en-vacaciones-de-invierno.jpg?fit=800%2C445&ssl=1","jetpack_sharing_enabled":true,"_links":{"self":[{"href":"https:\/\/cdnoticias.com\/index.php\/wp-json\/wp\/v2\/posts\/121157","targetHints":{"allow":["GET"]}}],"collection":[{"href":"https:\/\/cdnoticias.com\/index.php\/wp-json\/wp\/v2\/posts"}],"about":[{"href":"https:\/\/cdnoticias.com\/index.php\/wp-json\/wp\/v2\/types\/post"}],"author":[{"embeddable":true,"href":"https:\/\/cdnoticias.com\/index.php\/wp-json\/wp\/v2\/users\/4"}],"replies":[{"embeddable":true,"href":"https:\/\/cdnoticias.com\/index.php\/wp-json\/wp\/v2\/comments?post=121157"}],"version-history":[{"count":0,"href":"https:\/\/cdnoticias.com\/index.php\/wp-json\/wp\/v2\/posts\/121157\/revisions"}],"wp:featuredmedia":[{"embeddable":true,"href":"https:\/\/cdnoticias.com\/index.php\/wp-json\/wp\/v2\/media\/120574"}],"wp:attachment":[{"href":"https:\/\/cdnoticias.com\/index.php\/wp-json\/wp\/v2\/media?parent=121157"}],"wp:term":[{"taxonomy":"category","embeddable":true,"href":"https:\/\/cdnoticias.com\/index.php\/wp-json\/wp\/v2\/categories?post=121157"},{"taxonomy":"post_tag","embeddable":true,"href":"https:\/\/cdnoticias.com\/index.php\/wp-json\/wp\/v2\/tags?post=121157"}],"curies":[{"name":"wp","href":"https:\/\/api.w.org\/{rel}","templated":true}]}}