{"id":121134,"date":"2024-07-21T20:19:26","date_gmt":"2024-07-21T23:19:26","guid":{"rendered":"https:\/\/cdnoticias.com\/?p=121134"},"modified":"2024-07-22T08:59:56","modified_gmt":"2024-07-22T11:59:56","slug":"la-privatizacion-del-transporte-en-argentina","status":"publish","type":"post","link":"https:\/\/cdnoticias.com\/index.php\/2024\/07\/21\/la-privatizacion-del-transporte-en-argentina\/","title":{"rendered":"La privatizaci\u00f3n del transporte en Argentina"},"content":{"rendered":"\n<p>No s\u00f3lo la venta de los trenes o las malas gestiones de los privados: \u00bfqu\u00e9 pas\u00f3 con el parque automotor a nivel nacional, provincial y en Olavarr\u00eda? En 9 a\u00f1os, <strong>el parque vehicular casi se triplic\u00f3 en la ciudad<\/strong>.<\/p>\n\n\n\n<hr class=\"wp-block-separator aligncenter has-alpha-channel-opacity\"\/>\n\n\n\n<p><strong>Por Marcos Pascua | Especial para Central de Noticias<\/strong><\/p>\n\n\n\n<p>En los \u00faltimos diez a\u00f1os se ha dado un fen\u00f3meno en nuestro pa\u00eds de <strong>\u201cprivatizaci\u00f3n del transporte\u201d<\/strong>. El parque automotor <strong>ha crecido por encima de lo que crece la poblaci\u00f3n y esto nos deja en la cima de autos por cada 1000 habitantes en la regi\u00f3n<\/strong>.<\/p>\n\n\n\n<p>Parece que no solo ganamos la Copa Am\u00e9rica en f\u00fatbol.<\/p>\n\n\n\n<p>Hace unos meses hablamos del costo del transporte p\u00fablico en Olavarr\u00eda, columna que pod\u00e9s encontrar <a href=\"https:\/\/cdnoticias.com\/index.php\/2024\/06\/02\/cuanto-cuesta-viajar-en-bondi-en-olavarria\/#google_vignette\">ac\u00e1<\/a>. En esa nota adelantamos algo que profundizamos en esta oportunidad y es que cada vez hay m\u00e1s autos en Argentina (y, \u00bfmenos estaciones de servicio?). \u00bfY en Olavarr\u00eda hay cada vez m\u00e1s autos? \u00bfQu\u00e9 pens\u00e1s?<\/p>\n\n\n\n<p>Pero empecemos por el principio.<\/p>\n\n\n\n<h2 class=\"wp-block-heading\">Cantidad de autom\u00f3viles en el mundo<\/h2>\n\n\n\n<p>Si contamos todos los autos, camiones y vans que hay en el mundo, el n\u00famero llega aproximadamente a las <strong>1.500.000.000 unidades<\/strong> en un mundo de aproximadamente <strong>8.000.000.000 de personas que habitan en este mundo<\/strong>. Si tomamos estos n\u00fameros aproximados, podemos decir que en el mundo hay alrededor de <strong>un auto cada cinco personas<\/strong>.<\/p>\n\n\n\n<p>\u00bfVamos hasta ac\u00e1?<\/p>\n\n\n\n<p class=\"has-large-font-size\">Autom\u00f3viles por regi\u00f3n<\/p>\n\n\n\n<p>Luego de esta introducci\u00f3n, por supuesto que <strong>no en todos los pa\u00edses la relaci\u00f3n es la misma<\/strong> y por supuesto que esto se traduce en las diferentes regiones del mundo. A su vez, como no todos los pa\u00edses tienen la misma cantidad de habitantes, se estableci\u00f3 un par\u00e1metro homog\u00e9neo para poder comparar la cantidad de autos entre las diferentes regiones y los diferentes pa\u00edses. Ese par\u00e1metro es el \u00edndice de veh\u00edculos cada 1000 habitantes y a continuaci\u00f3n se puede ver como var\u00eda ese par\u00e1metro teniendo en cuenta las siguientes regiones:<\/p>\n\n\n\n<ul class=\"wp-block-list\">\n<li>Am\u00e9rica del norte;<\/li>\n\n\n\n<li>Europa;<\/li>\n\n\n\n<li>Am\u00e9rica del Sur;<\/li>\n\n\n\n<li>Oriente Medio;<\/li>\n\n\n\n<li>Asia;<\/li>\n\n\n\n<li>\u00c1frica;<\/li>\n\n\n\n<li>Ant\u00e1rtida.<\/li>\n<\/ul>\n\n\n\n<figure class=\"wp-block-image size-full\"><img data-recalc-dims=\"1\" loading=\"lazy\" decoding=\"async\" width=\"505\" height=\"452\" src=\"https:\/\/i0.wp.com\/cdnoticias.com\/wp-content\/uploads\/2024\/07\/tabla1.jpg?resize=505%2C452&#038;ssl=1\" alt=\"\" class=\"wp-image-121135\" srcset=\"https:\/\/i0.wp.com\/cdnoticias.com\/wp-content\/uploads\/2024\/07\/tabla1.jpg?w=505&amp;ssl=1 505w, https:\/\/i0.wp.com\/cdnoticias.com\/wp-content\/uploads\/2024\/07\/tabla1.jpg?resize=300%2C269&amp;ssl=1 300w\" sizes=\"auto, (max-width: 505px) 100vw, 505px\" \/><\/figure>\n\n\n\n<p>Tabla 1: Autos cada 1000 habitantes por regi\u00f3n<\/p>\n\n\n\n<figure class=\"wp-block-image size-large\"><img data-recalc-dims=\"1\" loading=\"lazy\" decoding=\"async\" width=\"800\" height=\"463\" src=\"https:\/\/i0.wp.com\/cdnoticias.com\/wp-content\/uploads\/2024\/07\/IMAGEN-1-2.png?resize=800%2C463&#038;ssl=1\" alt=\"\" class=\"wp-image-121136\" srcset=\"https:\/\/i0.wp.com\/cdnoticias.com\/wp-content\/uploads\/2024\/07\/IMAGEN-1-2.png?resize=1024%2C593&amp;ssl=1 1024w, https:\/\/i0.wp.com\/cdnoticias.com\/wp-content\/uploads\/2024\/07\/IMAGEN-1-2.png?resize=300%2C174&amp;ssl=1 300w, https:\/\/i0.wp.com\/cdnoticias.com\/wp-content\/uploads\/2024\/07\/IMAGEN-1-2.png?resize=768%2C444&amp;ssl=1 768w, https:\/\/i0.wp.com\/cdnoticias.com\/wp-content\/uploads\/2024\/07\/IMAGEN-1-2.png?resize=1536%2C889&amp;ssl=1 1536w, https:\/\/i0.wp.com\/cdnoticias.com\/wp-content\/uploads\/2024\/07\/IMAGEN-1-2.png?w=1716&amp;ssl=1 1716w, https:\/\/i0.wp.com\/cdnoticias.com\/wp-content\/uploads\/2024\/07\/IMAGEN-1-2.png?w=1600&amp;ssl=1 1600w\" sizes=\"auto, (max-width: 800px) 100vw, 800px\" \/><\/figure>\n\n\n\n<p>Ahora, si empezamos a discriminar este par\u00e1metro por pa\u00edses, nos encontramos con <strong>San Marino, M\u00f3naco y Estados Unidos como los pa\u00edses o ciudades estado con mayor cantidad de autos<\/strong>. Pero si seguimos analizando lo que sucede con nuestro <strong>\u00edndice de autos cada 1000 habitantes<\/strong> nos encontramos con la siguiente distribuci\u00f3n:<\/p>\n\n\n\n<figure class=\"wp-block-image size-full\"><img data-recalc-dims=\"1\" loading=\"lazy\" decoding=\"async\" width=\"644\" height=\"743\" src=\"https:\/\/i0.wp.com\/cdnoticias.com\/wp-content\/uploads\/2024\/07\/tabla2.jpg?resize=644%2C743&#038;ssl=1\" alt=\"\" class=\"wp-image-121137\" srcset=\"https:\/\/i0.wp.com\/cdnoticias.com\/wp-content\/uploads\/2024\/07\/tabla2.jpg?w=644&amp;ssl=1 644w, https:\/\/i0.wp.com\/cdnoticias.com\/wp-content\/uploads\/2024\/07\/tabla2.jpg?resize=260%2C300&amp;ssl=1 260w\" sizes=\"auto, (max-width: 644px) 100vw, 644px\" \/><\/figure>\n\n\n\n<p>Tabla 2: Autos cada 1000 habitantes por pa\u00eds<\/p>\n\n\n\n<p>Si analizamos los extremos, tenemos en el podio a <strong>Estados Unidos con un total de 860 veh\u00edculos cada .000 habitantes<\/strong>, mientras que en el otro extremo (de los pa\u00edses analizados) aparece <strong>Sud\u00e1frica con 176 veh\u00edculos cada 1000 habitantes<\/strong>. Si te gustan los mapitas interactivos, <a href=\"https:\/\/datosmacro.expansion.com\/negocios\/vehiculos-en-uso\">ac\u00e1<\/a> te dejo uno del 2020 para que te diviertas un rato mirando cuantos autom\u00f3viles hay por pa\u00eds.<\/p>\n\n\n\n<figure class=\"wp-block-image size-large\"><img data-recalc-dims=\"1\" loading=\"lazy\" decoding=\"async\" width=\"800\" height=\"409\" src=\"https:\/\/i0.wp.com\/cdnoticias.com\/wp-content\/uploads\/2024\/07\/IMAGEN-2-2.png?resize=800%2C409&#038;ssl=1\" alt=\"\" class=\"wp-image-121138\" srcset=\"https:\/\/i0.wp.com\/cdnoticias.com\/wp-content\/uploads\/2024\/07\/IMAGEN-2-2.png?resize=1024%2C523&amp;ssl=1 1024w, https:\/\/i0.wp.com\/cdnoticias.com\/wp-content\/uploads\/2024\/07\/IMAGEN-2-2.png?resize=300%2C153&amp;ssl=1 300w, https:\/\/i0.wp.com\/cdnoticias.com\/wp-content\/uploads\/2024\/07\/IMAGEN-2-2.png?resize=768%2C392&amp;ssl=1 768w, https:\/\/i0.wp.com\/cdnoticias.com\/wp-content\/uploads\/2024\/07\/IMAGEN-2-2.png?resize=1536%2C785&amp;ssl=1 1536w, https:\/\/i0.wp.com\/cdnoticias.com\/wp-content\/uploads\/2024\/07\/IMAGEN-2-2.png?resize=2048%2C1046&amp;ssl=1 2048w, https:\/\/i0.wp.com\/cdnoticias.com\/wp-content\/uploads\/2024\/07\/IMAGEN-2-2.png?w=1600&amp;ssl=1 1600w, https:\/\/i0.wp.com\/cdnoticias.com\/wp-content\/uploads\/2024\/07\/IMAGEN-2-2.png?w=2400&amp;ssl=1 2400w\" sizes=\"auto, (max-width: 800px) 100vw, 800px\" \/><\/figure>\n\n\n\n<p>Bueno, si todav\u00eda no te aburriste gr\u00e1ficos y n\u00fameros, te cuento que lo que estoy haciendo es ir desglosado de lo m\u00e1s grande a lo m\u00e1s peque\u00f1o, con la idea de llegar a analizar qu\u00e9 est\u00e1 pasando en Olavarr\u00eda y cu\u00e1l es la tendencia.<\/p>\n\n\n\n<p class=\"has-large-font-size\">Am\u00e9rica del Sur<\/p>\n\n\n\n<p>Como seguramente ya notaste, en nuestro continente, la cantidad de veh\u00edculos cada 1000 personas es de <strong>210<\/strong>, muy por debajo de lo que sucede en el Am\u00e9rica del norte y por encima de otras regiones, podr\u00edamos decir que estamos pr\u00e1cticamente en el medio.<\/p>\n\n\n\n<p>Dentro de la regi\u00f3n tenemos diferentes casos, desde <strong>Per\u00fa con 88 veh\u00edculos cada 1000 habitantes<\/strong> hasta <strong>Argentina con 386 autom\u00f3viles cada 1000 habitantes<\/strong>. En el medio aparecen Colombia con 111, Venezuela con 149, Ecuador con 152, Brasil con 214, Chile con 246 y Uruguay con 277. En este campeonato, tambi\u00e9n ganamos la copa Am\u00e9rica.<\/p>\n\n\n\n<p>Si ampliamos el an\u00e1lisis hasta Am\u00e9rica del Norte, en un hipot\u00e9tico cruce, <strong>solo perder\u00edamos con Canad\u00e1 y Estados Unidos.<\/strong><\/p>\n\n\n\n<figure class=\"wp-block-image size-large\"><img data-recalc-dims=\"1\" loading=\"lazy\" decoding=\"async\" width=\"800\" height=\"480\" src=\"https:\/\/i0.wp.com\/cdnoticias.com\/wp-content\/uploads\/2024\/07\/IMAGEN-3-2.png?resize=800%2C480&#038;ssl=1\" alt=\"\" class=\"wp-image-121139\" srcset=\"https:\/\/i0.wp.com\/cdnoticias.com\/wp-content\/uploads\/2024\/07\/IMAGEN-3-2.png?resize=1024%2C615&amp;ssl=1 1024w, https:\/\/i0.wp.com\/cdnoticias.com\/wp-content\/uploads\/2024\/07\/IMAGEN-3-2.png?resize=300%2C180&amp;ssl=1 300w, https:\/\/i0.wp.com\/cdnoticias.com\/wp-content\/uploads\/2024\/07\/IMAGEN-3-2.png?resize=768%2C461&amp;ssl=1 768w, https:\/\/i0.wp.com\/cdnoticias.com\/wp-content\/uploads\/2024\/07\/IMAGEN-3-2.png?resize=1536%2C923&amp;ssl=1 1536w, https:\/\/i0.wp.com\/cdnoticias.com\/wp-content\/uploads\/2024\/07\/IMAGEN-3-2.png?w=1653&amp;ssl=1 1653w, https:\/\/i0.wp.com\/cdnoticias.com\/wp-content\/uploads\/2024\/07\/IMAGEN-3-2.png?w=1600&amp;ssl=1 1600w\" sizes=\"auto, (max-width: 800px) 100vw, 800px\" \/><\/figure>\n\n\n\n<p class=\"has-large-font-size\">Los autom\u00f3viles en Argentina<\/p>\n\n\n\n<p>Todos los datos mencionados relacionados a nuestro pa\u00eds, fueron obtenidos de la <strong>Direcci\u00f3n Nacional de Registro de Propiedad del Automotor<\/strong>. Ahora, antes de meternos en el an\u00e1lisis, veamos como fue variando el parque automotor (en condiciones registrales para circular) en nuestro pa\u00eds a lo largo de los a\u00f1os.<\/p>\n\n\n\n<figure class=\"wp-block-image size-large\"><img data-recalc-dims=\"1\" loading=\"lazy\" decoding=\"async\" width=\"800\" height=\"484\" src=\"https:\/\/i0.wp.com\/cdnoticias.com\/wp-content\/uploads\/2024\/07\/IMAGEN-4-2-1.png?resize=800%2C484&#038;ssl=1\" alt=\"\" class=\"wp-image-121140\" srcset=\"https:\/\/i0.wp.com\/cdnoticias.com\/wp-content\/uploads\/2024\/07\/IMAGEN-4-2-1.png?resize=1024%2C619&amp;ssl=1 1024w, https:\/\/i0.wp.com\/cdnoticias.com\/wp-content\/uploads\/2024\/07\/IMAGEN-4-2-1.png?resize=300%2C181&amp;ssl=1 300w, https:\/\/i0.wp.com\/cdnoticias.com\/wp-content\/uploads\/2024\/07\/IMAGEN-4-2-1.png?resize=768%2C464&amp;ssl=1 768w, https:\/\/i0.wp.com\/cdnoticias.com\/wp-content\/uploads\/2024\/07\/IMAGEN-4-2-1.png?resize=1536%2C929&amp;ssl=1 1536w, https:\/\/i0.wp.com\/cdnoticias.com\/wp-content\/uploads\/2024\/07\/IMAGEN-4-2-1.png?w=1652&amp;ssl=1 1652w, https:\/\/i0.wp.com\/cdnoticias.com\/wp-content\/uploads\/2024\/07\/IMAGEN-4-2-1.png?w=1600&amp;ssl=1 1600w\" sizes=\"auto, (max-width: 800px) 100vw, 800px\" \/><\/figure>\n\n\n\n<p>Si analizamos los datos obtenidos entre los a\u00f1os 2010 a 2023, podemos ver que <strong>la tendencia en la mayor\u00eda de este per\u00edodo es creciente<\/strong>. Aparecen algunos a\u00f1os como 2011, 2012, 2013 y 2018 donde la tendencia de crecimiento cambi\u00f3. En 2011 se produjo un decrecimiento que se prolong\u00f3 hasta el a\u00f1o 2012, luego comenz\u00f3 el crecimiento con una tendencia menor que la que ven\u00eda trayendo hasta el a\u00f1o 2010. En 2013 hay otro punto de inflexi\u00f3n, donde el parque automotor sigue creciendo, aunque a menor ritmo y as\u00ed sucede hasta 2018 donde la tasa de crecimiento vuelve a disminuir, aunque sin afectar el crecimiento del parque automotor.<\/p>\n\n\n\n<p>Lo m\u00e1s relevante de todo esto que <strong>entre el per\u00edodo 2010-2022<\/strong> (a\u00f1os censales) <strong>el parque automotor creci\u00f3 en promedio en un 73%<\/strong>, mientras que <strong>la poblaci\u00f3n en ese mismo per\u00edodo creci\u00f3 en un 14%. <\/strong>Esto nos da una idea de que la cantidad de autos por cantidad de habitantes aument\u00f3, veamos como se dio esa tendencia.<\/p>\n\n\n\n<figure class=\"wp-block-image size-large\"><img data-recalc-dims=\"1\" loading=\"lazy\" decoding=\"async\" width=\"800\" height=\"532\" src=\"https:\/\/i0.wp.com\/cdnoticias.com\/wp-content\/uploads\/2024\/07\/IMAGEN-5-1.png?resize=800%2C532&#038;ssl=1\" alt=\"\" class=\"wp-image-121141\" srcset=\"https:\/\/i0.wp.com\/cdnoticias.com\/wp-content\/uploads\/2024\/07\/IMAGEN-5-1.png?resize=1024%2C681&amp;ssl=1 1024w, https:\/\/i0.wp.com\/cdnoticias.com\/wp-content\/uploads\/2024\/07\/IMAGEN-5-1.png?resize=300%2C199&amp;ssl=1 300w, https:\/\/i0.wp.com\/cdnoticias.com\/wp-content\/uploads\/2024\/07\/IMAGEN-5-1.png?resize=768%2C510&amp;ssl=1 768w, https:\/\/i0.wp.com\/cdnoticias.com\/wp-content\/uploads\/2024\/07\/IMAGEN-5-1.png?resize=1536%2C1021&amp;ssl=1 1536w, https:\/\/i0.wp.com\/cdnoticias.com\/wp-content\/uploads\/2024\/07\/IMAGEN-5-1.png?resize=272%2C182&amp;ssl=1 272w, https:\/\/i0.wp.com\/cdnoticias.com\/wp-content\/uploads\/2024\/07\/IMAGEN-5-1.png?w=1688&amp;ssl=1 1688w, https:\/\/i0.wp.com\/cdnoticias.com\/wp-content\/uploads\/2024\/07\/IMAGEN-5-1.png?w=1600&amp;ssl=1 1600w\" sizes=\"auto, (max-width: 800px) 100vw, 800px\" \/><\/figure>\n\n\n\n<p>L\u00f3gicamente, si la cantidad de autom\u00f3viles aumentaron en una proporci\u00f3n mucho mayor que la poblaci\u00f3n es porque <strong>hay cada vez m\u00e1s autom\u00f3viles por persona<\/strong> y por ende cada 1000 habitantes. Para tomar dimensi\u00f3n de este crecimiento, <strong>en Argentina pasamos de tener 1 autom\u00f3vil cada 4 habitantes en 2010 a contar con 1 autom\u00f3vil cada 2,6 habitantes en 2023. <\/strong>Si analizamos lo que sucede con nuestro \u00edndice vemos como vamos de <strong>250 autom\u00f3viles cada 1000 habitantes a 387.<\/strong><\/p>\n\n\n\n<p>Hay una tendencia de crecimiento del parque automotor y es preocupante.<\/p>\n\n\n\n<p class=\"has-large-font-size\">El crecimiento es federal<\/p>\n\n\n\n<p>Esto que se refleja en los n\u00fameros en t\u00e9rminos nacionales se compone de lo que sucede en las provincias y en todas, absolutamente en todas las provincias y jurisdicciones de nuestro pa\u00eds, <strong>aument\u00f3 el parque automotor<\/strong>.<\/p>\n\n\n\n<figure class=\"wp-block-image size-large\"><img data-recalc-dims=\"1\" loading=\"lazy\" decoding=\"async\" width=\"800\" height=\"441\" src=\"https:\/\/i0.wp.com\/cdnoticias.com\/wp-content\/uploads\/2024\/07\/IMAGEN-6-2.png?resize=800%2C441&#038;ssl=1\" alt=\"\" class=\"wp-image-121142\" srcset=\"https:\/\/i0.wp.com\/cdnoticias.com\/wp-content\/uploads\/2024\/07\/IMAGEN-6-2.png?resize=1024%2C564&amp;ssl=1 1024w, https:\/\/i0.wp.com\/cdnoticias.com\/wp-content\/uploads\/2024\/07\/IMAGEN-6-2.png?resize=300%2C165&amp;ssl=1 300w, https:\/\/i0.wp.com\/cdnoticias.com\/wp-content\/uploads\/2024\/07\/IMAGEN-6-2.png?resize=768%2C423&amp;ssl=1 768w, https:\/\/i0.wp.com\/cdnoticias.com\/wp-content\/uploads\/2024\/07\/IMAGEN-6-2.png?resize=1536%2C845&amp;ssl=1 1536w, https:\/\/i0.wp.com\/cdnoticias.com\/wp-content\/uploads\/2024\/07\/IMAGEN-6-2.png?resize=2048%2C1127&amp;ssl=1 2048w, https:\/\/i0.wp.com\/cdnoticias.com\/wp-content\/uploads\/2024\/07\/IMAGEN-6-2.png?w=1600&amp;ssl=1 1600w\" sizes=\"auto, (max-width: 800px) 100vw, 800px\" \/><\/figure>\n\n\n\n<p>Traslademos este an\u00e1lisis a lo que sucedi\u00f3 en las diferentes regiones de nuestro pa\u00eds:<\/p>\n\n\n\n<ul class=\"wp-block-list\">\n<li>En la zona <strong>Centro<\/strong> (Bs. As., CABA, Cba., Sta. Fe, La Pampa y Entre R\u00edos) la <strong>poblaci\u00f3n<\/strong> se increment\u00f3 <strong>entre 2010 y 2022<\/strong> en un <strong>12,67%<\/strong>, mientras que el <strong>parque automotor<\/strong> creci\u00f3 en un <strong>66%<\/strong>.<\/li>\n\n\n\n<li>En el <strong>NEA <\/strong>(Jujuy, Salta, Sgo. Del Estero, Tucum\u00e1n, La Rioja y Catamarca) la poblaci\u00f3n se increment\u00f3 <strong>entre 2010 y 2022<\/strong> en un <strong>14,97%<\/strong>, mientras que el <strong>parque automotor<\/strong> aument\u00f3 en un <strong>113,23%<\/strong>.<\/li>\n\n\n\n<li>En el <strong>NOA<\/strong> (Misiones, Corriente, Formosa y Chaco), la <strong>poblaci\u00f3n<\/strong> se increment\u00f3 <strong>entre 2010 y 2022<\/strong> en un <strong>18,67%<\/strong>, mientras que el <strong>parque automotor<\/strong> aument\u00f3 en un <strong>118,56%<\/strong>.<\/li>\n\n\n\n<li>En <strong>Cuyo<\/strong> (Mendoza, San Juan y San Luis), la <strong>poblaci\u00f3n<\/strong> se increment\u00f3 <strong>entre 2010 y 2022<\/strong> en un <strong>21,24%<\/strong>, mientras que el <strong>parque automotor<\/strong> aument\u00f3 en un <strong>89,37%<\/strong>.<\/li>\n\n\n\n<li>En la <strong>Patagonia<\/strong> (Neuqu\u00e9n, R\u00edo Negro, Chubut, Santa Cruz y Tierra del Fuego), la <strong>poblaci\u00f3n<\/strong> se increment\u00f3 <strong>entre 2010 y 2022<\/strong> en un <strong>26,40%<\/strong>, mientras que el <strong>parque automotor<\/strong> aument\u00f3 en un <strong>89,25%<\/strong>.<\/li>\n<\/ul>\n\n\n\n<figure class=\"wp-block-image size-large\"><img data-recalc-dims=\"1\" loading=\"lazy\" decoding=\"async\" width=\"800\" height=\"597\" src=\"https:\/\/i0.wp.com\/cdnoticias.com\/wp-content\/uploads\/2024\/07\/IMAGEN-7-3.png?resize=800%2C597&#038;ssl=1\" alt=\"\" class=\"wp-image-121143\" srcset=\"https:\/\/i0.wp.com\/cdnoticias.com\/wp-content\/uploads\/2024\/07\/IMAGEN-7-3.png?resize=1024%2C764&amp;ssl=1 1024w, https:\/\/i0.wp.com\/cdnoticias.com\/wp-content\/uploads\/2024\/07\/IMAGEN-7-3.png?resize=300%2C224&amp;ssl=1 300w, https:\/\/i0.wp.com\/cdnoticias.com\/wp-content\/uploads\/2024\/07\/IMAGEN-7-3.png?resize=768%2C573&amp;ssl=1 768w, https:\/\/i0.wp.com\/cdnoticias.com\/wp-content\/uploads\/2024\/07\/IMAGEN-7-3.png?resize=1536%2C1147&amp;ssl=1 1536w, https:\/\/i0.wp.com\/cdnoticias.com\/wp-content\/uploads\/2024\/07\/IMAGEN-7-3.png?w=2027&amp;ssl=1 2027w, https:\/\/i0.wp.com\/cdnoticias.com\/wp-content\/uploads\/2024\/07\/IMAGEN-7-3.png?w=1600&amp;ssl=1 1600w\" sizes=\"auto, (max-width: 800px) 100vw, 800px\" \/><\/figure>\n\n\n\n<figure class=\"wp-block-image size-full\"><img data-recalc-dims=\"1\" loading=\"lazy\" decoding=\"async\" width=\"311\" height=\"540\" src=\"https:\/\/i0.wp.com\/cdnoticias.com\/wp-content\/uploads\/2024\/07\/IMAGEN-8-1.png?resize=311%2C540&#038;ssl=1\" alt=\"\" class=\"wp-image-121144\" srcset=\"https:\/\/i0.wp.com\/cdnoticias.com\/wp-content\/uploads\/2024\/07\/IMAGEN-8-1.png?w=311&amp;ssl=1 311w, https:\/\/i0.wp.com\/cdnoticias.com\/wp-content\/uploads\/2024\/07\/IMAGEN-8-1.png?resize=173%2C300&amp;ssl=1 173w\" sizes=\"auto, (max-width: 311px) 100vw, 311px\" \/><\/figure>\n\n\n\n<p class=\"has-large-font-size\">La distribuci\u00f3n por zonas<\/p>\n\n\n\n<p>Si bien el parque automotor aument\u00f3 en forma dispar, para completar el an\u00e1lisis tenemos que analizar como est\u00e1 distribuido el parque automotor en el pa\u00eds.<\/p>\n\n\n\n<p>La mayor parte se ubica en la zona <strong>Centro<\/strong>, donde se encuentra <strong>el 70% del parque automotor<\/strong> del pa\u00eds. El resto se distribuye en el <strong>NOA (8,14%)<\/strong>, la <strong>Patagonia (7,88%)<\/strong>, <strong>Cuyo (7,82%)<\/strong> y el <strong>NEA (6,11%)<\/strong>.<\/p>\n\n\n\n<figure class=\"wp-block-image size-large\"><img data-recalc-dims=\"1\" loading=\"lazy\" decoding=\"async\" width=\"800\" height=\"481\" src=\"https:\/\/i0.wp.com\/cdnoticias.com\/wp-content\/uploads\/2024\/07\/IMAGEN-9-2.png?resize=800%2C481&#038;ssl=1\" alt=\"\" class=\"wp-image-121145\" srcset=\"https:\/\/i0.wp.com\/cdnoticias.com\/wp-content\/uploads\/2024\/07\/IMAGEN-9-2.png?resize=1024%2C616&amp;ssl=1 1024w, https:\/\/i0.wp.com\/cdnoticias.com\/wp-content\/uploads\/2024\/07\/IMAGEN-9-2.png?resize=300%2C180&amp;ssl=1 300w, https:\/\/i0.wp.com\/cdnoticias.com\/wp-content\/uploads\/2024\/07\/IMAGEN-9-2.png?resize=768%2C462&amp;ssl=1 768w, https:\/\/i0.wp.com\/cdnoticias.com\/wp-content\/uploads\/2024\/07\/IMAGEN-9-2.png?resize=1536%2C923&amp;ssl=1 1536w, https:\/\/i0.wp.com\/cdnoticias.com\/wp-content\/uploads\/2024\/07\/IMAGEN-9-2.png?w=1652&amp;ssl=1 1652w, https:\/\/i0.wp.com\/cdnoticias.com\/wp-content\/uploads\/2024\/07\/IMAGEN-9-2.png?w=1600&amp;ssl=1 1600w\" sizes=\"auto, (max-width: 800px) 100vw, 800px\" \/><\/figure>\n\n\n\n<p>Las que m\u00e1s y menos crecieron<\/p>\n\n\n\n<ul class=\"wp-block-list\">\n<li>La provincia de <strong>La Pampa<\/strong> encabeza el ranking del crecimiento del <strong>parque automotor<\/strong> en la zona <strong>centro<\/strong>, donde su planta creci\u00f3 en un <strong>83%<\/strong>, mientras su <strong>poblaci\u00f3n <\/strong>creci\u00f3 en un <strong>13,65%<\/strong>. En la misma zona donde <strong>menos creci\u00f3 el parque automotor<\/strong> fue en <strong>CABA<\/strong> con un <strong>38%<\/strong>.<\/li>\n\n\n\n<li>La provincia de <strong>Formosa<\/strong> encabeza el ranking del crecimiento del <strong>parque automotor<\/strong> en la zona del<strong> NOA<\/strong>, donde su planta creci\u00f3 en un <strong>128%<\/strong>, mientras su <strong>poblaci\u00f3n <\/strong>creci\u00f3 en un <strong>14,57%<\/strong>. En la misma zona donde <strong>menos creci\u00f3 el parque automotor<\/strong> fue en <strong>Misiones<\/strong> con un <strong>104%<\/strong>.<\/li>\n\n\n\n<li>La provincia de <strong>Santiago del Estero<\/strong> encabeza el ranking del crecimiento del <strong>parque automotor<\/strong> en la zona del<strong> NEA<\/strong>, donde su planta creci\u00f3 en un <strong>138%<\/strong>, mientras su <strong>poblaci\u00f3n <\/strong>creci\u00f3 en un <strong>14,57%<\/strong>. En la misma zona donde <strong>menos creci\u00f3 el parque automotor<\/strong> fue en <strong>Jujuy<\/strong> con un <strong>111%<\/strong>.<\/li>\n\n\n\n<li>La provincia de <strong>San Luis<\/strong> encabeza el ranking del crecimiento del <strong>parque automotor<\/strong> en la zona del<strong> Cuyo<\/strong>, donde su planta creci\u00f3 en un <strong>118%<\/strong>, mientras su <strong>poblaci\u00f3n <\/strong>creci\u00f3 en un <strong>25,39%<\/strong>. En la misma zona donde <strong>menos creci\u00f3 el parque automotor<\/strong> fue en <strong>Mendoza <\/strong>con un <strong>68%<\/strong>.<\/li>\n\n\n\n<li>La provincia de <strong>R\u00edo Negro<\/strong> encabeza el ranking del crecimiento del <strong>parque automotor<\/strong> en la zona del<strong> Patagonia<\/strong>, donde su planta creci\u00f3 en un <strong>107%<\/strong>, mientras su <strong>poblaci\u00f3n <\/strong>creci\u00f3 en un <strong>17,56%<\/strong>. En la misma zona donde <strong>menos creci\u00f3 el parque automotor<\/strong> fue en <strong>Chubut<\/strong> con un <strong>79%<\/strong>.<\/li>\n<\/ul>\n\n\n\n<p class=\"has-large-font-size\">\u00bfCu\u00e1ntos autos hay cada 1000 habitantes?<\/p>\n\n\n\n<p>Volvemos a nuestro \u00edndice, el \u00edndice de autom\u00f3viles cada 1000 habitantes, donde se puede analizar la cantidad de autos que hay en cada provincia de manera homog\u00e9nea.<\/p>\n\n\n\n<figure class=\"wp-block-image size-large\"><img data-recalc-dims=\"1\" loading=\"lazy\" decoding=\"async\" width=\"800\" height=\"481\" src=\"https:\/\/i0.wp.com\/cdnoticias.com\/wp-content\/uploads\/2024\/07\/IMAGEN-10.png?resize=800%2C481&#038;ssl=1\" alt=\"\" class=\"wp-image-121146\" srcset=\"https:\/\/i0.wp.com\/cdnoticias.com\/wp-content\/uploads\/2024\/07\/IMAGEN-10.png?resize=1024%2C616&amp;ssl=1 1024w, https:\/\/i0.wp.com\/cdnoticias.com\/wp-content\/uploads\/2024\/07\/IMAGEN-10.png?resize=300%2C180&amp;ssl=1 300w, https:\/\/i0.wp.com\/cdnoticias.com\/wp-content\/uploads\/2024\/07\/IMAGEN-10.png?resize=768%2C462&amp;ssl=1 768w, https:\/\/i0.wp.com\/cdnoticias.com\/wp-content\/uploads\/2024\/07\/IMAGEN-10.png?resize=1536%2C923&amp;ssl=1 1536w, https:\/\/i0.wp.com\/cdnoticias.com\/wp-content\/uploads\/2024\/07\/IMAGEN-10.png?w=1652&amp;ssl=1 1652w, https:\/\/i0.wp.com\/cdnoticias.com\/wp-content\/uploads\/2024\/07\/IMAGEN-10.png?w=1600&amp;ssl=1 1600w\" sizes=\"auto, (max-width: 800px) 100vw, 800px\" \/><\/figure>\n\n\n\n<p>La Patagonia es la regi\u00f3n con m\u00e1s cantidad de autom\u00f3viles cada 1000 habitantes. <strong>Santa Cruz lidera el ranking con 591 autom\u00f3viles cada 1000 habitantes<\/strong>, seguida por <strong>Chubut<\/strong> con <strong>577<\/strong>, <strong>Tierra del Fuego<\/strong> que tiene <strong>558<\/strong>, y completan la regi\u00f3n <strong>Neuqu\u00e9n<\/strong> con <strong>513<\/strong> y <strong>R\u00edo Negro 477<\/strong>.<\/p>\n\n\n\n<p>En la regi\u00f3n Centro, <strong>La Pampa es la provincia con mayor cantidad de autom\u00f3viles cada 1000 habitantes (563)<\/strong>, seguida de <strong>CABA<\/strong> con <strong>510<\/strong>, <strong>C\u00f3rdoba<\/strong> con <strong>453<\/strong>, <strong>Santa Fe<\/strong> con <strong>421<\/strong>, <strong>Entre R\u00edos<\/strong> con <strong>415<\/strong> y la <strong>provincia de Buenos Aires<\/strong> tiene un \u00edndice de <strong>373 autom\u00f3viles cada 1000 habitantes<\/strong>.<\/p>\n\n\n\n<p class=\"has-large-font-size\">\u00bfQu\u00e9 pasa en Olavarr\u00eda?<\/p>\n\n\n\n<p>En la p\u00e1gina de <strong>Datos Abiertos de la Municipalidad de Olavarr\u00eda<\/strong> podemos encontrar datos de como se increment\u00f3 el parque automotor en la ciudad desde 2014. Entre ese a\u00f1o y el 2020, el parque vehicular <strong>aument\u00f3 en un<\/strong> <strong>188%.<\/strong><\/p>\n\n\n\n<p>Es decir, en 9 a\u00f1os, <strong>el parque vehicular casi se triplic\u00f3 en la ciudad<\/strong>.<\/p>\n\n\n\n<figure class=\"wp-block-image size-large\"><img data-recalc-dims=\"1\" loading=\"lazy\" decoding=\"async\" width=\"800\" height=\"480\" src=\"https:\/\/i0.wp.com\/cdnoticias.com\/wp-content\/uploads\/2024\/07\/IMAGEN-11.png?resize=800%2C480&#038;ssl=1\" alt=\"\" class=\"wp-image-121147\" srcset=\"https:\/\/i0.wp.com\/cdnoticias.com\/wp-content\/uploads\/2024\/07\/IMAGEN-11.png?resize=1024%2C615&amp;ssl=1 1024w, https:\/\/i0.wp.com\/cdnoticias.com\/wp-content\/uploads\/2024\/07\/IMAGEN-11.png?resize=300%2C180&amp;ssl=1 300w, https:\/\/i0.wp.com\/cdnoticias.com\/wp-content\/uploads\/2024\/07\/IMAGEN-11.png?resize=768%2C461&amp;ssl=1 768w, https:\/\/i0.wp.com\/cdnoticias.com\/wp-content\/uploads\/2024\/07\/IMAGEN-11.png?resize=1536%2C923&amp;ssl=1 1536w, https:\/\/i0.wp.com\/cdnoticias.com\/wp-content\/uploads\/2024\/07\/IMAGEN-11.png?w=1653&amp;ssl=1 1653w, https:\/\/i0.wp.com\/cdnoticias.com\/wp-content\/uploads\/2024\/07\/IMAGEN-11.png?w=1600&amp;ssl=1 1600w\" sizes=\"auto, (max-width: 800px) 100vw, 800px\" \/><\/figure>\n\n\n\n<p>Si analizamos lo que sucedi\u00f3, la cantidad de tr\u00e1mites realizados fue de<strong> 46106<\/strong>. Dentro de ese tr\u00e1mite aparecen las transferencias y las inscripciones nuevas, es decir, los veh\u00edculos 0 KM.<\/p>\n\n\n\n<p><strong>Transferencias:<\/strong><\/p>\n\n\n\n<ul class=\"wp-block-list\">\n<li>Autos: 24353<\/li>\n\n\n\n<li>Motos: 8436<\/li>\n\n\n\n<li>Maquinaria agr\u00edcola: 104<\/li>\n<\/ul>\n\n\n\n<p><strong>Inscripciones nuevas:<\/strong><\/p>\n\n\n\n<ul class=\"wp-block-list\">\n<li>Autos: 7135<\/li>\n\n\n\n<li>Motos: 5944<\/li>\n\n\n\n<li>Maquinaria agr\u00edcola: 134<\/li>\n<\/ul>\n\n\n\n<p>Vale aclarar que en el <strong>per\u00edodo 2010-2022<\/strong> la poblaci\u00f3n en la ciudad se increment\u00f3 en un <strong>12,6%.<\/strong><\/p>\n\n\n\n<figure class=\"wp-block-image size-large\"><img data-recalc-dims=\"1\" loading=\"lazy\" decoding=\"async\" width=\"800\" height=\"368\" src=\"https:\/\/i0.wp.com\/cdnoticias.com\/wp-content\/uploads\/2024\/07\/IMAGEN-12.png?resize=800%2C368&#038;ssl=1\" alt=\"\" class=\"wp-image-121148\" srcset=\"https:\/\/i0.wp.com\/cdnoticias.com\/wp-content\/uploads\/2024\/07\/IMAGEN-12.png?resize=1024%2C471&amp;ssl=1 1024w, https:\/\/i0.wp.com\/cdnoticias.com\/wp-content\/uploads\/2024\/07\/IMAGEN-12.png?resize=300%2C138&amp;ssl=1 300w, https:\/\/i0.wp.com\/cdnoticias.com\/wp-content\/uploads\/2024\/07\/IMAGEN-12.png?resize=768%2C353&amp;ssl=1 768w, https:\/\/i0.wp.com\/cdnoticias.com\/wp-content\/uploads\/2024\/07\/IMAGEN-12.png?resize=1536%2C706&amp;ssl=1 1536w, https:\/\/i0.wp.com\/cdnoticias.com\/wp-content\/uploads\/2024\/07\/IMAGEN-12.png?resize=2048%2C942&amp;ssl=1 2048w, https:\/\/i0.wp.com\/cdnoticias.com\/wp-content\/uploads\/2024\/07\/IMAGEN-12.png?w=1600&amp;ssl=1 1600w\" sizes=\"auto, (max-width: 800px) 100vw, 800px\" \/><\/figure>\n\n\n\n<p>Para cerrar este an\u00e1lisis, vamos a recurrir a nuestro \u00edndice que nos permite homogeneizar la comparaci\u00f3n y encontramos que en <strong>Olavarr\u00eda hay un total de 510 veh\u00edculos (autos y motos) cada 1000 habitantes<\/strong>.<\/p>\n\n\n\n<p>La informaci\u00f3n discriminada entre cantidad de autos y motos (previas e incorporadas) no se encuentra en la base de datos municipal.<\/p>\n\n\n\n<p>No es culpa solo de los aumentos<\/p>\n\n\n\n<p>Un bonus track de esta columna es la cantidad de estaciones de servicio que hay en el pa\u00eds. Vos crees que hac\u00e9s cola en la estaci\u00f3n de servicio \u00bfsolo porque el combustible est\u00e1 por aumentar?<\/p>\n\n\n\n<p><strong>Hace diez a\u00f1os la cantidad de automotores en el pa\u00eds era de 13.171.695<\/strong>, mientras que <strong>la cantidad de estaciones de servicio era de 4.965<\/strong>. La relaci\u00f3n era de <strong>2.652 veh\u00edculos por cada estaci\u00f3n<\/strong>.<\/p>\n\n\n\n<p>Hoy, <strong>la cantidad de autom\u00f3viles es de 17.731.587<\/strong>, mientras que la cantidad de estaciones de servicio es de <strong>5274<\/strong>. La relaci\u00f3n es de <strong>3362 autom\u00f3viles por cada estaci\u00f3n<\/strong>. Es decir que hay <strong>710 autom\u00f3viles m\u00e1s por estaci\u00f3n de servicio que hace diez a\u00f1os<\/strong>, la cantidad de bocas de expendio no crecieron en relaci\u00f3n al parque automotor.<\/p>\n\n\n\n<p>Pero, \u00bfcu\u00e1nto es lo \u00f3ptimo?<\/p>\n\n\n\n<figure class=\"wp-block-image size-large\"><img data-recalc-dims=\"1\" loading=\"lazy\" decoding=\"async\" width=\"800\" height=\"514\" src=\"https:\/\/i0.wp.com\/cdnoticias.com\/wp-content\/uploads\/2024\/07\/IMAGEN-13.png?resize=800%2C514&#038;ssl=1\" alt=\"\" class=\"wp-image-121149\" srcset=\"https:\/\/i0.wp.com\/cdnoticias.com\/wp-content\/uploads\/2024\/07\/IMAGEN-13.png?resize=1024%2C658&amp;ssl=1 1024w, https:\/\/i0.wp.com\/cdnoticias.com\/wp-content\/uploads\/2024\/07\/IMAGEN-13.png?resize=300%2C193&amp;ssl=1 300w, https:\/\/i0.wp.com\/cdnoticias.com\/wp-content\/uploads\/2024\/07\/IMAGEN-13.png?resize=768%2C494&amp;ssl=1 768w, https:\/\/i0.wp.com\/cdnoticias.com\/wp-content\/uploads\/2024\/07\/IMAGEN-13.png?resize=1536%2C987&amp;ssl=1 1536w, https:\/\/i0.wp.com\/cdnoticias.com\/wp-content\/uploads\/2024\/07\/IMAGEN-13.png?w=1652&amp;ssl=1 1652w, https:\/\/i0.wp.com\/cdnoticias.com\/wp-content\/uploads\/2024\/07\/IMAGEN-13.png?w=1600&amp;ssl=1 1600w\" sizes=\"auto, (max-width: 800px) 100vw, 800px\" \/><\/figure>\n\n\n\n<p>Si bien no tenemos ese dato, podemos hacer la comparaci\u00f3n con otros pa\u00edses:<\/p>\n\n\n\n<ul class=\"wp-block-list\">\n<li><strong>Estados Unidos:<\/strong> <strong>2436<\/strong> veh\u00edculos por cada estaci\u00f3n de servicio;<\/li>\n\n\n\n<li><strong>Brasil:<\/strong> <strong>1143<\/strong> veh\u00edculos por cada estaci\u00f3n de servicio;<\/li>\n\n\n\n<li><strong>M\u00e9xico:<\/strong> <strong>3468<\/strong> veh\u00edculos por cada estaci\u00f3n de servicio;<\/li>\n\n\n\n<li><strong>Argentina: 3362 <\/strong>veh\u00edculos por cada estaci\u00f3n de servicio.<\/li>\n<\/ul>\n\n\n\n<p>En la comparaci\u00f3n con otros pa\u00edses, parece que Argentina tienen poca cantidad de estaciones de servicio. Para contar con la relaci\u00f3n que tiene <strong>Brasil <\/strong>por ejemplo, deber\u00edamos tener un total de <strong>15.500 estaciones de servicio<\/strong>.<\/p>\n\n\n\n<p>La distribuci\u00f3n de las estaciones de servicio en nuestro pa\u00eds es la siguiente:<\/p>\n\n\n\n<figure class=\"wp-block-image size-large\"><img data-recalc-dims=\"1\" loading=\"lazy\" decoding=\"async\" width=\"800\" height=\"480\" src=\"https:\/\/i0.wp.com\/cdnoticias.com\/wp-content\/uploads\/2024\/07\/IMAGEN-14.png?resize=800%2C480&#038;ssl=1\" alt=\"\" class=\"wp-image-121150\" srcset=\"https:\/\/i0.wp.com\/cdnoticias.com\/wp-content\/uploads\/2024\/07\/IMAGEN-14.png?resize=1024%2C615&amp;ssl=1 1024w, https:\/\/i0.wp.com\/cdnoticias.com\/wp-content\/uploads\/2024\/07\/IMAGEN-14.png?resize=300%2C180&amp;ssl=1 300w, https:\/\/i0.wp.com\/cdnoticias.com\/wp-content\/uploads\/2024\/07\/IMAGEN-14.png?resize=768%2C461&amp;ssl=1 768w, https:\/\/i0.wp.com\/cdnoticias.com\/wp-content\/uploads\/2024\/07\/IMAGEN-14.png?resize=1536%2C923&amp;ssl=1 1536w, https:\/\/i0.wp.com\/cdnoticias.com\/wp-content\/uploads\/2024\/07\/IMAGEN-14.png?w=1653&amp;ssl=1 1653w, https:\/\/i0.wp.com\/cdnoticias.com\/wp-content\/uploads\/2024\/07\/IMAGEN-14.png?w=1600&amp;ssl=1 1600w\" sizes=\"auto, (max-width: 800px) 100vw, 800px\" \/><\/figure>\n\n\n\n<p>Mientras que la distribuci\u00f3n de las estaciones de servicio en la provincia es la siguiente:<\/p>\n\n\n\n<figure class=\"wp-block-image size-large\"><img data-recalc-dims=\"1\" loading=\"lazy\" decoding=\"async\" width=\"800\" height=\"480\" src=\"https:\/\/i0.wp.com\/cdnoticias.com\/wp-content\/uploads\/2024\/07\/IMAGEN-15.png?resize=800%2C480&#038;ssl=1\" alt=\"\" class=\"wp-image-121151\" srcset=\"https:\/\/i0.wp.com\/cdnoticias.com\/wp-content\/uploads\/2024\/07\/IMAGEN-15.png?resize=1024%2C615&amp;ssl=1 1024w, https:\/\/i0.wp.com\/cdnoticias.com\/wp-content\/uploads\/2024\/07\/IMAGEN-15.png?resize=300%2C180&amp;ssl=1 300w, https:\/\/i0.wp.com\/cdnoticias.com\/wp-content\/uploads\/2024\/07\/IMAGEN-15.png?resize=768%2C461&amp;ssl=1 768w, https:\/\/i0.wp.com\/cdnoticias.com\/wp-content\/uploads\/2024\/07\/IMAGEN-15.png?resize=1536%2C923&amp;ssl=1 1536w, https:\/\/i0.wp.com\/cdnoticias.com\/wp-content\/uploads\/2024\/07\/IMAGEN-15.png?w=1653&amp;ssl=1 1653w, https:\/\/i0.wp.com\/cdnoticias.com\/wp-content\/uploads\/2024\/07\/IMAGEN-15.png?w=1600&amp;ssl=1 1600w\" sizes=\"auto, (max-width: 800px) 100vw, 800px\" \/><\/figure>\n\n\n\n<p class=\"has-large-font-size\">Conclusi\u00f3n<\/p>\n\n\n\n<p>La principal conclusi\u00f3n de estos datos es <strong>la tendencia creciente del parque vehicular en nuestro pa\u00eds<\/strong>. Como vimos, la tendencia en Olavarr\u00eda es similar a la que sucede en la provincia de Buenos Aires y tambi\u00e9n a lo que sucede en el resto del pa\u00eds. Este crecimiento se puede dar por muchas causas que var\u00edan dependiendo de la ciudad y por supuesto tambi\u00e9n del pa\u00eds.<\/p>\n\n\n\n<p><strong>Transporte p\u00fablico: <\/strong>en principio, <strong>tiendo a pensar que en este tiempo hubo un crecimiento del parque vehicular privado debido a una prestaci\u00f3n del servicio de transporte p\u00fablico que ha ido en decadencia con el paso del tiempo y que se encuentra en un punto cr\u00edtico.<\/strong> Podr\u00edamos pensar que los usuarios del transporte p\u00fablico, <strong>como consecuencia de un servicio cada vez peor han optado por adquirir un motoveh\u00edculo o un autom\u00f3vil<\/strong>, aunque esto no explicar\u00eda del todo esa tendencia y responder\u00eda solo a lo que sucede en un sector de la sociedad.<\/p>\n\n\n\n<p>Si miramos las estad\u00edsticas de los pa\u00edses europeos, donde el transporte p\u00fablico es eficiente y el Estado invierte para que este servicio mejore, <strong>es dif\u00edcil pensar que hay gran cantidad de veh\u00edculos por cada 1000 habitantes como consecuencia de un mal servicio de transporte p\u00fablico<\/strong>. Es probable que en las grandes ciudades europeas se utilice el transporte p\u00fablico para los viajes diarios, pero se cuente con un veh\u00edculo para viajar o para moverse los fines de semana, por ejemplo.<\/p>\n\n\n\n<p>Pero en principio, nos ayudar\u00eda a entender lo que puede estar pasando en ciudades intermedias de la provincia de Buenos Aires, como Olavarr\u00eda.<\/p>\n\n\n\n<p><strong>Crecimiento de las ciudades: <\/strong>este punto tiene m\u00e1s que ver con lo que puede estar pasando en zonas de car\u00e1cter metropolitano como la <strong>ciudad de Buenos Aires y el AMBA, C\u00f3rdoba, Tucum\u00e1n, Santa Fe, Rosario y Mendoza<\/strong>. Hay una tendencia en las grandes ciudades que tiene que ver con <strong>mudarse a vivir en las afueras de la ciudad y viajar a la ciudad cabecera solo a trabajar<\/strong>, ya que la misma se encuentra a 40\u00b4en autom\u00f3vil. Esto se ve reflejado en la ciudad de C\u00f3rdoba y su \u00e1rea metropolitana, donde el parque <strong>automotor en el per\u00edodo 2019-2023 creci\u00f3 menos en la ciudad capital que en las localidades de los alrededores<\/strong>. Un fen\u00f3meno similar puede estar ocurriendo en <strong>CABA<\/strong>, ya que la capital tuvo el menor crecimiento del parque automotor junto con <strong>Santa Fe<\/strong> y <strong>Mendoza<\/strong>. Y si bien el transporte p\u00fablico de CABA es objeto de muchas cr\u00edticas, sabemos <strong>que comparado con lo que sucede en el interior del pa\u00eds, todav\u00eda sigue siendo un servicio que se podr\u00eda considerar eficiente y funcional<\/strong>. Algo similar le cabe a la ciudad de <strong>Mendoza<\/strong>, <strong>donde el transporte p\u00fablico debe estar catalogado como uno de los m\u00e1s eficientes del pa\u00eds<\/strong>.<\/p>\n\n\n\n<p><strong>Capitalizaci\u00f3n del ahorro: <\/strong>otro punto importante es que, en Argentina, <strong>una forma de capitalizar el ahorro en tiempos econ\u00f3micos pr\u00f3speros es a trav\u00e9s de la compra de un veh\u00edculo<\/strong>, sea una motocicleta, un autom\u00f3vil o una camioneta. En algunos casos, es la adquisici\u00f3n del primer veh\u00edculo (nuevo o usado), el cambio de un veh\u00edculo por otro o en algunos casos, el acceso al primer 0 km de alguien que ya ten\u00eda un autom\u00f3vil y desea contar con uno nuevo o vende el suyo a alguien que no tiene uno. <strong>Todo esto hace que el parque vehicular aumente.<\/strong><\/p>\n\n\n\n<p>Esto es solo una descripci\u00f3n muy breve de lo que puede estar sucediendo detr\u00e1s del incremento del parque vehicular, pero lo importante es que <strong>la tendencia va en alza y eso no es algo bueno<\/strong>.<\/p>\n\n\n\n<p>En un mundo donde <strong>contar con un transporte p\u00fablico accesible y eficiente y donde la movilidad activa ser\u00e1 fundamental para enfrentar los desaf\u00edos del cambio clim\u00e1tico<\/strong>, no es para nada alentador el crecimiento del parque vehicular.<\/p>\n\n\n\n<p>Si quer\u00e9s seguir leyendo un poquito m\u00e1s, <a href=\"https:\/\/cdn.motor1.com\/pdf-files\/afac-flota-circulante-2022.pdf\">ac\u00e1<\/a> te dejo el informe de <strong>AFAC <\/strong>donde vas a poder ampliar sobre las marcas m\u00e1s vendidas en el pa\u00eds, la antig\u00fcedad del parque automotor, entre otras cosas.<\/p>\n\n\n\n<p>Por mi parte, nos volveremos a leer en unos d\u00edas.<\/p>\n","protected":false},"excerpt":{"rendered":"<p>No s\u00f3lo la venta de los trenes o las malas gestiones de los privados: \u00bfqu\u00e9 pas\u00f3 con el parque automotor<\/p>\n","protected":false},"author":2,"featured_media":116033,"comment_status":"closed","ping_status":"closed","sticky":false,"template":"","format":"standard","meta":{"_jetpack_memberships_contains_paid_content":false,"footnotes":""},"categories":[5,1],"tags":[],"class_list":["post-121134","post","type-post","status-publish","format-standard","has-post-thumbnail","hentry","category-informacion-general","category-portada"],"jetpack_featured_media_url":"https:\/\/i0.wp.com\/cdnoticias.com\/wp-content\/uploads\/2024\/05\/comercio-transito-olavarria.jpg?fit=1072%2C596&ssl=1","jetpack_sharing_enabled":true,"_links":{"self":[{"href":"https:\/\/cdnoticias.com\/index.php\/wp-json\/wp\/v2\/posts\/121134","targetHints":{"allow":["GET"]}}],"collection":[{"href":"https:\/\/cdnoticias.com\/index.php\/wp-json\/wp\/v2\/posts"}],"about":[{"href":"https:\/\/cdnoticias.com\/index.php\/wp-json\/wp\/v2\/types\/post"}],"author":[{"embeddable":true,"href":"https:\/\/cdnoticias.com\/index.php\/wp-json\/wp\/v2\/users\/2"}],"replies":[{"embeddable":true,"href":"https:\/\/cdnoticias.com\/index.php\/wp-json\/wp\/v2\/comments?post=121134"}],"version-history":[{"count":0,"href":"https:\/\/cdnoticias.com\/index.php\/wp-json\/wp\/v2\/posts\/121134\/revisions"}],"wp:featuredmedia":[{"embeddable":true,"href":"https:\/\/cdnoticias.com\/index.php\/wp-json\/wp\/v2\/media\/116033"}],"wp:attachment":[{"href":"https:\/\/cdnoticias.com\/index.php\/wp-json\/wp\/v2\/media?parent=121134"}],"wp:term":[{"taxonomy":"category","embeddable":true,"href":"https:\/\/cdnoticias.com\/index.php\/wp-json\/wp\/v2\/categories?post=121134"},{"taxonomy":"post_tag","embeddable":true,"href":"https:\/\/cdnoticias.com\/index.php\/wp-json\/wp\/v2\/tags?post=121134"}],"curies":[{"name":"wp","href":"https:\/\/api.w.org\/{rel}","templated":true}]}}