{"id":121132,"date":"2024-07-21T19:45:46","date_gmt":"2024-07-21T22:45:46","guid":{"rendered":"https:\/\/cdnoticias.com\/?p=121132"},"modified":"2024-07-21T19:45:48","modified_gmt":"2024-07-21T22:45:48","slug":"como-estara-el-tiempo-en-olavarria-para-este-lunes-22-de-julio","status":"publish","type":"post","link":"https:\/\/cdnoticias.com\/index.php\/2024\/07\/21\/como-estara-el-tiempo-en-olavarria-para-este-lunes-22-de-julio\/","title":{"rendered":"C\u00f3mo estar\u00e1 el tiempo en Olavarr\u00eda para este lunes 22 de julio"},"content":{"rendered":"\n<p>Habr\u00e1 cielos mayormente despejados y temperaturas agradables, un d\u00eda ideal para disfrutar al aire libre. Aqu\u00ed te dejamos el pron\u00f3stico del tiempo para que puedas planificar tu jornada.<\/p>\n\n\n\n<hr class=\"wp-block-separator aligncenter has-alpha-channel-opacity\"\/>\n\n\n\n<p>En la madrugada, se espera un cielo parcialmente nublado. <strong>La temperatura ser\u00e1 de alrededor de 7\u00b0C, con vientos leves provenientes del noroeste (NO) soplando entre 7 y 12 km\/h. No se esperan precipitaciones, por lo que ser\u00e1 un comienzo de d\u00eda seco.<\/strong><\/p>\n\n\n\n<p>Durante la ma\u00f1ana, el cielo continuar\u00e1 parcialmente nublado.<strong> La temperatura descender\u00e1 ligeramente a 5\u00b0C, y los vientos cambiar\u00e1n de direcci\u00f3n hacia el oeste (O), aumentando su velocidad a entre 13 y 22 km\/h. La ma\u00f1ana ser\u00e1 fresca, por lo que es recomendable salir abrigado.<\/strong><\/p>\n\n\n\n<p>En la tarde, el cielo estar\u00e1 algo nublado. La temperatura alcanzar\u00e1 un m\u00e1ximo de 16\u00b0C, con vientos del noroeste (NO) que soplar\u00e1n entre 13 y 22 km\/h. <strong>La tarde ser\u00e1 m\u00e1s templada en comparaci\u00f3n con los d\u00edas anteriores, ofreciendo una pausa del fr\u00edo invernal.<\/strong><\/p>\n\n\n\n<p>Para la noche, el cielo estar\u00e1 despejado. La temperatura descender\u00e1 a unos 11\u00b0C, y los vientos continuar\u00e1n soplando desde el noroeste (NO) con una velocidad de entre 7 y 12 km\/h.<strong> La noche ser\u00e1 fresca pero agradable, sin cambios significativos en la condici\u00f3n meteorol\u00f3gica.<\/strong><\/p>\n\n\n\n<p>Este lunes en Olavarr\u00eda estar\u00e1 marcado por cielos mayormente despejados y temperaturas m\u00e1s templadas durante la tarde,<strong> ofreciendo un respiro del fr\u00edo intenso. No se esperan precipitaciones, lo que har\u00e1 del d\u00eda una jornada ideal para actividades al aire libre.<\/strong><\/p>\n","protected":false},"excerpt":{"rendered":"<p>Habr\u00e1 cielos mayormente despejados y temperaturas agradables, un d\u00eda ideal para disfrutar al aire libre. Aqu\u00ed te dejamos el pron\u00f3stico<\/p>\n","protected":false},"author":2,"featured_media":120790,"comment_status":"closed","ping_status":"closed","sticky":false,"template":"","format":"standard","meta":{"_jetpack_memberships_contains_paid_content":false,"footnotes":""},"categories":[5],"tags":[],"class_list":["post-121132","post","type-post","status-publish","format-standard","has-post-thumbnail","hentry","category-informacion-general"],"jetpack_featured_media_url":"https:\/\/i0.wp.com\/cdnoticias.com\/wp-content\/uploads\/2024\/07\/vacaciones-de-invierno-la-maxima3.jpg?fit=1072%2C597&ssl=1","jetpack_sharing_enabled":true,"_links":{"self":[{"href":"https:\/\/cdnoticias.com\/index.php\/wp-json\/wp\/v2\/posts\/121132","targetHints":{"allow":["GET"]}}],"collection":[{"href":"https:\/\/cdnoticias.com\/index.php\/wp-json\/wp\/v2\/posts"}],"about":[{"href":"https:\/\/cdnoticias.com\/index.php\/wp-json\/wp\/v2\/types\/post"}],"author":[{"embeddable":true,"href":"https:\/\/cdnoticias.com\/index.php\/wp-json\/wp\/v2\/users\/2"}],"replies":[{"embeddable":true,"href":"https:\/\/cdnoticias.com\/index.php\/wp-json\/wp\/v2\/comments?post=121132"}],"version-history":[{"count":0,"href":"https:\/\/cdnoticias.com\/index.php\/wp-json\/wp\/v2\/posts\/121132\/revisions"}],"wp:featuredmedia":[{"embeddable":true,"href":"https:\/\/cdnoticias.com\/index.php\/wp-json\/wp\/v2\/media\/120790"}],"wp:attachment":[{"href":"https:\/\/cdnoticias.com\/index.php\/wp-json\/wp\/v2\/media?parent=121132"}],"wp:term":[{"taxonomy":"category","embeddable":true,"href":"https:\/\/cdnoticias.com\/index.php\/wp-json\/wp\/v2\/categories?post=121132"},{"taxonomy":"post_tag","embeddable":true,"href":"https:\/\/cdnoticias.com\/index.php\/wp-json\/wp\/v2\/tags?post=121132"}],"curies":[{"name":"wp","href":"https:\/\/api.w.org\/{rel}","templated":true}]}}