{"id":121128,"date":"2024-07-21T18:49:14","date_gmt":"2024-07-21T21:49:14","guid":{"rendered":"https:\/\/cdnoticias.com\/?p=121128"},"modified":"2024-07-21T18:49:17","modified_gmt":"2024-07-21T21:49:17","slug":"subsidios-a-la-electricidad-coopelectric-atendera-en-barrio-ceco-i","status":"publish","type":"post","link":"https:\/\/cdnoticias.com\/index.php\/2024\/07\/21\/subsidios-a-la-electricidad-coopelectric-atendera-en-barrio-ceco-i\/","title":{"rendered":"Subsidios a la electricidad: Coopelectric atender\u00e1 en Barrio CECO I"},"content":{"rendered":"\n<p>Ser\u00e1 en la Sociedad de Fomento del barrio este lunes, martes y mi\u00e9rcoles por la ma\u00f1ana. Insisten con la consulta sobre la inscripci\u00f3n en el RASE para mantener los beneficios.<\/p>\n\n\n\n<hr class=\"wp-block-separator aligncenter has-alpha-channel-opacity\"\/>\n\n\n\n<p>En el marco de un recorrido por la ciudad y las localidades del Partido,<strong> Coopelectric atender\u00e1 en la Sociedad de Fomento del barrio CECO para evacuar dudas sobre el subsidio a la electricidad y su inscripci\u00f3n al RASE.<\/strong><\/p>\n\n\n\n<p>La Reestructuraci\u00f3n del R\u00e9gimen de Subsidios a la energ\u00eda dispuesto a nivel nacional por el Decreto N\u00ba 465\/2024 y la Resoluci\u00f3n SE N\u00ba 90\/2024; <strong>establece que los usuarios incorporados provisoriamente en el padr\u00f3n de beneficiarios del Registro de Acceso a los Subsidios a la Energ\u00eda (RASE) en virtud de poseer la Tarifa Social Provincial, deben inscribirse en el RASE para mantener dicho beneficio.<\/strong><\/p>\n\n\n\n<p>Es por ello que, teniendo en cuenta que <strong>el 4 de agosto es la fecha l\u00edmite para completar la inscripci\u00f3n, de forma itinerante Coopelectric se encuentra brindando atenci\u00f3n sobre esta tem\u00e1tica en diferentes instituciones del Partido de Olavarr\u00eda.<\/strong><\/p>\n\n\n\n<p><strong>El lunes 22, el martes 23 y el mi\u00e9rcoles 24 de julio de 09:00 a 13:00 horas se brindar\u00e1 asesoramiento en la Sociedad de Fomento General Jos\u00e9 de San Mart\u00edn del Barrio CECO I, ubicada en Islas Malvinas y Rossi.<\/strong><\/p>\n\n\n\n<p>Para efectuar la carga del formulario, no s\u00f3lo pueden acercarse los asociados que poseen la Tarifa Social, sino todos los usuarios que nunca completaron la inscripci\u00f3n. Para ello, <strong>los interesados deber\u00e1n asistir con la siguiente documentaci\u00f3n\/informaci\u00f3n:<\/strong><\/p>\n\n\n\n<p>\u00b7&nbsp;&nbsp;&nbsp;&nbsp;&nbsp;&nbsp;&nbsp;&nbsp; Factura del Servicio El\u00e9ctrico (N\u00ba de Suministro y N\u00ba de Medidor)<\/p>\n\n\n\n<p>\u00b7&nbsp;&nbsp;&nbsp;&nbsp;&nbsp; &nbsp;&nbsp;&nbsp;Factura del Servicio de Gas (N\u00ba de Suministro y N\u00ba de Medidor)<\/p>\n\n\n\n<p>\u00b7&nbsp;&nbsp;&nbsp;&nbsp;&nbsp;&nbsp;&nbsp;&nbsp; Ultimo ejemplar del DNI de cada integrante del grupo familiar<\/p>\n\n\n\n<p>\u00b7&nbsp;&nbsp;&nbsp;&nbsp;&nbsp;&nbsp;&nbsp;&nbsp; N\u00ba de CUIL de cada integrante del hogar mayor de 18 a\u00f1os<\/p>\n\n\n\n<p>\u00b7&nbsp;&nbsp;&nbsp;&nbsp;&nbsp;&nbsp;&nbsp;&nbsp; Ingreso de bolsillo de cada integrante del hogar mayor de 18 a\u00f1os.<\/p>\n\n\n\n<p>\u00b7&nbsp;&nbsp;&nbsp;&nbsp;&nbsp;&nbsp;&nbsp;&nbsp; N\u00ba de Tel\u00e9fono<\/p>\n\n\n\n<p>\u00b7&nbsp;&nbsp;&nbsp;&nbsp;&nbsp;&nbsp;&nbsp;&nbsp; Direcci\u00f3n de correo electr\u00f3nico<\/p>\n","protected":false},"excerpt":{"rendered":"<p>Ser\u00e1 en la Sociedad de Fomento del barrio este lunes, martes y mi\u00e9rcoles por la ma\u00f1ana. Insisten con la consulta<\/p>\n","protected":false},"author":2,"featured_media":116962,"comment_status":"closed","ping_status":"closed","sticky":false,"template":"","format":"standard","meta":{"_jetpack_memberships_contains_paid_content":false,"footnotes":""},"categories":[5,1],"tags":[],"class_list":["post-121128","post","type-post","status-publish","format-standard","has-post-thumbnail","hentry","category-informacion-general","category-portada"],"jetpack_featured_media_url":"https:\/\/i0.wp.com\/cdnoticias.com\/wp-content\/uploads\/2024\/05\/factura-coopelectric1-scaled.jpg?fit=2560%2C1424&ssl=1","jetpack_sharing_enabled":true,"_links":{"self":[{"href":"https:\/\/cdnoticias.com\/index.php\/wp-json\/wp\/v2\/posts\/121128","targetHints":{"allow":["GET"]}}],"collection":[{"href":"https:\/\/cdnoticias.com\/index.php\/wp-json\/wp\/v2\/posts"}],"about":[{"href":"https:\/\/cdnoticias.com\/index.php\/wp-json\/wp\/v2\/types\/post"}],"author":[{"embeddable":true,"href":"https:\/\/cdnoticias.com\/index.php\/wp-json\/wp\/v2\/users\/2"}],"replies":[{"embeddable":true,"href":"https:\/\/cdnoticias.com\/index.php\/wp-json\/wp\/v2\/comments?post=121128"}],"version-history":[{"count":0,"href":"https:\/\/cdnoticias.com\/index.php\/wp-json\/wp\/v2\/posts\/121128\/revisions"}],"wp:featuredmedia":[{"embeddable":true,"href":"https:\/\/cdnoticias.com\/index.php\/wp-json\/wp\/v2\/media\/116962"}],"wp:attachment":[{"href":"https:\/\/cdnoticias.com\/index.php\/wp-json\/wp\/v2\/media?parent=121128"}],"wp:term":[{"taxonomy":"category","embeddable":true,"href":"https:\/\/cdnoticias.com\/index.php\/wp-json\/wp\/v2\/categories?post=121128"},{"taxonomy":"post_tag","embeddable":true,"href":"https:\/\/cdnoticias.com\/index.php\/wp-json\/wp\/v2\/tags?post=121128"}],"curies":[{"name":"wp","href":"https:\/\/api.w.org\/{rel}","templated":true}]}}