{"id":121081,"date":"2024-07-20T10:50:05","date_gmt":"2024-07-20T13:50:05","guid":{"rendered":"https:\/\/cdnoticias.com\/?p=121081"},"modified":"2024-07-20T16:56:59","modified_gmt":"2024-07-20T19:56:59","slug":"tasa-de-servicios-generales-urbanos-se-ha-previsto-un-incremento-escalonado","status":"publish","type":"post","link":"https:\/\/cdnoticias.com\/index.php\/2024\/07\/20\/tasa-de-servicios-generales-urbanos-se-ha-previsto-un-incremento-escalonado\/","title":{"rendered":"Tasa de Servicios Generales Urbanos: \u201cse ha previsto un incremento escalonado\u201d"},"content":{"rendered":"\n<p>El Municipio decret\u00f3 un nuevo aumento de las tasas y derechos por casi 80% retroactivo a julio.<\/p>\n\n\n\n<hr class=\"wp-block-separator has-alpha-channel-opacity\"\/>\n\n\n\n<p>Desde el Municipio informaron que a partir de julio se realiz\u00f3 la <strong>actualizaci\u00f3n de determinados tributos municipales<\/strong> en funci\u00f3n al \u00edndice inflacionario IPC nivel general publicado por el INDEC por el semestre enero a junio de 2024, el cual arroja un 79,8%.<\/p>\n\n\n\n<p><\/p>\n\n\n\n<p>Entre los tributos actualizados mencionados por la Secretar\u00eda de Econom\u00eda y Hacienda se encuentra el importe de la <strong>tasa de seguridad e higiene en la categor\u00eda fija, ocupaci\u00f3n del espacio p\u00fablico, marcas y se\u00f1ales, tasa rural, inspecci\u00f3n de antenas<\/strong>, entre otros.<\/p>\n\n\n\n<p><\/p>\n\n\n\n<p>En el caso de la <strong>Tasa de Servicios Generales Urbanos<\/strong> \u201cconsiderando el contexto econ\u00f3mico que nos encontramos atravesando, <strong>se ha previsto un incremento escalonado, de acuerdo a un esquema del 40% para el mes de julio, un 20% adicional para el mes de octubre y un 19,80% para el mes de diciembre<\/strong>, todos sobre base junio\u201d.<\/p>\n\n\n\n<p><\/p>\n\n\n\n<p>En ese sentido, indicaron que en la liquidaci\u00f3n de la Tasa de Servicios Generales Urbanos en conjunto con la Tasa de Protecci\u00f3n Ciudadana y Defensa Civil que vence en el mes de agosto \u201c<strong>se incluir\u00e1n los nuevos valores con el primer tramo del incremento del 40%<\/strong>, y asimismo, en funci\u00f3n que los valores aprobados en el mismo rigen a partir del 01 de julio del a\u00f1o en curso, <strong>se liquidar\u00e1 el retroactivo que surge del diferencial entre el nuevo valor y el ya liquidado para el mes de julio en tres cuotas, durante los meses de agosto, septiembre y octubre del corriente<\/strong>\u201d.<\/p>\n","protected":false},"excerpt":{"rendered":"<p>El Municipio decret\u00f3 un nuevo aumento de las tasas y derechos por casi 80% retroactivo a julio. Desde el Municipio<\/p>\n","protected":false},"author":2,"featured_media":116041,"comment_status":"closed","ping_status":"closed","sticky":false,"template":"","format":"standard","meta":{"_jetpack_memberships_contains_paid_content":false,"footnotes":""},"categories":[5,1],"tags":[],"class_list":["post-121081","post","type-post","status-publish","format-standard","has-post-thumbnail","hentry","category-informacion-general","category-portada"],"jetpack_featured_media_url":"https:\/\/i0.wp.com\/cdnoticias.com\/wp-content\/uploads\/2024\/05\/palacio-san-martin-municipio1.jpg?fit=1072%2C597&ssl=1","jetpack_sharing_enabled":true,"_links":{"self":[{"href":"https:\/\/cdnoticias.com\/index.php\/wp-json\/wp\/v2\/posts\/121081","targetHints":{"allow":["GET"]}}],"collection":[{"href":"https:\/\/cdnoticias.com\/index.php\/wp-json\/wp\/v2\/posts"}],"about":[{"href":"https:\/\/cdnoticias.com\/index.php\/wp-json\/wp\/v2\/types\/post"}],"author":[{"embeddable":true,"href":"https:\/\/cdnoticias.com\/index.php\/wp-json\/wp\/v2\/users\/2"}],"replies":[{"embeddable":true,"href":"https:\/\/cdnoticias.com\/index.php\/wp-json\/wp\/v2\/comments?post=121081"}],"version-history":[{"count":0,"href":"https:\/\/cdnoticias.com\/index.php\/wp-json\/wp\/v2\/posts\/121081\/revisions"}],"wp:featuredmedia":[{"embeddable":true,"href":"https:\/\/cdnoticias.com\/index.php\/wp-json\/wp\/v2\/media\/116041"}],"wp:attachment":[{"href":"https:\/\/cdnoticias.com\/index.php\/wp-json\/wp\/v2\/media?parent=121081"}],"wp:term":[{"taxonomy":"category","embeddable":true,"href":"https:\/\/cdnoticias.com\/index.php\/wp-json\/wp\/v2\/categories?post=121081"},{"taxonomy":"post_tag","embeddable":true,"href":"https:\/\/cdnoticias.com\/index.php\/wp-json\/wp\/v2\/tags?post=121081"}],"curies":[{"name":"wp","href":"https:\/\/api.w.org\/{rel}","templated":true}]}}