{"id":121079,"date":"2024-07-20T10:01:03","date_gmt":"2024-07-20T13:01:03","guid":{"rendered":"https:\/\/cdnoticias.com\/?p=121079"},"modified":"2024-07-20T14:18:18","modified_gmt":"2024-07-20T17:18:18","slug":"este-sabado-mercados-bonaerenses-se-instala-en-barrio-lourdes","status":"publish","type":"post","link":"https:\/\/cdnoticias.com\/index.php\/2024\/07\/20\/este-sabado-mercados-bonaerenses-se-instala-en-barrio-lourdes\/","title":{"rendered":"Este s\u00e1bado Mercados Bonaerenses se instala en Barrio Lourdes"},"content":{"rendered":"\n<p>La feria estar\u00e1 hasta las 16:00 en la plaza ubicada en avenida Alberdi y Fassina. Habr\u00e1 productores locales y dos camiones del Ministerio de Desarrollo Agrario bonaerense.<\/p>\n\n\n\n<hr class=\"wp-block-separator has-alpha-channel-opacity\"\/>\n\n\n\n<p>Este s\u00e1bado se llevar\u00e1 a cabo una nueva edici\u00f3n del programa \u201cMercados Bonaerenses\u201d.<\/p>\n\n\n\n<p><\/p>\n\n\n\n<p>Con la intenci\u00f3n de que todos los vecinos y vecinas de la ciudad puedan acceder al Programa es que en esta oportunidad se realizar\u00e1 en la <strong>plaza del Barrio Lourdes, ubicada sobre avenida Alberdi y Fassina, en el horario de 10 a 16 horas.<\/strong><\/p>\n\n\n\n<p><\/p>\n\n\n\n<p>La feria contar\u00e1 con la participaci\u00f3n de<strong> productores locales<\/strong> entre los cuales se podr\u00e1n encontrar elaboraciones como panificados dulces y salados, bebidas, plantas y plantines, miel y verduras. Se solicit\u00f3 a la comunidad llevar bolsa.<\/p>\n\n\n\n<p><\/p>\n\n\n\n<p>Adem\u00e1s, <strong>participar\u00e1n de la feria dos camiones del Ministerio de Desarrollo Agrario bonaerense, que dispondr\u00e1n productos l\u00e1cteos, pastas y pescados<\/strong> (estos \u00faltimos dos rubros 40% de descuento con Cuenta DNI -tope de reintegro $3000).<\/p>\n\n\n\n<p><\/p>\n\n\n\n<p>El <strong>Programa \u201cMercados Bonaerenses\u201d <\/strong>es impulsado desde el Ministerio de Desarrollo Agrario de la Provincia de Buenos Aires. A trav\u00e9s del mismo promociona la producci\u00f3n y el consumo de Alimentos Bonaerenses acercando a productores, productoras, consumidores y consumidoras a trav\u00e9s de una red de ferias y mercados en toda la provincia de Buenos Aires.<\/p>\n\n\n\n<p><\/p>\n\n\n\n<p>Asimismo tiene por objetivo <strong>fortalecer y asistir experiencias de producci\u00f3n, comercializaci\u00f3n y abastecimiento local <\/strong>de agroalimentos, que se desarrollen en el \u00e1mbito de la provincia de Buenos Aires; fomentar la producci\u00f3n y el consumo de \u201cAlimentos Bonaerenses\u201d a trav\u00e9s de la asistencia, formalizaci\u00f3n y capacitaci\u00f3n a productores, comercializadores y municipios, para crear, ampliar y fortalecer mercados y ferias de alimentos fijas o itinerantes.<\/p>\n","protected":false},"excerpt":{"rendered":"<p>La feria estar\u00e1 hasta las 16:00 en la plaza ubicada en avenida Alberdi y Fassina. Habr\u00e1 productores locales y dos<\/p>\n","protected":false},"author":2,"featured_media":119224,"comment_status":"closed","ping_status":"closed","sticky":false,"template":"","format":"standard","meta":{"_jetpack_memberships_contains_paid_content":false,"footnotes":""},"categories":[5,1],"tags":[],"class_list":["post-121079","post","type-post","status-publish","format-standard","has-post-thumbnail","hentry","category-informacion-general","category-portada"],"jetpack_featured_media_url":"https:\/\/i0.wp.com\/cdnoticias.com\/wp-content\/uploads\/2024\/06\/mercados-bonaerenses-09.jpg?fit=800%2C445&ssl=1","jetpack_sharing_enabled":true,"_links":{"self":[{"href":"https:\/\/cdnoticias.com\/index.php\/wp-json\/wp\/v2\/posts\/121079","targetHints":{"allow":["GET"]}}],"collection":[{"href":"https:\/\/cdnoticias.com\/index.php\/wp-json\/wp\/v2\/posts"}],"about":[{"href":"https:\/\/cdnoticias.com\/index.php\/wp-json\/wp\/v2\/types\/post"}],"author":[{"embeddable":true,"href":"https:\/\/cdnoticias.com\/index.php\/wp-json\/wp\/v2\/users\/2"}],"replies":[{"embeddable":true,"href":"https:\/\/cdnoticias.com\/index.php\/wp-json\/wp\/v2\/comments?post=121079"}],"version-history":[{"count":0,"href":"https:\/\/cdnoticias.com\/index.php\/wp-json\/wp\/v2\/posts\/121079\/revisions"}],"wp:featuredmedia":[{"embeddable":true,"href":"https:\/\/cdnoticias.com\/index.php\/wp-json\/wp\/v2\/media\/119224"}],"wp:attachment":[{"href":"https:\/\/cdnoticias.com\/index.php\/wp-json\/wp\/v2\/media?parent=121079"}],"wp:term":[{"taxonomy":"category","embeddable":true,"href":"https:\/\/cdnoticias.com\/index.php\/wp-json\/wp\/v2\/categories?post=121079"},{"taxonomy":"post_tag","embeddable":true,"href":"https:\/\/cdnoticias.com\/index.php\/wp-json\/wp\/v2\/tags?post=121079"}],"curies":[{"name":"wp","href":"https:\/\/api.w.org\/{rel}","templated":true}]}}