{"id":121064,"date":"2024-07-20T08:20:33","date_gmt":"2024-07-20T11:20:33","guid":{"rendered":"https:\/\/cdnoticias.com\/?p=121064"},"modified":"2024-07-20T08:20:35","modified_gmt":"2024-07-20T11:20:35","slug":"silvia-analia-blando-maletta-de-janzen-paio-q-e-p-d","status":"publish","type":"post","link":"https:\/\/cdnoticias.com\/index.php\/2024\/07\/20\/silvia-analia-blando-maletta-de-janzen-paio-q-e-p-d\/","title":{"rendered":"Silvia Anal\u00eda Blando Maletta de Janzen \u201cPaio\u201d (Q.E.P.D.)"},"content":{"rendered":"\n<p>Falleci\u00f3 en CABA el 19 de julio de 2024 a los 63 a\u00f1os de edad. Su esposo: Gustavo Janzen. Sus hijos: Federico, Mariana, Ignacio y Mart\u00edn Janzen.  Sus hijos pol\u00edticos: Carolina , Gonzalo y Marianela. Su hermana: Graciela Blando Maletta. Sus cu\u00f1ados: Gabriel Rosatto y Julieta Janzen. Sus sobrinos: Jos\u00e9 Pablo y Mar\u00eda Gabriela Rosatto; Mart\u00edn y Guadalupe de los R\u00edos. Sus t\u00edos: Coco y Coca Maletta. Sus primos: Flias Blando y Maletta y dem\u00e1s deudos participan su fallecimiento.<\/p>\n\n\n\n<p><br><br>Sus restos son velados en Espa\u00f1a 2942 departamento &#8220;F&#8221; (finaliza a las 12:00) y ser\u00e1n cremados en Crematorio Pinos de Paz en d\u00eda y horario a confirmar. Vecina de barrio San Vicente. Nacida en Olavarr\u00eda. Ingeniera jubilada.<br><\/p>\n","protected":false},"excerpt":{"rendered":"<p>Falleci\u00f3 en CABA el 19 de julio de 2024 a los 63 a\u00f1os de edad. Su esposo: Gustavo Janzen. Sus<\/p>\n","protected":false},"author":2,"featured_media":100390,"comment_status":"closed","ping_status":"closed","sticky":false,"template":"","format":"standard","meta":{"_jetpack_memberships_contains_paid_content":false,"footnotes":""},"categories":[10],"tags":[],"class_list":["post-121064","post","type-post","status-publish","format-standard","has-post-thumbnail","hentry","category-necrologicas"],"jetpack_featured_media_url":"https:\/\/i0.wp.com\/cdnoticias.com\/wp-content\/uploads\/2023\/10\/necrologicas-390-x-240.jpg?fit=390%2C240&ssl=1","jetpack_sharing_enabled":true,"_links":{"self":[{"href":"https:\/\/cdnoticias.com\/index.php\/wp-json\/wp\/v2\/posts\/121064","targetHints":{"allow":["GET"]}}],"collection":[{"href":"https:\/\/cdnoticias.com\/index.php\/wp-json\/wp\/v2\/posts"}],"about":[{"href":"https:\/\/cdnoticias.com\/index.php\/wp-json\/wp\/v2\/types\/post"}],"author":[{"embeddable":true,"href":"https:\/\/cdnoticias.com\/index.php\/wp-json\/wp\/v2\/users\/2"}],"replies":[{"embeddable":true,"href":"https:\/\/cdnoticias.com\/index.php\/wp-json\/wp\/v2\/comments?post=121064"}],"version-history":[{"count":0,"href":"https:\/\/cdnoticias.com\/index.php\/wp-json\/wp\/v2\/posts\/121064\/revisions"}],"wp:featuredmedia":[{"embeddable":true,"href":"https:\/\/cdnoticias.com\/index.php\/wp-json\/wp\/v2\/media\/100390"}],"wp:attachment":[{"href":"https:\/\/cdnoticias.com\/index.php\/wp-json\/wp\/v2\/media?parent=121064"}],"wp:term":[{"taxonomy":"category","embeddable":true,"href":"https:\/\/cdnoticias.com\/index.php\/wp-json\/wp\/v2\/categories?post=121064"},{"taxonomy":"post_tag","embeddable":true,"href":"https:\/\/cdnoticias.com\/index.php\/wp-json\/wp\/v2\/tags?post=121064"}],"curies":[{"name":"wp","href":"https:\/\/api.w.org\/{rel}","templated":true}]}}