{"id":121016,"date":"2024-07-19T19:00:12","date_gmt":"2024-07-19T22:00:12","guid":{"rendered":"https:\/\/cdnoticias.com\/?p=121016"},"modified":"2024-07-19T22:24:58","modified_gmt":"2024-07-20T01:24:58","slug":"involucrate-en-este-momento-para-ser-solidarios-hay-que-ser-creativos","status":"publish","type":"post","link":"https:\/\/cdnoticias.com\/index.php\/2024\/07\/19\/involucrate-en-este-momento-para-ser-solidarios-hay-que-ser-creativos\/","title":{"rendered":"Involucrate: \u201cEn este momento para ser solidarios hay que ser creativos\u201d"},"content":{"rendered":"\n<p>El Programa de Integraci\u00f3n Socio Comunitaria comenz\u00f3 en agosto del a\u00f1o pasado y busca ayudar a los barrios m\u00e1s vulnerables de la ciudad. Central de Noticias dialog\u00f3 con Gaspar Verna, integrante del proyecto, quien nos cont\u00f3 sobre las actividades que llevan a cabo y los futuros objetivos.<\/p>\n\n\n\n<hr class=\"wp-block-separator aligncenter has-alpha-channel-opacity\"\/>\n\n\n\n<p>En agosto de 2023, <strong>un grupo de j\u00f3venes se juntaron para ayudar<\/strong> a los barrios m\u00e1s vulnerables y alejados del centro de la ciudad. Comenzaron sus primeras actividades en la Sociedad de Fomento del <strong>barrio 12 de Octubre <\/strong>y adem\u00e1s realizan actividades para el <strong>barrio Coronel Dorrego.<\/strong><\/p>\n\n\n\n<p><\/p>\n\n\n\n<p>De esta manera surgi\u00f3 el proyecto <strong>\u201cInvolucrate\u201d<\/strong> donde aproximadamente <strong>30 voluntarios realizan actividades de acompa\u00f1amiento destinado a las ni\u00f1eces de los barrios.<\/strong><\/p>\n\n\n\n<p><\/p>\n\n\n\n<p><em>Central de Noticias<\/em> dialog\u00f3 con Gaspar Verna, integrante del proyecto, quien cont\u00f3 que la idea principal es \u201c<strong><em>integrar a la comunidad con las dos funciones claves que creemos que tiene la sociedad: la educaci\u00f3n y el trabajo\u201d.<\/em><\/strong><\/p>\n\n\n\n<p><\/p>\n\n\n\n<p>Todos los s\u00e1bados, el grupo realiza <strong>apoyo escolar para alrededor de 30 ni\u00f1os del barrio<\/strong> y en la semana surgen actividades que tengan que ver con la refacci\u00f3n o la remodelaci\u00f3n de espacios del barrio \u201c<strong>para que la comunidad se apropie y genere sentido de pertenencia\u201d.<\/strong><\/p>\n\n\n\n<p><\/p>\n\n\n\n<figure class=\"wp-block-image aligncenter size-full\"><img data-recalc-dims=\"1\" loading=\"lazy\" decoding=\"async\" width=\"800\" height=\"530\" src=\"https:\/\/i0.wp.com\/cdnoticias.com\/wp-content\/uploads\/2024\/07\/involucrate-proyecto1.jpg?resize=800%2C530&#038;ssl=1\" alt=\"\" class=\"wp-image-121042\" srcset=\"https:\/\/i0.wp.com\/cdnoticias.com\/wp-content\/uploads\/2024\/07\/involucrate-proyecto1.jpg?w=900&amp;ssl=1 900w, https:\/\/i0.wp.com\/cdnoticias.com\/wp-content\/uploads\/2024\/07\/involucrate-proyecto1.jpg?resize=300%2C199&amp;ssl=1 300w, https:\/\/i0.wp.com\/cdnoticias.com\/wp-content\/uploads\/2024\/07\/involucrate-proyecto1.jpg?resize=768%2C509&amp;ssl=1 768w\" sizes=\"auto, (max-width: 800px) 100vw, 800px\" \/><\/figure>\n\n\n\n<p><\/p>\n\n\n\n<p>Adem\u00e1s, los chicos que van todos los s\u00e1bados a la ma\u00f1ana al apoyo escolar<strong> reciben el desayuno,<\/strong> y terminan los deberes de la semana. Verna indic\u00f3 que \u201ca su vez generamos diferentes actividades que hagan a su formaci\u00f3n intelectual y acompa\u00f1en el proceso que se lleva en la escuela\u201d.<\/p>\n\n\n\n<p><\/p>\n\n\n\n<p>En el grupo de voluntarios hay<strong> psicopedagogas, trabajadoras sociales y docentes. <\/strong>Verna agreg\u00f3 que \u201c<strong><em>de todas maneras siempre hay personas que est\u00e1n colaborando de manera anexa donde aportan lo que vamos necesitando. Todo esto sale a pulm\u00f3n y no hay nadie detr\u00e1s que nos sostenga\u201d <\/em><\/strong>expres\u00f3.<\/p>\n\n\n\n<p><\/p>\n\n\n\n<blockquote class=\"wp-block-quote is-layout-flow wp-block-quote-is-layout-flow\">\n<p>Verna cont\u00f3 que recorrieron el barrio casa por casa y que \u201centre las demandas vemos que la gente necesita actividades de recreaci\u00f3n y la cuesti\u00f3n escolar porque los padres nos piden que ayudemos a los ni\u00f1os con la escuela\u201d.<\/p>\n<\/blockquote>\n\n\n\n<p><\/p>\n\n\n\n<p>\u201cMuchas de las demandas y de las actividades que generamos se van dando por lo que o\u00edmos en el barrio,<strong> vamos corriendo atr\u00e1s de las demandas puntuales.<\/strong> Por ejemplo, cuando fue lo del temporal en diciembre, estuvimos varios d\u00edas ayudando a las personas del barrio que necesit\u00f3 asistencia de todo tipo\u201d cont\u00f3.<\/p>\n\n\n\n<p><\/p>\n\n\n\n<figure class=\"wp-block-image aligncenter size-full\"><img data-recalc-dims=\"1\" loading=\"lazy\" decoding=\"async\" width=\"800\" height=\"462\" src=\"https:\/\/i0.wp.com\/cdnoticias.com\/wp-content\/uploads\/2024\/07\/involucrate-proyecto.png?resize=800%2C462&#038;ssl=1\" alt=\"\" class=\"wp-image-121041\" srcset=\"https:\/\/i0.wp.com\/cdnoticias.com\/wp-content\/uploads\/2024\/07\/involucrate-proyecto.png?w=890&amp;ssl=1 890w, https:\/\/i0.wp.com\/cdnoticias.com\/wp-content\/uploads\/2024\/07\/involucrate-proyecto.png?resize=300%2C173&amp;ssl=1 300w, https:\/\/i0.wp.com\/cdnoticias.com\/wp-content\/uploads\/2024\/07\/involucrate-proyecto.png?resize=768%2C444&amp;ssl=1 768w\" sizes=\"auto, (max-width: 800px) 100vw, 800px\" \/><\/figure>\n\n\n\n<p><\/p>\n\n\n\n<p>Entre las actividades, desde el espacio realizaron <strong>cine comunitario<\/strong> debido a que \u201c<strong>algunos chicos no tienen la posibilidad de acceder al cine entonces as\u00ed generamos espacios para que disfruten de una tarde distinta\u201d.<\/strong><\/p>\n\n\n\n<p><\/p>\n\n\n\n<p>\u201cAdem\u00e1s, arreglamos la <strong>plaza del Coronel Dorrego<\/strong> que hac\u00eda mucho tiempo que no se pintaba. Hab\u00eda epidemia de dengue y estaban los pastos altos, que los cortamos, y los chicos volvieron a disfrutar el espacio\u201d agreg\u00f3 Verna.<\/p>\n\n\n\n<p><\/p>\n\n\n\n<blockquote class=\"wp-block-quote is-layout-flow wp-block-quote-is-layout-flow\">\n<p>Sobre la actualidad y el trabajo del d\u00eda a d\u00eda, Verna sostuvo que \u201cen este momento para ser solidarios hay que ser creativos. Concebimos al proyecto desde el dar sin esperar nada a cambio y sobre todo entendiendo que la ayuda es una acci\u00f3n pol\u00edtica y no necesariamente partidaria. Creemos que la forma que tiene la sociedad de progresar, de salir adelante y de cambiar diferentes mentalidades se hace a trav\u00e9s de la educaci\u00f3n y del trabajo\u201d.<\/p>\n<\/blockquote>\n\n\n\n<p><\/p>\n\n\n\n<p>Sobre el empleo, Verna explic\u00f3 que \u201ces m\u00e1s complejo porque las demandas son de personas que buscan trabajo. <strong>Hay mucha gente que est\u00e1 desempleada<\/strong>. Hemos generado una estad\u00edstica de cu\u00e1nta gente no tiene trabajo, de qu\u00e9 es lo que necesitan y qu\u00e9 tipo de formaci\u00f3n se necesita\u201d.<\/p>\n\n\n\n<p><\/p>\n\n\n\n<p>Asimismo, subray\u00f3: <em>\u201cSabemos que es un trabajito de hormiga en seguir convenciendo a la gente de que se puede vivir de otra manera, de que la recuperaci\u00f3n de la dignidad y de su forma de ganarse la vida puede cambiar. Ese convencimiento tiene que arrancar en uno pero tambi\u00e9n somos conscientes de que el tejido social est\u00e1 roto y de que la gente est\u00e1 frustrada\u201d.<\/em><\/p>\n\n\n\n<p><\/p>\n\n\n\n<figure class=\"wp-block-image aligncenter size-full\"><img data-recalc-dims=\"1\" loading=\"lazy\" decoding=\"async\" width=\"800\" height=\"510\" src=\"https:\/\/i0.wp.com\/cdnoticias.com\/wp-content\/uploads\/2024\/07\/involucrate-proyecto4.png?resize=800%2C510&#038;ssl=1\" alt=\"\" class=\"wp-image-121044\" srcset=\"https:\/\/i0.wp.com\/cdnoticias.com\/wp-content\/uploads\/2024\/07\/involucrate-proyecto4.png?w=852&amp;ssl=1 852w, https:\/\/i0.wp.com\/cdnoticias.com\/wp-content\/uploads\/2024\/07\/involucrate-proyecto4.png?resize=300%2C191&amp;ssl=1 300w, https:\/\/i0.wp.com\/cdnoticias.com\/wp-content\/uploads\/2024\/07\/involucrate-proyecto4.png?resize=768%2C489&amp;ssl=1 768w\" sizes=\"auto, (max-width: 800px) 100vw, 800px\" \/><\/figure>\n\n\n\n<p><\/p>\n\n\n\n<p>Por otro lado, Verna reflexion\u00f3 sobre el proyecto y expres\u00f3: \u201cEn \u201cInvolucrate\u201d somos j\u00f3venes y tenemos otra energ\u00eda. Tambi\u00e9n tenemos menos recorrido hist\u00f3rico y por eso estamos menos frustrados que mucha parte de la sociedad\u201d.<\/p>\n\n\n\n<p><\/p>\n\n\n\n<p>Sobre proyectos futuros, Verna dijo que quieren darles \u201cuna mejora de calidad de atenci\u00f3n a los chicos, que el espacio se siga refaccionado, contar con una biblioteca propia y que los chicos puedan sentirse m\u00e1s a gusto a donde van. Por \u00faltimo, siempre esperamos que se sumen m\u00e1s chicos\u201d cerr\u00f3.<\/p>\n","protected":false},"excerpt":{"rendered":"<p>El Programa de Integraci\u00f3n Socio Comunitaria comenz\u00f3 en agosto del a\u00f1o pasado y busca ayudar a los barrios m\u00e1s vulnerables<\/p>\n","protected":false},"author":6,"featured_media":121043,"comment_status":"closed","ping_status":"closed","sticky":false,"template":"","format":"standard","meta":{"_jetpack_memberships_contains_paid_content":false,"footnotes":""},"categories":[5,1],"tags":[],"class_list":["post-121016","post","type-post","status-publish","format-standard","has-post-thumbnail","hentry","category-informacion-general","category-portada"],"jetpack_featured_media_url":"https:\/\/i0.wp.com\/cdnoticias.com\/wp-content\/uploads\/2024\/07\/involucrate-proyecto3.png?fit=889%2C545&ssl=1","jetpack_sharing_enabled":true,"_links":{"self":[{"href":"https:\/\/cdnoticias.com\/index.php\/wp-json\/wp\/v2\/posts\/121016","targetHints":{"allow":["GET"]}}],"collection":[{"href":"https:\/\/cdnoticias.com\/index.php\/wp-json\/wp\/v2\/posts"}],"about":[{"href":"https:\/\/cdnoticias.com\/index.php\/wp-json\/wp\/v2\/types\/post"}],"author":[{"embeddable":true,"href":"https:\/\/cdnoticias.com\/index.php\/wp-json\/wp\/v2\/users\/6"}],"replies":[{"embeddable":true,"href":"https:\/\/cdnoticias.com\/index.php\/wp-json\/wp\/v2\/comments?post=121016"}],"version-history":[{"count":0,"href":"https:\/\/cdnoticias.com\/index.php\/wp-json\/wp\/v2\/posts\/121016\/revisions"}],"wp:featuredmedia":[{"embeddable":true,"href":"https:\/\/cdnoticias.com\/index.php\/wp-json\/wp\/v2\/media\/121043"}],"wp:attachment":[{"href":"https:\/\/cdnoticias.com\/index.php\/wp-json\/wp\/v2\/media?parent=121016"}],"wp:term":[{"taxonomy":"category","embeddable":true,"href":"https:\/\/cdnoticias.com\/index.php\/wp-json\/wp\/v2\/categories?post=121016"},{"taxonomy":"post_tag","embeddable":true,"href":"https:\/\/cdnoticias.com\/index.php\/wp-json\/wp\/v2\/tags?post=121016"}],"curies":[{"name":"wp","href":"https:\/\/api.w.org\/{rel}","templated":true}]}}