{"id":12101,"date":"2021-01-23T12:20:13","date_gmt":"2021-01-23T15:20:13","guid":{"rendered":"http:\/\/www.centraldenoticias.com.ar\/?p=12101"},"modified":"2021-01-23T13:54:36","modified_gmt":"2021-01-23T16:54:36","slug":"que-calor-en-la-ciudad-temperaturas-maximas-en-olavarria","status":"publish","type":"post","link":"https:\/\/cdnoticias.com\/index.php\/2021\/01\/23\/que-calor-en-la-ciudad-temperaturas-maximas-en-olavarria\/","title":{"rendered":"\u00a1Qu\u00e9 calor en la ciudad!: temperaturas m\u00e1ximas en Olavarr\u00eda"},"content":{"rendered":"<p>No queremos ser repetitivos, pero las altas temperaturas obligan a estar pendientes del term\u00f3metro. Recomendaciones para no sufrir un golpe de calor y para evitar baja presi\u00f3n de agua en algunos barrios de la ciudad.<!--more--><\/p>\n<hr \/>\n<p>El calor es el tema que se instal\u00f3 en las conversaciones cotidianas. Y no es para menos, desde hace d\u00edas, las altas temperaturas parecen haberse instalado en nuestra ciudad.<strong> \u00bfLlegaron para quedarse?.<\/strong><\/p>\n<p>&nbsp;<\/p>\n<p>El <strong>Servicio Meteorol\u00f3gico Nacional<\/strong> prev\u00e9 la continuidad de jornadas inclusive m\u00e1s calurosas que las que ya hemos soportado. En ese sentido, se observa que<strong> este s\u00e1bado la temperatura llegar\u00eda a los 34 grados.<\/strong><\/p>\n<p>&nbsp;<\/p>\n<p><strong>El domingo, la m\u00e1xima pronosticada asciende a los 35 grados<\/strong> con cielo parcialmente nublado durante toda la jornada.<\/p>\n<p>&nbsp;<\/p>\n<p><img data-recalc-dims=\"1\" loading=\"lazy\" decoding=\"async\" class=\"size-full wp-image-12105 aligncenter\" src=\"https:\/\/i0.wp.com\/cdnoticias.com\/wp-content\/uploads\/2021\/01\/clima.png?resize=529%2C367&#038;ssl=1\" alt=\"\" width=\"529\" height=\"367\" srcset=\"https:\/\/i0.wp.com\/cdnoticias.com\/wp-content\/uploads\/2021\/01\/clima.png?w=529&amp;ssl=1 529w, https:\/\/i0.wp.com\/cdnoticias.com\/wp-content\/uploads\/2021\/01\/clima.png?resize=300%2C208&amp;ssl=1 300w, https:\/\/i0.wp.com\/cdnoticias.com\/wp-content\/uploads\/2021\/01\/clima.png?resize=392%2C272&amp;ssl=1 392w, https:\/\/i0.wp.com\/cdnoticias.com\/wp-content\/uploads\/2021\/01\/clima.png?resize=130%2C90&amp;ssl=1 130w\" sizes=\"auto, (max-width: 529px) 100vw, 529px\" \/><\/p>\n<p>&nbsp;<\/p>\n<p><strong>\u00bfY el lunes?<\/strong> Tambi\u00e9n calor: <strong>m\u00ednima de 23 grados y m\u00e1xima de 36.<\/strong> El cielo tambi\u00e9n estar\u00e1 mayormente nublado durante todo el d\u00eda.<\/p>\n<p>&nbsp;<\/p>\n<p>Teniendo en cuenta este panorama, les sugerimos una serie de recomendaciones para no sufrir un golpe de calor (hacer <a href=\"https:\/\/cdnoticias.com\/index.php\/2021\/01\/22\/ola-de-calor-como-cuidarse-de-las-altas-temperaturas\/\" target=\"_blank\" rel=\"noopener\">click aqu\u00ed<\/a>).<\/p>\n<p>&nbsp;<\/p>\n<p>Adem\u00e1s, desde Coopelectric pidieron hacer un <a href=\"https:\/\/cdnoticias.com\/index.php\/2021\/01\/23\/temperaturas-extremas-piden-cuidar-el-agua\/\" target=\"_blank\" rel=\"noopener\">uso \u201cracional\u201d y \u201csolidario\u201d del agua<\/a> para evitar la baja presi\u00f3n en algunos sectores de la ciudad.<\/p>\n","protected":false},"excerpt":{"rendered":"<p>No queremos ser repetitivos, pero las altas temperaturas obligan a estar pendientes del term\u00f3metro. Recomendaciones para no sufrir un golpe<\/p>\n","protected":false},"author":5,"featured_media":11876,"comment_status":"closed","ping_status":"closed","sticky":false,"template":"","format":"standard","meta":{"_jetpack_memberships_contains_paid_content":false,"footnotes":""},"categories":[5,1],"tags":[],"class_list":["post-12101","post","type-post","status-publish","format-standard","has-post-thumbnail","hentry","category-informacion-general","category-portada"],"jetpack_featured_media_url":"https:\/\/i0.wp.com\/cdnoticias.com\/wp-content\/uploads\/2021\/01\/olavarria02.jpg?fit=846%2C500&ssl=1","jetpack_sharing_enabled":true,"_links":{"self":[{"href":"https:\/\/cdnoticias.com\/index.php\/wp-json\/wp\/v2\/posts\/12101","targetHints":{"allow":["GET"]}}],"collection":[{"href":"https:\/\/cdnoticias.com\/index.php\/wp-json\/wp\/v2\/posts"}],"about":[{"href":"https:\/\/cdnoticias.com\/index.php\/wp-json\/wp\/v2\/types\/post"}],"author":[{"embeddable":true,"href":"https:\/\/cdnoticias.com\/index.php\/wp-json\/wp\/v2\/users\/5"}],"replies":[{"embeddable":true,"href":"https:\/\/cdnoticias.com\/index.php\/wp-json\/wp\/v2\/comments?post=12101"}],"version-history":[{"count":0,"href":"https:\/\/cdnoticias.com\/index.php\/wp-json\/wp\/v2\/posts\/12101\/revisions"}],"wp:featuredmedia":[{"embeddable":true,"href":"https:\/\/cdnoticias.com\/index.php\/wp-json\/wp\/v2\/media\/11876"}],"wp:attachment":[{"href":"https:\/\/cdnoticias.com\/index.php\/wp-json\/wp\/v2\/media?parent=12101"}],"wp:term":[{"taxonomy":"category","embeddable":true,"href":"https:\/\/cdnoticias.com\/index.php\/wp-json\/wp\/v2\/categories?post=12101"},{"taxonomy":"post_tag","embeddable":true,"href":"https:\/\/cdnoticias.com\/index.php\/wp-json\/wp\/v2\/tags?post=12101"}],"curies":[{"name":"wp","href":"https:\/\/api.w.org\/{rel}","templated":true}]}}