{"id":121003,"date":"2024-07-19T11:27:48","date_gmt":"2024-07-19T14:27:48","guid":{"rendered":"https:\/\/cdnoticias.com\/?p=121003"},"modified":"2024-07-19T11:27:50","modified_gmt":"2024-07-19T14:27:50","slug":"pedido-de-precaucion-en-la-circulacion-por-avenida-eva-peron","status":"publish","type":"post","link":"https:\/\/cdnoticias.com\/index.php\/2024\/07\/19\/pedido-de-precaucion-en-la-circulacion-por-avenida-eva-peron\/","title":{"rendered":"Pedido de precauci\u00f3n en la circulaci\u00f3n por avenida Eva Per\u00f3n"},"content":{"rendered":"\n<p>Es debido al plan de obras que concretar\u00e1 un nuevo acceso al Parque Industrial y la ampliaci\u00f3n de la calzada para una doble v\u00eda.<\/p>\n\n\n\n<hr class=\"wp-block-separator has-alpha-channel-opacity\"\/>\n\n\n\n<p>El Municipio de Olavarr\u00eda inform\u00f3 que contin\u00faan los<strong> trabajos sobre la avenida Eva Per\u00f3n -Ex Circunvalaci\u00f3n-, a la altura del cruce con avenida Sarmiento,<\/strong> donde se lleva adelante la<strong> construcci\u00f3n de una rotonda<\/strong> en el marco del Programa de obras que incluye tambi\u00e9n <strong>un nuevo acceso al Parque Industrial y la ampliaci\u00f3n de la calzada para una doble v\u00eda.<\/strong><\/p>\n\n\n\n<p><\/p>\n\n\n\n<p>En ese marco, se encuentra<strong> reducida la circulaci\u00f3n por el sector<\/strong>, por lo que se solicita a la comunidad que se respete no solo la se\u00f1al\u00e9tica colocada eventualmente, como as\u00ed tambi\u00e9n los sentidos de circulaci\u00f3n.<\/p>\n\n\n\n<p><\/p>\n\n\n\n<p>Desde la Secretar\u00eda de Obras P\u00fablicas se detall\u00f3 que por estas horas <strong>se encuentra cerrado al tr\u00e1nsito el carril con direcci\u00f3n a Ruta Nacional 226, en el tramo comprendido entre las avenidas Sarmiento y De los Trabajadores.<\/strong><\/p>\n\n\n\n<p><\/p>\n\n\n\n<blockquote class=\"wp-block-quote is-layout-flow wp-block-quote-is-layout-flow\">\n<p>En el transcurso de la jornada se ha visualizado a conductores no acatando el desv\u00edo e inclusive tomando a contramano el carril con sentido a avenida Del Valle.<\/p>\n<\/blockquote>\n\n\n\n<p><\/p>\n\n\n\n<p>El Municipio enfatiz\u00f3 el <strong>pedido de respeto<\/strong> no s\u00f3lo a la carteler\u00eda e indicaciones, sino a la Ley de Tr\u00e1nsito para evitar el registro de siniestros. Se trata de uno de los principales accesos y egresos de la ciudad, pero tambi\u00e9n a firmas industriales.<\/p>\n","protected":false},"excerpt":{"rendered":"<p>Es debido al plan de obras que concretar\u00e1 un nuevo acceso al Parque Industrial y la ampliaci\u00f3n de la calzada<\/p>\n","protected":false},"author":2,"featured_media":121004,"comment_status":"closed","ping_status":"closed","sticky":false,"template":"","format":"standard","meta":{"_jetpack_memberships_contains_paid_content":false,"footnotes":""},"categories":[5,1],"tags":[],"class_list":["post-121003","post","type-post","status-publish","format-standard","has-post-thumbnail","hentry","category-informacion-general","category-portada"],"jetpack_featured_media_url":"https:\/\/i0.wp.com\/cdnoticias.com\/wp-content\/uploads\/2024\/07\/WhatsApp-Image-2024-07-19-at-09.46.43.jpeg?fit=800%2C445&ssl=1","jetpack_sharing_enabled":true,"_links":{"self":[{"href":"https:\/\/cdnoticias.com\/index.php\/wp-json\/wp\/v2\/posts\/121003","targetHints":{"allow":["GET"]}}],"collection":[{"href":"https:\/\/cdnoticias.com\/index.php\/wp-json\/wp\/v2\/posts"}],"about":[{"href":"https:\/\/cdnoticias.com\/index.php\/wp-json\/wp\/v2\/types\/post"}],"author":[{"embeddable":true,"href":"https:\/\/cdnoticias.com\/index.php\/wp-json\/wp\/v2\/users\/2"}],"replies":[{"embeddable":true,"href":"https:\/\/cdnoticias.com\/index.php\/wp-json\/wp\/v2\/comments?post=121003"}],"version-history":[{"count":0,"href":"https:\/\/cdnoticias.com\/index.php\/wp-json\/wp\/v2\/posts\/121003\/revisions"}],"wp:featuredmedia":[{"embeddable":true,"href":"https:\/\/cdnoticias.com\/index.php\/wp-json\/wp\/v2\/media\/121004"}],"wp:attachment":[{"href":"https:\/\/cdnoticias.com\/index.php\/wp-json\/wp\/v2\/media?parent=121003"}],"wp:term":[{"taxonomy":"category","embeddable":true,"href":"https:\/\/cdnoticias.com\/index.php\/wp-json\/wp\/v2\/categories?post=121003"},{"taxonomy":"post_tag","embeddable":true,"href":"https:\/\/cdnoticias.com\/index.php\/wp-json\/wp\/v2\/tags?post=121003"}],"curies":[{"name":"wp","href":"https:\/\/api.w.org\/{rel}","templated":true}]}}