{"id":121001,"date":"2024-07-19T10:46:29","date_gmt":"2024-07-19T13:46:29","guid":{"rendered":"https:\/\/cdnoticias.com\/?p=121001"},"modified":"2024-07-19T16:22:29","modified_gmt":"2024-07-19T19:22:29","slug":"la-familia-de-mateo-dono-el-dinero-que-sobro-de-la-colecta-para-repatriar-sus-restos-desde-peru","status":"publish","type":"post","link":"https:\/\/cdnoticias.com\/index.php\/2024\/07\/19\/la-familia-de-mateo-dono-el-dinero-que-sobro-de-la-colecta-para-repatriar-sus-restos-desde-peru\/","title":{"rendered":"La familia de Mateo don\u00f3 el dinero que sobr\u00f3 de la colecta para repatriar sus restos desde Per\u00fa"},"content":{"rendered":"\n<p>Agradecieron el apoyo de la comunidad y mostraron el destino del dinero que no fue utilizado. El monto de las transferencias ronda los 12 millones de pesos.<\/p>\n\n\n\n<hr class=\"wp-block-separator has-alpha-channel-opacity\"\/>\n\n\n\n<p>La familia de Mateo Acu\u00f1a Caputo,<a href=\"https:\/\/cdnoticias.com\/index.php\/2024\/07\/11\/la-familia-de-mateo-acuna-viajara-este-jueves-a-peru-para-repatriar-sus-restos\/#google_vignette\" data-type=\"link\" data-id=\"https:\/\/cdnoticias.com\/index.php\/2024\/07\/11\/la-familia-de-mateo-acuna-viajara-este-jueves-a-peru-para-repatriar-sus-restos\/#google_vignette\"> el olavarriense fallecido en Per\u00fa,<\/a> emiti\u00f3 un comunicado en el que detallaron <strong>el destino de los fondos que quedaron tras conseguir repatriar los restos del joven.<\/strong><\/p>\n\n\n\n<p><\/p>\n\n\n\n<p>Su madre, Eugenia Caputo, utiliz\u00f3 las redes sociales para agradecer el apoyo recibido por la comunidad <strong>\u201cpara que podamos traer a nuestro querido hijo Mateo a su descanso final a nuestra ciudad\u201d.<\/strong><\/p>\n\n\n\n<p><\/p>\n\n\n\n<blockquote class=\"wp-block-quote is-layout-flow wp-block-quote-is-layout-flow\">\n<p>Se\u00f1al\u00f3 que \u201cfamiliares, amigos, conocidos, instituciones p\u00fablicas y privadas, gente muy cercana y gente desde muy lejos. Incluso, personas desconocidas, que se han solidarizado. No existen palabras que puedan expresar nuestro eterno agradecimiento\u201d.<\/p>\n<\/blockquote>\n\n\n\n<p><\/p>\n\n\n\n<p>A su vez, exhibi\u00f3 los comprobantes de las transferencias realizadas a distintas personas que se encuentran atravesando una dif\u00edcil situaci\u00f3n. \u201cUna parte se ha transferido a la se\u00f1ora <strong>Anabella Bravo, mam\u00e1 de Thiago Bauer. <\/strong>El chico est\u00e1 a la espera de un donante de corneas\u201d.<\/p>\n\n\n\n<p><\/p>\n\n\n\n<p>\u201cOtra parte del dinero ha sido transferido a la se\u00f1orita <strong>Marina Curip\u00e1n<\/strong>, quien ha recibido un transplante de h\u00edgado esta semana. Ella necesita residir en cercan\u00eda al Hospital El Cruce, para control de su evoluci\u00f3n\u201d.<\/p>\n\n\n\n<p><\/p>\n\n\n\n<p>El dinero transferido llega a los<strong> casi 12 millones de pesos.<\/strong><\/p>\n","protected":false},"excerpt":{"rendered":"<p>Agradecieron el apoyo de la comunidad y mostraron el destino del dinero que no fue utilizado. El monto de las<\/p>\n","protected":false},"author":2,"featured_media":120550,"comment_status":"closed","ping_status":"closed","sticky":false,"template":"","format":"standard","meta":{"_jetpack_memberships_contains_paid_content":false,"footnotes":""},"categories":[5,1],"tags":[],"class_list":["post-121001","post","type-post","status-publish","format-standard","has-post-thumbnail","hentry","category-informacion-general","category-portada"],"jetpack_featured_media_url":"https:\/\/i0.wp.com\/cdnoticias.com\/wp-content\/uploads\/2024\/07\/mateo-acuna.png?fit=900%2C472&ssl=1","jetpack_sharing_enabled":true,"_links":{"self":[{"href":"https:\/\/cdnoticias.com\/index.php\/wp-json\/wp\/v2\/posts\/121001","targetHints":{"allow":["GET"]}}],"collection":[{"href":"https:\/\/cdnoticias.com\/index.php\/wp-json\/wp\/v2\/posts"}],"about":[{"href":"https:\/\/cdnoticias.com\/index.php\/wp-json\/wp\/v2\/types\/post"}],"author":[{"embeddable":true,"href":"https:\/\/cdnoticias.com\/index.php\/wp-json\/wp\/v2\/users\/2"}],"replies":[{"embeddable":true,"href":"https:\/\/cdnoticias.com\/index.php\/wp-json\/wp\/v2\/comments?post=121001"}],"version-history":[{"count":0,"href":"https:\/\/cdnoticias.com\/index.php\/wp-json\/wp\/v2\/posts\/121001\/revisions"}],"wp:featuredmedia":[{"embeddable":true,"href":"https:\/\/cdnoticias.com\/index.php\/wp-json\/wp\/v2\/media\/120550"}],"wp:attachment":[{"href":"https:\/\/cdnoticias.com\/index.php\/wp-json\/wp\/v2\/media?parent=121001"}],"wp:term":[{"taxonomy":"category","embeddable":true,"href":"https:\/\/cdnoticias.com\/index.php\/wp-json\/wp\/v2\/categories?post=121001"},{"taxonomy":"post_tag","embeddable":true,"href":"https:\/\/cdnoticias.com\/index.php\/wp-json\/wp\/v2\/tags?post=121001"}],"curies":[{"name":"wp","href":"https:\/\/api.w.org\/{rel}","templated":true}]}}