{"id":12094,"date":"2021-01-23T10:22:13","date_gmt":"2021-01-23T13:22:13","guid":{"rendered":"http:\/\/www.centraldenoticias.com.ar\/?p=12094"},"modified":"2021-01-23T12:20:29","modified_gmt":"2021-01-23T15:20:29","slug":"comenzo-la-aplicacion-de-la-segunda-dosis-de-la-vacuna-sputnik-en-olavarria","status":"publish","type":"post","link":"https:\/\/cdnoticias.com\/index.php\/2021\/01\/23\/comenzo-la-aplicacion-de-la-segunda-dosis-de-la-vacuna-sputnik-en-olavarria\/","title":{"rendered":"Comenz\u00f3 la aplicaci\u00f3n de la segunda dosis de la vacuna Sputnik en Olavarr\u00eda"},"content":{"rendered":"<p>Se lleva a cabo desde la ma\u00f1ana de este s\u00e1bado en el Hospital de Oncolog\u00eda. Adem\u00e1s, se anunci\u00f3 la llegada a la ciudad de las 300 primeras dosis para personal de salud mayor de 60 a\u00f1os.<!--more--><\/p>\n<hr \/>\n<p>Autoridades del Hospital de Oncolog\u00eda confirmaron que este s\u00e1bado 23,<strong> a trav\u00e9s de un sistema de turnos, se desarrolla la aplicaci\u00f3n de la segunda dosis de la vacuna Sputnik V para trabajadores de la salud en el horario de 8 a 13 horas.<\/strong> Adem\u00e1s, se anunci\u00f3 la llegada a la ciudad de <strong>300 primeras dosis para el personal de salud mayor de 60 a\u00f1os<\/strong> luego de la autorizaci\u00f3n de la ANMAT.<\/p>\n<p>&nbsp;<\/p>\n<p>De esta manera, <strong>al cumplirse 21 d\u00edas de la aplicaci\u00f3n de la primera dosis<\/strong>, este s\u00e1bado comenz\u00f3 en Olavarr\u00eda la inoculaci\u00f3n con la segunda dosis de Sputnik V a los trabajadores de la salud y completar el tratamiento de inmunizaci\u00f3n. Se trata de un total de 500 segundas dosis que llegaron a la ciudad en el pasado mi\u00e9rcoles.<\/p>\n<p>&nbsp;<\/p>\n<p>Al mismo tiempo, se inform\u00f3 la llegada para este s\u00e1bado de <strong>150 primeras dosis para el Hospital de Onocolog\u00eda y 150 primeras dosis para el Hospital Municipal que comenzar\u00e1n a administrarse a personas mayores de 60 a\u00f1os que cumplan funciones como personal de salud<\/strong>, luego de la autorizaci\u00f3n que present\u00f3 la ANMAT durante la \u00faltima semana.<\/p>\n<p>&nbsp;<\/p>\n<p><img data-recalc-dims=\"1\" loading=\"lazy\" decoding=\"async\" class=\"alignnone size-large wp-image-11497\" src=\"https:\/\/i0.wp.com\/cdnoticias.com\/wp-content\/uploads\/2021\/01\/WhatsApp-Image-2021-01-15-at-15.36.06.jpeg?resize=800%2C448&#038;ssl=1\" alt=\"\" width=\"800\" height=\"448\" srcset=\"https:\/\/i0.wp.com\/cdnoticias.com\/wp-content\/uploads\/2021\/01\/WhatsApp-Image-2021-01-15-at-15.36.06.jpeg?resize=1024%2C574&amp;ssl=1 1024w, https:\/\/i0.wp.com\/cdnoticias.com\/wp-content\/uploads\/2021\/01\/WhatsApp-Image-2021-01-15-at-15.36.06.jpeg?resize=300%2C168&amp;ssl=1 300w, https:\/\/i0.wp.com\/cdnoticias.com\/wp-content\/uploads\/2021\/01\/WhatsApp-Image-2021-01-15-at-15.36.06.jpeg?resize=768%2C430&amp;ssl=1 768w, https:\/\/i0.wp.com\/cdnoticias.com\/wp-content\/uploads\/2021\/01\/WhatsApp-Image-2021-01-15-at-15.36.06.jpeg?w=1280&amp;ssl=1 1280w\" sizes=\"auto, (max-width: 800px) 100vw, 800px\" \/><\/p>\n<p>&nbsp;<\/p>\n<blockquote><p>En este caso, se indic\u00f3 que la vacunaci\u00f3n ser\u00e1 a demanda espont\u00e1nea para personal de salud, tanto del \u00e1mbito p\u00fablico como privado desde el d\u00eda lunes a mi\u00e9rcoles en el horario de 8 a 14 horas en el Hospital de Oncolog\u00eda.<\/p><\/blockquote>\n<p>&nbsp;<\/p>\n<p><a href=\"https:\/\/cdnoticias.com\/index.php\/2021\/01\/20\/finalmente-anmat-aprobo-la-sputnik-v-para-mayores-de-60-anos\/\" target=\"_blank\" rel=\"noopener\">La ANMAT aval\u00f3 la nueva autorizaci\u00f3n a la Sputnik V<\/a> para personas mayores de 60 a\u00f1os tras un intenso trabajo de an\u00e1lisis que culmin\u00f3 el pasado mi\u00e9rcoles 20 de enero. <strong><em>&#8220;Los par\u00e1metros de seguridad, inmunogenicidad y eficacia son aceptables&#8221;<\/em><\/strong>, remarc\u00f3 el organismo y en funci\u00f3n de ese an\u00e1lisis recomend\u00f3 al Ministerio de Salud de la Naci\u00f3n aplicarla a las personas de esa edad. La autorizaci\u00f3n es fundamental ya que esa franja de la poblaci\u00f3n es la que mayor riesgo tiene en caso de contraer el virus.<\/p>\n<p>&nbsp;<\/p>\n<p><img data-recalc-dims=\"1\" loading=\"lazy\" decoding=\"async\" class=\"alignnone size-large wp-image-11292\" src=\"https:\/\/i0.wp.com\/cdnoticias.com\/wp-content\/uploads\/2021\/01\/WhatsApp-Image-2021-01-12-at-19.23.11.jpeg?resize=800%2C555&#038;ssl=1\" alt=\"\" width=\"800\" height=\"555\" srcset=\"https:\/\/i0.wp.com\/cdnoticias.com\/wp-content\/uploads\/2021\/01\/WhatsApp-Image-2021-01-12-at-19.23.11.jpeg?resize=1024%2C711&amp;ssl=1 1024w, https:\/\/i0.wp.com\/cdnoticias.com\/wp-content\/uploads\/2021\/01\/WhatsApp-Image-2021-01-12-at-19.23.11.jpeg?resize=300%2C208&amp;ssl=1 300w, https:\/\/i0.wp.com\/cdnoticias.com\/wp-content\/uploads\/2021\/01\/WhatsApp-Image-2021-01-12-at-19.23.11.jpeg?resize=768%2C533&amp;ssl=1 768w, https:\/\/i0.wp.com\/cdnoticias.com\/wp-content\/uploads\/2021\/01\/WhatsApp-Image-2021-01-12-at-19.23.11.jpeg?resize=392%2C272&amp;ssl=1 392w, https:\/\/i0.wp.com\/cdnoticias.com\/wp-content\/uploads\/2021\/01\/WhatsApp-Image-2021-01-12-at-19.23.11.jpeg?resize=130%2C90&amp;ssl=1 130w, https:\/\/i0.wp.com\/cdnoticias.com\/wp-content\/uploads\/2021\/01\/WhatsApp-Image-2021-01-12-at-19.23.11.jpeg?w=1280&amp;ssl=1 1280w\" sizes=\"auto, (max-width: 800px) 100vw, 800px\" \/><\/p>\n<p>&nbsp;<\/p>\n<p>Cabe recordar que<strong> luego de culminar con la vacunaci\u00f3n del personal de salud, la campa\u00f1a de inmunizaci\u00f3n avanzar\u00e1 para las personas inscriptas en la web del Plan <a href=\"https:\/\/vacunatepba.gba.gob.ar\/\" target=\"_blank\" rel=\"noopener\">\u201cBuenos Aires Vacunate\u201d<\/a><\/strong>.<\/p>\n<p>&nbsp;<\/p>\n<p>Tambi\u00e9n se pusieron a disposici\u00f3n <a href=\"https:\/\/cdnoticias.com\/index.php\/2021\/01\/21\/nuevos-puntos-para-inscribirse-personalmente-a-la-vacunacion-contra-el-covid\/\" target=\"_blank\" rel=\"noopener\">sedes para la inscripci\u00f3n de manera presencial<\/a> para personal que no tengan conectividad o la posibilidad de inscribirse a trav\u00e9s del sitio web de la provincia.<\/p>\n","protected":false},"excerpt":{"rendered":"<p>Se lleva a cabo desde la ma\u00f1ana de este s\u00e1bado en el Hospital de Oncolog\u00eda. Adem\u00e1s, se anunci\u00f3 la llegada<\/p>\n","protected":false},"author":5,"featured_media":11033,"comment_status":"closed","ping_status":"closed","sticky":false,"template":"","format":"standard","meta":{"_jetpack_memberships_contains_paid_content":false,"footnotes":""},"categories":[5,1],"tags":[],"class_list":["post-12094","post","type-post","status-publish","format-standard","has-post-thumbnail","hentry","category-informacion-general","category-portada"],"jetpack_featured_media_url":"https:\/\/i0.wp.com\/cdnoticias.com\/wp-content\/uploads\/2021\/01\/WhatsApp-Image-2021-01-09-at-11.24.10-2.jpeg?fit=1232%2C816&ssl=1","jetpack_sharing_enabled":true,"_links":{"self":[{"href":"https:\/\/cdnoticias.com\/index.php\/wp-json\/wp\/v2\/posts\/12094","targetHints":{"allow":["GET"]}}],"collection":[{"href":"https:\/\/cdnoticias.com\/index.php\/wp-json\/wp\/v2\/posts"}],"about":[{"href":"https:\/\/cdnoticias.com\/index.php\/wp-json\/wp\/v2\/types\/post"}],"author":[{"embeddable":true,"href":"https:\/\/cdnoticias.com\/index.php\/wp-json\/wp\/v2\/users\/5"}],"replies":[{"embeddable":true,"href":"https:\/\/cdnoticias.com\/index.php\/wp-json\/wp\/v2\/comments?post=12094"}],"version-history":[{"count":0,"href":"https:\/\/cdnoticias.com\/index.php\/wp-json\/wp\/v2\/posts\/12094\/revisions"}],"wp:featuredmedia":[{"embeddable":true,"href":"https:\/\/cdnoticias.com\/index.php\/wp-json\/wp\/v2\/media\/11033"}],"wp:attachment":[{"href":"https:\/\/cdnoticias.com\/index.php\/wp-json\/wp\/v2\/media?parent=12094"}],"wp:term":[{"taxonomy":"category","embeddable":true,"href":"https:\/\/cdnoticias.com\/index.php\/wp-json\/wp\/v2\/categories?post=12094"},{"taxonomy":"post_tag","embeddable":true,"href":"https:\/\/cdnoticias.com\/index.php\/wp-json\/wp\/v2\/tags?post=12094"}],"curies":[{"name":"wp","href":"https:\/\/api.w.org\/{rel}","templated":true}]}}