{"id":120928,"date":"2024-07-18T07:48:12","date_gmt":"2024-07-18T10:48:12","guid":{"rendered":"https:\/\/cdnoticias.com\/?p=120928"},"modified":"2024-07-18T07:48:14","modified_gmt":"2024-07-18T10:48:14","slug":"florencia-elena-wrobel-viuda-de-elizaga-flory-q-e-p-d","status":"publish","type":"post","link":"https:\/\/cdnoticias.com\/index.php\/2024\/07\/18\/florencia-elena-wrobel-viuda-de-elizaga-flory-q-e-p-d\/","title":{"rendered":"Florencia Elena Wrobel viuda de Elizaga \u201cFlory\u201d (Q.E.P.D.)"},"content":{"rendered":"\n<p>Falleci\u00f3 en Olavarr\u00eda el 17 de julio de 2024 a los 95 a\u00f1os de edad. Sus hijos: Silvia, Alicia y Juan Carlos Elizaga; sus nietos: Gianluca y Giovanni Dimatteo; Florencia, Luc\u00eda (A) y Juan Ignacio Indo, Emanuel Maldonado Tuero (A); Juan Bautista y Malena Elizaga; sus hijos pol\u00edticos: Roberto Dimatteo y Ra\u00fal Eduardo Indo; su hermano: Juan Carlos, hermana pol\u00edtica, sobrinos y dem\u00e1s familiares participan su fallecimiento<\/p>\n\n\n\n<p><\/p>\n\n\n\n<p>Sus restos son velados en Espa\u00f1a 2942 departamento &#8220;E&#8221; y ser\u00e1n inhumados en el cementerio Loma de Paz, este jueves a las 13:30, previo responso en la capilla ardiente. Vecina de Pueblo Nuevo. Nacida en Berisso. Jubilada y Pensionada.<\/p>\n","protected":false},"excerpt":{"rendered":"<p>Falleci\u00f3 en Olavarr\u00eda el 17 de julio de 2024 a los 95 a\u00f1os de edad. Sus hijos: Silvia, Alicia y<\/p>\n","protected":false},"author":2,"featured_media":100390,"comment_status":"closed","ping_status":"closed","sticky":false,"template":"","format":"standard","meta":{"_jetpack_memberships_contains_paid_content":false,"footnotes":""},"categories":[10],"tags":[],"class_list":["post-120928","post","type-post","status-publish","format-standard","has-post-thumbnail","hentry","category-necrologicas"],"jetpack_featured_media_url":"https:\/\/i0.wp.com\/cdnoticias.com\/wp-content\/uploads\/2023\/10\/necrologicas-390-x-240.jpg?fit=390%2C240&ssl=1","jetpack_sharing_enabled":true,"_links":{"self":[{"href":"https:\/\/cdnoticias.com\/index.php\/wp-json\/wp\/v2\/posts\/120928","targetHints":{"allow":["GET"]}}],"collection":[{"href":"https:\/\/cdnoticias.com\/index.php\/wp-json\/wp\/v2\/posts"}],"about":[{"href":"https:\/\/cdnoticias.com\/index.php\/wp-json\/wp\/v2\/types\/post"}],"author":[{"embeddable":true,"href":"https:\/\/cdnoticias.com\/index.php\/wp-json\/wp\/v2\/users\/2"}],"replies":[{"embeddable":true,"href":"https:\/\/cdnoticias.com\/index.php\/wp-json\/wp\/v2\/comments?post=120928"}],"version-history":[{"count":0,"href":"https:\/\/cdnoticias.com\/index.php\/wp-json\/wp\/v2\/posts\/120928\/revisions"}],"wp:featuredmedia":[{"embeddable":true,"href":"https:\/\/cdnoticias.com\/index.php\/wp-json\/wp\/v2\/media\/100390"}],"wp:attachment":[{"href":"https:\/\/cdnoticias.com\/index.php\/wp-json\/wp\/v2\/media?parent=120928"}],"wp:term":[{"taxonomy":"category","embeddable":true,"href":"https:\/\/cdnoticias.com\/index.php\/wp-json\/wp\/v2\/categories?post=120928"},{"taxonomy":"post_tag","embeddable":true,"href":"https:\/\/cdnoticias.com\/index.php\/wp-json\/wp\/v2\/tags?post=120928"}],"curies":[{"name":"wp","href":"https:\/\/api.w.org\/{rel}","templated":true}]}}