{"id":120885,"date":"2024-07-17T16:42:25","date_gmt":"2024-07-17T19:42:25","guid":{"rendered":"https:\/\/cdnoticias.com\/?p=120885"},"modified":"2024-07-17T18:30:05","modified_gmt":"2024-07-17T21:30:05","slug":"control-de-cargas-es-muy-preocupante-la-cantidad-de-camiones-excedidos-que-nos-encontramos","status":"publish","type":"post","link":"https:\/\/cdnoticias.com\/index.php\/2024\/07\/17\/control-de-cargas-es-muy-preocupante-la-cantidad-de-camiones-excedidos-que-nos-encontramos\/","title":{"rendered":"Control de cargas: \u201cEs muy preocupante la cantidad de camiones excedidos que nos encontramos\u201d"},"content":{"rendered":"<p>Lo dijo el ministro de Transporte de la provincia, Jorge D\u2019Onofrio. En el primer semestre se secuestraron 749 toneladas con fiscalizaci\u00f3n de 877 unidades y sanci\u00f3n a 65 empresas. La \u00faltima retenci\u00f3n ocurri\u00f3 en ruta 11, en San Clemente del Tuy\u00fa.<!--more--><\/p>\n<hr \/>\n<p>El <strong>Ministerio de Transporte de la provincia de Buenos Aires<\/strong> da a conocer habitualmente los <strong>controles de cargas<\/strong> que realiza en las rutas bonaerenses. En ese marco, se inform\u00f3 que <strong>en el primer semestre se secuestraron 749 toneladas<\/strong> de mercader\u00eda que exced\u00eda el pesaje permitido de los transportes.<\/p>\n<p>Este martes se detall\u00f3 de un control realizado <strong>en ruta 11, en San Clemente del Tuy\u00fa, donde se detectaron 30 toneladas<\/strong> de sobrepeso.<\/p>\n<blockquote><p>\u201cEs muy preocupante la cantidad de camiones excedidos que nos encontramos en cada control\u201d sostuvo el ministro Jorge D&#8217;Onofrio. Defini\u00f3 que \u201ctrabajamos con contundencia en los operativos de fiscalizaci\u00f3n ya que estamos con mucha preocupaci\u00f3n\u201d.<\/p><\/blockquote>\n<p>\u201cCada kilo que va de m\u00e1s es mercader\u00eda en negro. <strong>No solo destrozan las rutas y realizan maniobras tenebrosas al conducir, sino que perjudican al fisco<\/strong> y, por consiguiente, a la ciudadan\u00eda por las cifras que evaden\u201d, dispar\u00f3 el funcionario bonaerense.<\/p>\n<p><img data-recalc-dims=\"1\" loading=\"lazy\" decoding=\"async\" class=\"size-full wp-image-120887 aligncenter\" src=\"https:\/\/i0.wp.com\/cdnoticias.com\/wp-content\/uploads\/2024\/07\/control-de-cargas-camion-01.jpg?resize=800%2C445&#038;ssl=1\" alt=\"\" width=\"800\" height=\"445\" srcset=\"https:\/\/i0.wp.com\/cdnoticias.com\/wp-content\/uploads\/2024\/07\/control-de-cargas-camion-01.jpg?w=800&amp;ssl=1 800w, https:\/\/i0.wp.com\/cdnoticias.com\/wp-content\/uploads\/2024\/07\/control-de-cargas-camion-01.jpg?resize=300%2C167&amp;ssl=1 300w, https:\/\/i0.wp.com\/cdnoticias.com\/wp-content\/uploads\/2024\/07\/control-de-cargas-camion-01.jpg?resize=768%2C427&amp;ssl=1 768w\" sizes=\"auto, (max-width: 800px) 100vw, 800px\" \/><\/p>\n<h3>Balance semestral<\/h3>\n<p>En los <strong>primeros seis meses de 2024<\/strong>, la cartera provincial intensific\u00f3 los operativos para <em>preservar la cinta asf\u00e1ltica, mitigar la evasi\u00f3n impositiva y reforzar la seguridad vial<\/em>.<strong> \u201cEl combate contra la carga ilegal es una de las principales acciones de la cartera provincial\u201d<\/strong> defini\u00f3 el organismo bonaerense.<\/p>\n<blockquote><p>Los n\u00fameros son elocuentes: en lo que va del a\u00f1o, Transporte retuvo un total de 749 toneladas de carga excedida en distintos operativos de control. Se fiscalizaron 877 camiones de cargas y se labraron 65 infracciones por diversas irregularidades, lo que implic\u00f3 sanciones a las empresas correspondientes.<\/p><\/blockquote>\n<p>\u201cEn estas labores, las y los agentes de Fiscalizaci\u00f3n <strong>utilizan balanzas din\u00e1micas especiales<\/strong> para pesar los veh\u00edculos de gran porte y <strong>entrecruzar la informaci\u00f3n con el remito de carga<\/strong>. A su vez, constatan el <strong>estado de las cubiertas<\/strong>, los <strong>elementos de seguridad<\/strong> y la <strong>documentaci\u00f3n<\/strong> correspondiente para circular y que el conductor cumpla con el <strong>alcohol cero<\/strong> al volante\u201d detall\u00f3 el ministerio de Transporte.<\/p>\n<p><img data-recalc-dims=\"1\" loading=\"lazy\" decoding=\"async\" class=\"size-full wp-image-120888 aligncenter\" src=\"https:\/\/i0.wp.com\/cdnoticias.com\/wp-content\/uploads\/2024\/07\/control-de-cargas-camion-02.jpg?resize=800%2C533&#038;ssl=1\" alt=\"\" width=\"800\" height=\"533\" srcset=\"https:\/\/i0.wp.com\/cdnoticias.com\/wp-content\/uploads\/2024\/07\/control-de-cargas-camion-02.jpg?w=800&amp;ssl=1 800w, https:\/\/i0.wp.com\/cdnoticias.com\/wp-content\/uploads\/2024\/07\/control-de-cargas-camion-02.jpg?resize=300%2C200&amp;ssl=1 300w, https:\/\/i0.wp.com\/cdnoticias.com\/wp-content\/uploads\/2024\/07\/control-de-cargas-camion-02.jpg?resize=768%2C512&amp;ssl=1 768w, https:\/\/i0.wp.com\/cdnoticias.com\/wp-content\/uploads\/2024\/07\/control-de-cargas-camion-02.jpg?resize=272%2C182&amp;ssl=1 272w\" sizes=\"auto, (max-width: 800px) 100vw, 800px\" \/><\/p>\n<h3>Los controles durante el mes de julio<\/h3>\n<p>El \u00faltimo de los controles informados se realiz\u00f3 <strong>sobre la ruta 11, en San Clemente del Tuy\u00fa<\/strong>, donde <strong>los inspectores detectaron m\u00e1s de 30 toneladas de carga ilegal.<\/strong><\/p>\n<p>En concreto, se inform\u00f3 este martes que el personal de Fiscalizaci\u00f3n del Transporte retir\u00f3 en el<strong> kil\u00f3metro 346 de la ruta provincial 11<\/strong> a<strong> dos camiones<\/strong> que trasladaban un total de <strong>33,500 toneladas de piedra<\/strong> por encima del peso permitido. Ambos conductores quedaron <strong>imputados bajo el art\u00edculo 29 de la Ley de Tr\u00e1nsito 24.499<\/strong> por incumplir las condiciones de seguridad del veh\u00edculo.<\/p>\n<p>En tanto, la semana pasada se hab\u00eda dado a conocer un <strong>operativo realizado en la localidad de Ver\u00f3nica<\/strong>. El Ministerio de Transporte detect\u00f3<strong> 28.400 kilogramos de m\u00e1s en dos camiones de carga<\/strong>.<\/p>\n<p>El primero de los veh\u00edculos llevaba 13.200 kilogramos de exceso; el segundo, con 15.200. Se procedi\u00f3 a labrar las actas de infracci\u00f3n y sanciones correspondientes.<\/p>\n<p>Finalmente, el jueves 4 de julio los agentes de Fiscalizaci\u00f3n verificaron que<strong> un cami\u00f3n de cargas transportaba un exceso de 17 toneladas en el municipio de Quilmes. El chofer se dio a la fuga<\/strong>, pero instantes despu\u00e9s, con ayuda de personal policial, se logr\u00f3 una persecuci\u00f3n efectiva, fue detenido y se labraron las actas de infracci\u00f3n correspondientes.<\/p>\n<blockquote><p>Desde el Ministerio de Transporte se destac\u00f3 que transcurridas dos semanas del segundo semestre, ya logr\u00f3 retirar 810 toneladas de sobrepeso de las rutas bonaerenses a lo largo del a\u00f1o.<\/p><\/blockquote>\n","protected":false},"excerpt":{"rendered":"<p>Lo dijo el ministro de Transporte de la provincia, Jorge D\u2019Onofrio. En el primer semestre se secuestraron 749 toneladas con<\/p>\n","protected":false},"author":4,"featured_media":120886,"comment_status":"closed","ping_status":"closed","sticky":false,"template":"","format":"standard","meta":{"_jetpack_memberships_contains_paid_content":false,"footnotes":""},"categories":[6,1],"tags":[],"class_list":["post-120885","post","type-post","status-publish","format-standard","has-post-thumbnail","hentry","category-nacionales","category-portada"],"jetpack_featured_media_url":"https:\/\/i0.wp.com\/cdnoticias.com\/wp-content\/uploads\/2024\/07\/control-de-cargas-camion-00.jpg?fit=800%2C446&ssl=1","jetpack_sharing_enabled":true,"_links":{"self":[{"href":"https:\/\/cdnoticias.com\/index.php\/wp-json\/wp\/v2\/posts\/120885","targetHints":{"allow":["GET"]}}],"collection":[{"href":"https:\/\/cdnoticias.com\/index.php\/wp-json\/wp\/v2\/posts"}],"about":[{"href":"https:\/\/cdnoticias.com\/index.php\/wp-json\/wp\/v2\/types\/post"}],"author":[{"embeddable":true,"href":"https:\/\/cdnoticias.com\/index.php\/wp-json\/wp\/v2\/users\/4"}],"replies":[{"embeddable":true,"href":"https:\/\/cdnoticias.com\/index.php\/wp-json\/wp\/v2\/comments?post=120885"}],"version-history":[{"count":0,"href":"https:\/\/cdnoticias.com\/index.php\/wp-json\/wp\/v2\/posts\/120885\/revisions"}],"wp:featuredmedia":[{"embeddable":true,"href":"https:\/\/cdnoticias.com\/index.php\/wp-json\/wp\/v2\/media\/120886"}],"wp:attachment":[{"href":"https:\/\/cdnoticias.com\/index.php\/wp-json\/wp\/v2\/media?parent=120885"}],"wp:term":[{"taxonomy":"category","embeddable":true,"href":"https:\/\/cdnoticias.com\/index.php\/wp-json\/wp\/v2\/categories?post=120885"},{"taxonomy":"post_tag","embeddable":true,"href":"https:\/\/cdnoticias.com\/index.php\/wp-json\/wp\/v2\/tags?post=120885"}],"curies":[{"name":"wp","href":"https:\/\/api.w.org\/{rel}","templated":true}]}}