{"id":120874,"date":"2024-07-18T08:10:35","date_gmt":"2024-07-18T11:10:35","guid":{"rendered":"https:\/\/cdnoticias.com\/?p=120874"},"modified":"2024-07-18T11:39:00","modified_gmt":"2024-07-18T14:39:00","slug":"vacaciones-de-invierno-en-olavarria-las-propuestas-para-este-jueves","status":"publish","type":"post","link":"https:\/\/cdnoticias.com\/index.php\/2024\/07\/18\/vacaciones-de-invierno-en-olavarria-las-propuestas-para-este-jueves\/","title":{"rendered":"Vacaciones de invierno en Olavarr\u00eda: las propuestas para este jueves"},"content":{"rendered":"\n<p>Visitas y talleres en el bioparque \u201cLa M\u00e1xima\u201d, actividades en los museos, talleres de origami y de dibujo entre las actividades destacadas.<\/p>\n\n\n\n<hr class=\"wp-block-separator has-alpha-channel-opacity\"\/>\n\n\n\n<p>El Municipio de Olavarr\u00eda difundi\u00f3 el cronograma de propuestas para las vacaciones de invierno con tem\u00e1ticas de ambiente, cultura, patrimonio, arte, historia, deporte, juegos y recreaci\u00f3n, ciencia y tecnolog\u00eda.<\/p>\n\n\n\n<p><\/p>\n\n\n\n<p>La intenci\u00f3n es descubrir y redescubrir los espacios culturales de nuestra ciudad y las localidades y, al mismo tiempo, explorar lo mejor de nuestra regi\u00f3n.<\/p>\n\n\n\n<p><\/p>\n\n\n\n<p><strong>La agenda para este jueves<\/strong><\/p>\n\n\n\n<p><\/p>\n\n\n\n<p><strong>14:00 horas. Bioparque Municipal \u201cLa M\u00e1xima\u201d (Av. Pellegrini 4200). Visita a la Granja Educativa.<\/strong> INSCRIPCI\u00d3N PREVIA. Cupo m\u00e1ximo: 35 personas. <a href=\"https:\/\/docs.google.com\/forms\/d\/e\/1FAIpQLSdMHRsbB02Kpiqo98uYS7xJ0-Q_C9qkWSRRFeYrVq4_NIISGg\/closedform\" data-type=\"link\" data-id=\"https:\/\/docs.google.com\/forms\/d\/e\/1FAIpQLSdMHRsbB02Kpiqo98uYS7xJ0-Q_C9qkWSRRFeYrVq4_NIISGg\/closedform\">Link de inscripci\u00f3n<\/a><\/p>\n\n\n\n<p><\/p>\n\n\n\n<p><strong>14:00 horas. Bioparque Municipal \u201cLa M\u00e1xima\u201d (Av. Pellegrini 4200). Charla \u201cCuidemos a nuestros animales de compa\u00f1\u00eda\u201d<\/strong>, a cargo del personal del Centro de Atenci\u00f3n Veterinario. INSCRIPCI\u00d3N PREVIA. Cupo m\u00e1ximo: 25 personas.<a href=\"https:\/\/docs.google.com\/forms\/d\/e\/1FAIpQLSf0WI-FDnfY_C--6BIHivaHK9_naY6t_cvGKZNTBgcdPXRaVw\/viewform\" data-type=\"link\" data-id=\"https:\/\/docs.google.com\/forms\/d\/e\/1FAIpQLSf0WI-FDnfY_C--6BIHivaHK9_naY6t_cvGKZNTBgcdPXRaVw\/viewform\"> Link de inscripci\u00f3n<\/a><\/p>\n\n\n\n<p><\/p>\n\n\n\n<p><strong>14:00 a 16:00 horas. Centro Interdisciplinario de Investigaci\u00f3n y Tecnolog\u00eda (CIIT) en el Museo de las Ciencias (Av. Pellegrini 4200). Mundo Robot. <\/strong>Esta propuesta pretende poner manos a la obra para compartir en familia un momento de entretenimiento. Se podr\u00e1n colorear im\u00e1genes de robots o armar robots de papel que se llevar\u00e1n a sus hogares.<\/p>\n\n\n\n<p><\/p>\n\n\n\n<p><strong>14:30. Museo Municipal de las Ciencias (Av. Pellegrini 4200). \u201cTitesaurio\u201d.<\/strong> Construiremos juntos peque\u00f1os t\u00edteres de dinosaurios para que con ellos puedan recrear distintas historias. Edad: 3 a 8 a\u00f1os. INSCRIPCI\u00d3N PREVIA. Cupo m\u00e1ximo: 15 personas. <a href=\"https:\/\/docs.google.com\/forms\/d\/e\/1FAIpQLSfaoYrDqQFNr-5cfmnsRjYtGl637RZqBJ-M6hvUlNRExGDyxg\/closedform\" data-type=\"link\" data-id=\"https:\/\/docs.google.com\/forms\/d\/e\/1FAIpQLSfaoYrDqQFNr-5cfmnsRjYtGl637RZqBJ-M6hvUlNRExGDyxg\/closedform\">Link de inscripci\u00f3n<\/a><\/p>\n\n\n\n<p><\/p>\n\n\n\n<p><strong>14:30 horas. Museo D\u00e1maso Arce (San Mart\u00edn 2862). <\/strong>Proyecci\u00f3n superh\u00e9roes. En el marco de la muestra \u201cKomikazes 2024\u201d<\/p>\n\n\n\n<p><\/p>\n\n\n\n<p><strong>15:00 horas. Sociedad de Fomento Amparo Castro (Aguilar 2250). <\/strong>Clase de freestyle.<\/p>\n\n\n\n<p><\/p>\n\n\n\n<p><strong>15:00 horas. Museo Hogar Municipal de Loma Negra<\/strong> (Museo Hogar Municipal de Loma Negra (Sarmiento 830). Cine de invierno.<\/p>\n\n\n\n<p><\/p>\n\n\n\n<p><strong>15:00 horas. Museo Municipal de la Piedra \u201cEmma Occhi\u201d de Sierra Chica<\/strong> (P. Sbardolini 1001). Show de circo para toda la familia, a cargo del D\u00fao Pipilueta.<\/p>\n\n\n\n<p><\/p>\n\n\n\n<p><strong>15:00 horas. Centro Cultural de Hinojo (Av. Crotto entre Sara \u00c1lvarez y Juan Mar\u00edn).<\/strong> \u201cEstaci\u00f3n Infancia\u201d. Visita guiada, tomando como referencias im\u00e1genes de patrimonio de la localidad. Cuentos, relatos y actividades art\u00edsticas.<\/p>\n\n\n\n<p><\/p>\n\n\n\n<p><strong>15:00 horas. Casa del Bicentenario (Bol\u00edvar y Cerrito).<\/strong> Taller de origami.<\/p>\n\n\n\n<p><\/p>\n\n\n\n<p><strong>16:00 horas. Bioparque Municipal \u201cLa M\u00e1xima\u201d (Av. Pellegrini 4200). Visita a la Granja Educativa.<\/strong> INSCRIPCI\u00d3N PREVIA. Cupo m\u00e1ximo: 35 personas. <a href=\"https:\/\/docs.google.com\/forms\/d\/e\/1FAIpQLSeyq3HX4KV2SHA9xZKwhFlBuQWTVTvVUUXj9xvoHnGE6_s-Mw\/closedform\" data-type=\"link\" data-id=\"https:\/\/docs.google.com\/forms\/d\/e\/1FAIpQLSeyq3HX4KV2SHA9xZKwhFlBuQWTVTvVUUXj9xvoHnGE6_s-Mw\/closedform\">Link de inscripci\u00f3n<\/a><\/p>\n\n\n\n<p><\/p>\n\n\n\n<p><strong>16:00 horas. Museo D\u00e1maso Arce (San Mart\u00edn 2862). Taller \u201cDibujando\u201d<\/strong>, a cargo del ilustrador Diego Sequeira. INSCRIPCI\u00d3N PREVIA. Cupo m\u00e1ximo: 20 personas. <a href=\"https:\/\/docs.google.com\/forms\/d\/e\/1FAIpQLScRZ28GCt_7QJT1H1AQAQvEq354DhsIXktAWeJMpJ9S8RZiVQ\/closedform\" data-type=\"link\" data-id=\"https:\/\/docs.google.com\/forms\/d\/e\/1FAIpQLScRZ28GCt_7QJT1H1AQAQvEq354DhsIXktAWeJMpJ9S8RZiVQ\/closedform\">Link de inscripci\u00f3n<\/a><\/p>\n\n\n\n<p><\/p>\n\n\n\n<p><strong>16:30. Museo Municipal de las Ciencias (Av. Pellegrini 4200). \u201cTitesaurio\u201d. <\/strong>Construiremos juntos peque\u00f1os t\u00edteres de dinosaurios para que con ellos puedan recrear distintas historias. Edad: 3 a 8 a\u00f1os. INSCRIPCI\u00d3N PREVIA. Cupo m\u00e1ximo: 15 personas. <a href=\"https:\/\/docs.google.com\/forms\/d\/e\/1FAIpQLSey8IBQqL-ON0seAapMSXiStD9rTKK9QOF8bwRd_p4FlHN6Sw\/closedform\" data-type=\"link\" data-id=\"https:\/\/docs.google.com\/forms\/d\/e\/1FAIpQLSey8IBQqL-ON0seAapMSXiStD9rTKK9QOF8bwRd_p4FlHN6Sw\/closedform\">Link de inscripci\u00f3n<\/a><\/p>\n\n\n\n<p><\/p>\n\n\n\n<p><strong>17:00 horas. Museo Municipal \u201cHermanos Emiliozzi\u201d (Necochea 3229).<\/strong> Apertura de la Muestra \u201cPasi\u00f3n en miniatura\u201d Se trata de una colecci\u00f3n de autos a escala 1:64, 1:43, 1:40 de Turismo Carretera, Rally, F\u00f3rmula 1, autos de Fangio, Galeras Emiliozzi, autos de calle de distintas marcas, de la saga R\u00e1pido y Furioso, Hot Wheels, Simpson, autos a escala que fueron juguetes nacionales de la marca Buby, Minibuby, Galgo, colecci\u00f3n Quilmes, y otros.<\/p>\n","protected":false},"excerpt":{"rendered":"<p>Visitas y talleres en el bioparque \u201cLa M\u00e1xima\u201d, actividades en los museos, talleres de origami y de dibujo entre las<\/p>\n","protected":false},"author":2,"featured_media":120787,"comment_status":"closed","ping_status":"closed","sticky":false,"template":"","format":"standard","meta":{"_jetpack_memberships_contains_paid_content":false,"footnotes":""},"categories":[9,1],"tags":[],"class_list":["post-120874","post","type-post","status-publish","format-standard","has-post-thumbnail","hentry","category-cultura","category-portada"],"jetpack_featured_media_url":"https:\/\/i0.wp.com\/cdnoticias.com\/wp-content\/uploads\/2024\/07\/vacaciones-de-invierno-la-maxima.jpg?fit=1072%2C597&ssl=1","jetpack_sharing_enabled":true,"_links":{"self":[{"href":"https:\/\/cdnoticias.com\/index.php\/wp-json\/wp\/v2\/posts\/120874","targetHints":{"allow":["GET"]}}],"collection":[{"href":"https:\/\/cdnoticias.com\/index.php\/wp-json\/wp\/v2\/posts"}],"about":[{"href":"https:\/\/cdnoticias.com\/index.php\/wp-json\/wp\/v2\/types\/post"}],"author":[{"embeddable":true,"href":"https:\/\/cdnoticias.com\/index.php\/wp-json\/wp\/v2\/users\/2"}],"replies":[{"embeddable":true,"href":"https:\/\/cdnoticias.com\/index.php\/wp-json\/wp\/v2\/comments?post=120874"}],"version-history":[{"count":0,"href":"https:\/\/cdnoticias.com\/index.php\/wp-json\/wp\/v2\/posts\/120874\/revisions"}],"wp:featuredmedia":[{"embeddable":true,"href":"https:\/\/cdnoticias.com\/index.php\/wp-json\/wp\/v2\/media\/120787"}],"wp:attachment":[{"href":"https:\/\/cdnoticias.com\/index.php\/wp-json\/wp\/v2\/media?parent=120874"}],"wp:term":[{"taxonomy":"category","embeddable":true,"href":"https:\/\/cdnoticias.com\/index.php\/wp-json\/wp\/v2\/categories?post=120874"},{"taxonomy":"post_tag","embeddable":true,"href":"https:\/\/cdnoticias.com\/index.php\/wp-json\/wp\/v2\/tags?post=120874"}],"curies":[{"name":"wp","href":"https:\/\/api.w.org\/{rel}","templated":true}]}}