{"id":120873,"date":"2024-07-17T11:32:49","date_gmt":"2024-07-17T14:32:49","guid":{"rendered":"https:\/\/cdnoticias.com\/?p=120873"},"modified":"2024-07-17T16:42:43","modified_gmt":"2024-07-17T19:42:43","slug":"se-licitan-obras-en-tres-escuelas-por-2854-millones-de-pesos","status":"publish","type":"post","link":"https:\/\/cdnoticias.com\/index.php\/2024\/07\/17\/se-licitan-obras-en-tres-escuelas-por-2854-millones-de-pesos\/","title":{"rendered":"Se licitan obras en tres escuelas por 285,4 millones de pesos"},"content":{"rendered":"<p>Son las obras que hab\u00edan anunciado el intendente Wesner en el Jard\u00edn 912 y la Secundaria 18, y la finalizaci\u00f3n de la ampliaci\u00f3n en la T\u00e9cnica 1. En los primeros d\u00edas de agosto se abrir\u00e1n las ofertas.<!--more--><\/p>\n<hr \/>\n<p>La Municipalidad convoc\u00f3 a<strong> licitaciones p\u00fablicas<\/strong> para llevar a cabo obras en tres establecimientos educativos con una inversi\u00f3n prevista de <strong>unos 285.484.172 pesos.<\/strong><\/p>\n<blockquote><p>La primera es la licitaci\u00f3n p\u00fablica N\u00ba 9\/2024 para \u201creformas y mejoras en Jard\u00edn N\u00b0 912\u201d por 79.956.887,30 pesos cuyas ofertas se conocer\u00e1n el 1 de agosto. La licitaci\u00f3n p\u00fablica N\u00ba 10 convoca a \u201cterminaci\u00f3n en la Escuela T\u00e9cnica N\u00b0 1\u201d por 84.628.904,97 pesos y en ese caso los sobres con propuestas se abrir\u00e1n el 2 de agosto. Finalmente, se llam\u00f3 a la licitaci\u00f3n p\u00fablica N\u00ba 11 con el fin de concretar \u201campliaci\u00f3n y reformas de la E.E.S. N\u00b0 18\u201d por 120.898.381,00 de pesos en la que los proponentes se conocer\u00e1n el 5 de agosto.<\/p><\/blockquote>\n<p><img data-recalc-dims=\"1\" loading=\"lazy\" decoding=\"async\" class=\"aligncenter wp-image-119951\" src=\"https:\/\/i0.wp.com\/cdnoticias.com\/wp-content\/uploads\/2024\/07\/ReinauguracionSalonRivadavia-38.jpg?resize=800%2C531&#038;ssl=1\" alt=\"\" width=\"800\" height=\"531\" srcset=\"https:\/\/i0.wp.com\/cdnoticias.com\/wp-content\/uploads\/2024\/07\/ReinauguracionSalonRivadavia-38.jpg?w=1024&amp;ssl=1 1024w, https:\/\/i0.wp.com\/cdnoticias.com\/wp-content\/uploads\/2024\/07\/ReinauguracionSalonRivadavia-38.jpg?resize=300%2C199&amp;ssl=1 300w, https:\/\/i0.wp.com\/cdnoticias.com\/wp-content\/uploads\/2024\/07\/ReinauguracionSalonRivadavia-38.jpg?resize=768%2C510&amp;ssl=1 768w, https:\/\/i0.wp.com\/cdnoticias.com\/wp-content\/uploads\/2024\/07\/ReinauguracionSalonRivadavia-38.jpg?resize=272%2C182&amp;ssl=1 272w\" sizes=\"auto, (max-width: 800px) 100vw, 800px\" \/><\/p>\n<p>En todos los casos,<strong> los pliegos ya est\u00e1n a la venta<\/strong> en el Palacio San Mart\u00edn.<\/p>\n<p>Las l<a href=\"https:\/\/cdnoticias.com\/index.php\/2024\/07\/05\/los-anuncios-del-intendente-en-la-inauguracion-del-salon-rivadavia\/\" target=\"_blank\" rel=\"noopener\">icitaciones hab\u00edan sido anunciadas<\/a> hace dos semanas por el<strong> intendente Maximiliano Wesner<\/strong> en su discurso de balance del primer semestre de gesti\u00f3n.<\/p>\n<h3>Jard\u00edn 912<\/h3>\n<p>El establecimiento se ubica en<strong> Laprida 4350<\/strong> donde <strong>se contempla construcci\u00f3n de cocina, ba\u00f1os y el mejoramiento de aulas<\/strong>. La obra de reforma es de <strong>224,50 metros cuadrados<\/strong>\u00a0y el plazo de obra es de 120 d\u00edas.<\/p>\n<p>En el detalle se indic\u00f3 que<strong> se reubicar\u00e1 la cocina<\/strong> con mayor espacio de trabajo, guardado y ventilaci\u00f3n. Se agregar\u00e1n<strong> cinco ba\u00f1os nuevos<\/strong>, de los cuales dos ser\u00e1n para adultos y tres para ni\u00f1os. Se cambiar\u00e1n las <strong>carpinter\u00edas completas de las aulas<\/strong>, se agregar\u00e1n revestimientos y junto con la construcci\u00f3n de los ba\u00f1os se construyen muebles de guardado para las aulas. Tambi\u00e9n se har\u00e1n mejoras que alcanzar\u00e1n al<strong> SUM<\/strong>.<\/p>\n<p><img data-recalc-dims=\"1\" loading=\"lazy\" decoding=\"async\" class=\"aligncenter wp-image-85731 size-full\" src=\"https:\/\/i0.wp.com\/cdnoticias.com\/wp-content\/uploads\/2023\/05\/escuela-tecnica-1-obra-02.jpg?resize=800%2C445&#038;ssl=1\" alt=\"\" width=\"800\" height=\"445\" srcset=\"https:\/\/i0.wp.com\/cdnoticias.com\/wp-content\/uploads\/2023\/05\/escuela-tecnica-1-obra-02.jpg?w=800&amp;ssl=1 800w, https:\/\/i0.wp.com\/cdnoticias.com\/wp-content\/uploads\/2023\/05\/escuela-tecnica-1-obra-02.jpg?resize=300%2C167&amp;ssl=1 300w, https:\/\/i0.wp.com\/cdnoticias.com\/wp-content\/uploads\/2023\/05\/escuela-tecnica-1-obra-02.jpg?resize=768%2C427&amp;ssl=1 768w\" sizes=\"auto, (max-width: 800px) 100vw, 800px\" \/><\/p>\n<h3>T\u00e9cnica 1<\/h3>\n<p>En el edificio de<strong> avenida Per\u00f3n y R\u00edo Negro, en el barrio CECO<\/strong>, las obras hab\u00edan comenzado pero quedaron inconclusas el a\u00f1o pasado, <a href=\"https:\/\/cdnoticias.com\/index.php\/2023\/05\/21\/se-rescindio-el-contrato-a-la-empresa-adjudicataria-de-la-reforma-en-la-escuela-tecnica-no-1\/\" target=\"_blank\" rel=\"noopener\">cuando la Municipalidad rescindi\u00f3 el contrato con la adjudicataria en el mes de mayo<\/a>. En ese sentido, en la licitaci\u00f3n se aclar\u00f3 que<strong> las obras previstas son una \u201cadaptaci\u00f3n\u201d de la obra original<\/strong> y que los trabajos ya realizados en la anterior etapa se incluyeron como informaci\u00f3n para los oferentes. El plazo de trabajos es de 120 d\u00edas.<\/p>\n<p>Los trabajos consisten en la <strong>ampliaci\u00f3n de la sede escolar<\/strong> para lo cual se construir\u00e1 una estructura para la que se contemplan <strong>rampas, bases, cimiento, columnas, encadenado perimetral y dinteles<\/strong>. Sumar\u00e1n una <strong>galer\u00eda, tres ba\u00f1os<\/strong> (de varones, de mujeres y para personas con movilidad reducida), <strong>comedor, cocina y patio.<\/strong><\/p>\n<h3>Secundaria 18<\/h3>\n<p>En la escuela que se ubica en <strong>Alberdi 4597<\/strong> se <strong>construir\u00e1 un primer piso para ampliar las instalaciones<\/strong>. El plazo de trabajos es de 150 d\u00edas.<\/p>\n<p>Las obras contemplan <strong>dos aulas, una oficina y circulaci\u00f3n<\/strong> en aproximadamente <strong>142,55 metros cuadrados<\/strong>. Asimismo, la adjudicataria deber\u00e1 <strong>finalizar dos sanitarios en planta baja.<\/strong><\/p>\n","protected":false},"excerpt":{"rendered":"<p>Son las obras que hab\u00edan anunciado el intendente Wesner en el Jard\u00edn 912 y la Secundaria 18, y la finalizaci\u00f3n<\/p>\n","protected":false},"author":4,"featured_media":93941,"comment_status":"closed","ping_status":"closed","sticky":false,"template":"","format":"standard","meta":{"_jetpack_memberships_contains_paid_content":false,"footnotes":""},"categories":[5,1],"tags":[],"class_list":["post-120873","post","type-post","status-publish","format-standard","has-post-thumbnail","hentry","category-informacion-general","category-portada"],"jetpack_featured_media_url":"https:\/\/i0.wp.com\/cdnoticias.com\/wp-content\/uploads\/2023\/08\/escuela-secundaria-18.jpg?fit=800%2C445&ssl=1","jetpack_sharing_enabled":true,"_links":{"self":[{"href":"https:\/\/cdnoticias.com\/index.php\/wp-json\/wp\/v2\/posts\/120873","targetHints":{"allow":["GET"]}}],"collection":[{"href":"https:\/\/cdnoticias.com\/index.php\/wp-json\/wp\/v2\/posts"}],"about":[{"href":"https:\/\/cdnoticias.com\/index.php\/wp-json\/wp\/v2\/types\/post"}],"author":[{"embeddable":true,"href":"https:\/\/cdnoticias.com\/index.php\/wp-json\/wp\/v2\/users\/4"}],"replies":[{"embeddable":true,"href":"https:\/\/cdnoticias.com\/index.php\/wp-json\/wp\/v2\/comments?post=120873"}],"version-history":[{"count":0,"href":"https:\/\/cdnoticias.com\/index.php\/wp-json\/wp\/v2\/posts\/120873\/revisions"}],"wp:featuredmedia":[{"embeddable":true,"href":"https:\/\/cdnoticias.com\/index.php\/wp-json\/wp\/v2\/media\/93941"}],"wp:attachment":[{"href":"https:\/\/cdnoticias.com\/index.php\/wp-json\/wp\/v2\/media?parent=120873"}],"wp:term":[{"taxonomy":"category","embeddable":true,"href":"https:\/\/cdnoticias.com\/index.php\/wp-json\/wp\/v2\/categories?post=120873"},{"taxonomy":"post_tag","embeddable":true,"href":"https:\/\/cdnoticias.com\/index.php\/wp-json\/wp\/v2\/tags?post=120873"}],"curies":[{"name":"wp","href":"https:\/\/api.w.org\/{rel}","templated":true}]}}