{"id":120868,"date":"2024-07-18T17:33:07","date_gmt":"2024-07-18T20:33:07","guid":{"rendered":"https:\/\/cdnoticias.com\/?p=120868"},"modified":"2024-07-18T17:33:09","modified_gmt":"2024-07-18T20:33:09","slug":"vacaciones-como-mantener-los-habitos-saludables-en-ninas-ninos-y-adolescentes","status":"publish","type":"post","link":"https:\/\/cdnoticias.com\/index.php\/2024\/07\/18\/vacaciones-como-mantener-los-habitos-saludables-en-ninas-ninos-y-adolescentes\/","title":{"rendered":"Vacaciones: \u00bfC\u00f3mo mantener los h\u00e1bitos saludables en ni\u00f1as, ni\u00f1os y adolescentes?"},"content":{"rendered":"\n<p>Desde el Colegio de la provincia de Buenos Aires brindaron recomendaciones para aplicar durante el receso invernal.<\/p>\n\n\n\n<hr class=\"wp-block-separator has-alpha-channel-opacity\"\/>\n\n\n\n<p>El inicio de las vacaciones de invierno puede provocar un gran <strong>quiebre en la rutina diaria de la mayor\u00eda de los hogares con menores en edad escolar. <\/strong>Que ellas y ellos, sobre todo adolescentes, ya no tengan que cumplir ciertos horarios, al menos por dos semanas, pueden transformarse en una circunstancia para que dejen de realizar algunas actividades esenciales como ejercitarse y continuar con los h\u00e1bitos alimentarios adquiridos. Durante las ma\u00f1anas de invierno, las bajas temperaturas hacen que levantarse de la cama se convierta en una misi\u00f3n imposible.<\/p>\n\n\n\n<p><\/p>\n\n\n\n<p>Durante el <strong>receso invernal<\/strong> suelen dormir m\u00e1s, porque no hay alarmas ni horarios por los que madrugar. Los h\u00e1bitos se dejan de lado y el desayuno se superpone con el almuerzo. Frente a este contexto, desde el Colegio de Nutricionistas de la Provincia de Buenos Aires se ofrecen algunas recomendaciones de acuerdo al patr\u00f3n alimentario de las y los menores y sus familias.<\/p>\n\n\n\n<p><\/p>\n\n\n\n<p>Si bien las vacaciones de invierno alteran la vida diaria de una familia, tambi\u00e9n representan <strong>una oportunidad para volver a disfrutar de comidas caseras<\/strong> que, por falta de tiempo, cada vez est\u00e1n menos presentes en los hogares.<\/p>\n\n\n\n<p><\/p>\n\n\n\n<p><strong>\u201cEs importante cuidar los h\u00e1bitos alimentarios adquiridos durante el a\u00f1o, tratar de respetar las cuatro comidas principales y evitar pasar mucho tiempo sin ingerir alimentos o agua\u201d,<\/strong> recomend\u00f3 la licenciada en Nutrici\u00f3n (MP 6111), Mirla Lucero, matriculada en el Colegio de Nutricionistas bonaerense. Y agreg\u00f3: \u201cAlimentos como la leche, yogur o queso aportan prote\u00ednas y calcio, necesarios para la salud \u00f3sea. Adem\u00e1s, est\u00e1n fortificados con Vitamina D, nutriente clave cuando la exposici\u00f3n a la luz solar es menor\u201d.<\/p>\n\n\n\n<p><\/p>\n\n\n\n<p>Asimismo, la nutricionista tambi\u00e9n sostuvo que \u201cdada las bajas temperaturas del invierno, se puede aprovechar para <strong>preparar sopas cremas y tartas de verduras como la espinaca, el zapallo, los esp\u00e1rragos, zanahorias y el br\u00f3coli.<\/strong> Estas comidas pueden prepararse con verduras de estaci\u00f3n y se destacan por sus aportes de vitaminas, minerales y fibra, sustancias que estimulan el sistema inmune\u201d.<\/p>\n\n\n\n<p><\/p>\n\n\n\n<p>Por su parte, las legumbres combinadas con cereales integrales aportan la energ\u00eda necesaria a lo largo del d\u00eda y la fibra para activar y mantener sana la microbiota intestinal.<\/p>\n\n\n\n<p><\/p>\n\n\n\n<p>La participaci\u00f3n activa de ni\u00f1as, ni\u00f1os y adolescentes en actividades culinarias fomenta su imaginaci\u00f3n y les ense\u00f1a a valorar y cuidar los alimentos. Por ejemplo, se pueden<strong> amasar panes caseros, galletitas y budines, con el aporte de frutas y\/o l\u00e1cteos<\/strong> y as\u00ed lograr incorporar estos valiosos alimentos y sus nutrientes.<\/p>\n\n\n\n<p><\/p>\n\n\n\n<p>En definitiva, involucrar a toda la familia en la cocina, <strong>elegir ingredientes frescos y de estaci\u00f3n<\/strong>, y disfrutar de las comidas juntos son claves para fortalecer la salud y el bienestar de todos los miembros del hogar.<\/p>\n","protected":false},"excerpt":{"rendered":"<p>Desde el Colegio de la provincia de Buenos Aires brindaron recomendaciones para aplicar durante el receso invernal. El inicio de<\/p>\n","protected":false},"author":2,"featured_media":92252,"comment_status":"closed","ping_status":"closed","sticky":false,"template":"","format":"standard","meta":{"_jetpack_memberships_contains_paid_content":false,"footnotes":""},"categories":[5,1],"tags":[],"class_list":["post-120868","post","type-post","status-publish","format-standard","has-post-thumbnail","hentry","category-informacion-general","category-portada"],"jetpack_featured_media_url":"https:\/\/i0.wp.com\/cdnoticias.com\/wp-content\/uploads\/2023\/08\/DIB-alimentos.jpg?fit=800%2C445&ssl=1","jetpack_sharing_enabled":true,"_links":{"self":[{"href":"https:\/\/cdnoticias.com\/index.php\/wp-json\/wp\/v2\/posts\/120868","targetHints":{"allow":["GET"]}}],"collection":[{"href":"https:\/\/cdnoticias.com\/index.php\/wp-json\/wp\/v2\/posts"}],"about":[{"href":"https:\/\/cdnoticias.com\/index.php\/wp-json\/wp\/v2\/types\/post"}],"author":[{"embeddable":true,"href":"https:\/\/cdnoticias.com\/index.php\/wp-json\/wp\/v2\/users\/2"}],"replies":[{"embeddable":true,"href":"https:\/\/cdnoticias.com\/index.php\/wp-json\/wp\/v2\/comments?post=120868"}],"version-history":[{"count":0,"href":"https:\/\/cdnoticias.com\/index.php\/wp-json\/wp\/v2\/posts\/120868\/revisions"}],"wp:featuredmedia":[{"embeddable":true,"href":"https:\/\/cdnoticias.com\/index.php\/wp-json\/wp\/v2\/media\/92252"}],"wp:attachment":[{"href":"https:\/\/cdnoticias.com\/index.php\/wp-json\/wp\/v2\/media?parent=120868"}],"wp:term":[{"taxonomy":"category","embeddable":true,"href":"https:\/\/cdnoticias.com\/index.php\/wp-json\/wp\/v2\/categories?post=120868"},{"taxonomy":"post_tag","embeddable":true,"href":"https:\/\/cdnoticias.com\/index.php\/wp-json\/wp\/v2\/tags?post=120868"}],"curies":[{"name":"wp","href":"https:\/\/api.w.org\/{rel}","templated":true}]}}