{"id":120860,"date":"2024-07-16T20:09:45","date_gmt":"2024-07-16T23:09:45","guid":{"rendered":"https:\/\/cdnoticias.com\/?p=120860"},"modified":"2024-07-16T20:09:47","modified_gmt":"2024-07-16T23:09:47","slug":"un-camino-hacia-los-extremos","status":"publish","type":"post","link":"https:\/\/cdnoticias.com\/index.php\/2024\/07\/16\/un-camino-hacia-los-extremos\/","title":{"rendered":"Un camino hacia los extremos"},"content":{"rendered":"\n<p>Nota de opini\u00f3n, por Lucas Gallastegui\u00a0(Olavarr\u00eda), referente del Alfonsinismo y FORJA en la S\u00e9ptima Secci\u00f3n.<\/p>\n\n\n\n<hr class=\"wp-block-separator aligncenter has-alpha-channel-opacity\"\/>\n\n\n\n<p>En este \u00faltimo tiempo pudimos ver mucha intolerancia intelectual por lo que piensa el \u201cotro\u201d, donde la denigraci\u00f3n y descalificaci\u00f3n por el pensamiento diferente al mayoritario es moneda corriente, siendo este, bastardeado y denigrado. Son tiempos en los que gente se priva de dar su opini\u00f3n cr\u00edtica por miedo a ser atacada, as\u00ed sea una cr\u00edtica constructiva que es la \u00fanica que vale o que, por lo menos en m\u00ed, es y esta aceptada.<\/p>\n\n\n\n<p>Vivimos en tiempos socialmente convulsionados, carentes de di\u00e1logo y poco emp\u00e1ticos. Falta intercambio de opiniones que nos nutran, porque en la diferencia de pensamiento est\u00e1 la construcci\u00f3n de una sociedad m\u00e1s justa y equitativa. Estamos al borde de caer en un absolutismo pol\u00edtico y social como nunca antes vimos, donde las discusiones pol\u00edticas con altura y con respeto ya no son bien vistas, enseguida las tildan de tibias, son discusiones y discursos cargados de fanatismo, odio y resentimiento, di\u00e1logos ramplones que apuntan a una involuci\u00f3n social con aparentes responsables donde ven su ventaja pol\u00edtica para perpetuarse en los mandatos nacionales.<\/p>\n\n\n\n<p>La escasez de este di\u00e1logo respetuoso hace que abracemos la barbarie y sus consecuencias: poner en peligro la democracia y despreciar al otro como moneda corriente.<\/p>\n\n\n\n<p>El camino del cambio pol\u00edtico-social debe venir desde los dirigentes, que debemos asumir ese rol, no podemos permitir que un presidente se exprese con odio visceral hacia quienes deciden alzar la voz de otras ideas que no es la suya, denigrando a dirigentes de otros partidos, llam\u00e1ndolos ratas, perdedores, miserables; una persona que se burla de expresidentes y los insulta, llegando incluso a confesar que le pegaba a una bolsa con la cara de Alfons\u00edn.<\/p>\n\n\n\n<p>Un presidente que se presenta como un l\u00edder mesi\u00e1nico salvador de la patria junto a su sequito, un l\u00edder de unos pocos, invento del acefalismo pol\u00edtico de los \u00faltimos a\u00f1os en nuestro pa\u00eds.<\/p>\n\n\n\n<p>Desde FORJA no pretendemos hacer un an\u00e1lisis psicol\u00f3gico de este personaje, pero s\u00ed poner un l\u00edmite, el l\u00edmite del pensamiento, de las ideas constructivas, esas ideas que hicieron grande a nuestro pa\u00eds y toda la sociedad en su conjunto. Ideas que nos pusieron de pie y nos posicionaron en el mundo.<\/p>\n\n\n\n<p>Hoy estamos en el nivel m\u00e1s bajo de consumo de carne de los \u00faltimos cien a\u00f1os; con ca\u00edda y p\u00e9rdida del poder adquisitivo de la sociedad; con la p\u00e9rdida gradual y tendenciosa de la clase media, esa misma que hizo grande al pa\u00eds y de la que muchos estamos orgullosos provenir y seguir perteneciendo; hay empresas que despiden masivamente a sus empleados, pero nadie dice nada o se mira para otro lado porque no se quiere reconocer la realidad; la educaci\u00f3n p\u00fablica y la salud peligran por la implementaci\u00f3n de pol\u00edticas neo-liberales.<\/p>\n\n\n\n<p>La pol\u00edtica no puede enfocarse solo en un problema como si se tratara de una isla, los dirigentes debemos enfocarnos en la soluci\u00f3n gradual de todos los problemas que padece la sociedad: educaci\u00f3n, salud, seguridad pero por sobre todo defendiendo la democracia\u2026 porque como dec\u00eda Ra\u00fal Alfons\u00edn la \u201cDemocracia es vigencia de libertad y los derechos, pero tambi\u00e9n existencia de igualdad de oportunidades y distribuci\u00f3n equitativa de la riqueza\u201d y por sobre todo con la \u201cDemocracia se Come, se Cura y se Educa\u201d.<\/p>\n","protected":false},"excerpt":{"rendered":"<p>Nota de opini\u00f3n, por Lucas Gallastegui\u00a0(Olavarr\u00eda), referente del Alfonsinismo y FORJA en la S\u00e9ptima Secci\u00f3n. En este \u00faltimo tiempo pudimos<\/p>\n","protected":false},"author":2,"featured_media":120861,"comment_status":"closed","ping_status":"closed","sticky":false,"template":"","format":"standard","meta":{"_jetpack_memberships_contains_paid_content":false,"footnotes":""},"categories":[4,1],"tags":[],"class_list":["post-120860","post","type-post","status-publish","format-standard","has-post-thumbnail","hentry","category-politica","category-portada"],"jetpack_featured_media_url":"https:\/\/i0.wp.com\/cdnoticias.com\/wp-content\/uploads\/2024\/07\/1000296153.jpg?fit=860%2C529&ssl=1","jetpack_sharing_enabled":true,"_links":{"self":[{"href":"https:\/\/cdnoticias.com\/index.php\/wp-json\/wp\/v2\/posts\/120860","targetHints":{"allow":["GET"]}}],"collection":[{"href":"https:\/\/cdnoticias.com\/index.php\/wp-json\/wp\/v2\/posts"}],"about":[{"href":"https:\/\/cdnoticias.com\/index.php\/wp-json\/wp\/v2\/types\/post"}],"author":[{"embeddable":true,"href":"https:\/\/cdnoticias.com\/index.php\/wp-json\/wp\/v2\/users\/2"}],"replies":[{"embeddable":true,"href":"https:\/\/cdnoticias.com\/index.php\/wp-json\/wp\/v2\/comments?post=120860"}],"version-history":[{"count":0,"href":"https:\/\/cdnoticias.com\/index.php\/wp-json\/wp\/v2\/posts\/120860\/revisions"}],"wp:featuredmedia":[{"embeddable":true,"href":"https:\/\/cdnoticias.com\/index.php\/wp-json\/wp\/v2\/media\/120861"}],"wp:attachment":[{"href":"https:\/\/cdnoticias.com\/index.php\/wp-json\/wp\/v2\/media?parent=120860"}],"wp:term":[{"taxonomy":"category","embeddable":true,"href":"https:\/\/cdnoticias.com\/index.php\/wp-json\/wp\/v2\/categories?post=120860"},{"taxonomy":"post_tag","embeddable":true,"href":"https:\/\/cdnoticias.com\/index.php\/wp-json\/wp\/v2\/tags?post=120860"}],"curies":[{"name":"wp","href":"https:\/\/api.w.org\/{rel}","templated":true}]}}