{"id":120856,"date":"2024-07-16T19:56:41","date_gmt":"2024-07-16T22:56:41","guid":{"rendered":"https:\/\/cdnoticias.com\/?p=120856"},"modified":"2024-07-17T09:20:26","modified_gmt":"2024-07-17T12:20:26","slug":"amenazo-a-un-hombre-con-un-cuchillo-y-termino-preso","status":"publish","type":"post","link":"https:\/\/cdnoticias.com\/index.php\/2024\/07\/16\/amenazo-a-un-hombre-con-un-cuchillo-y-termino-preso\/","title":{"rendered":"Amenaz\u00f3 a un hombre con un cuchillo y termin\u00f3 preso"},"content":{"rendered":"\n<p>Fue este martes, en Chiclana al 3100. La v\u00edctima denunci\u00f3 que desconoc\u00eda los motivos y ni siquiera conoc\u00eda al otro hombre, de 58 a\u00f1os.<\/p>\n\n\n\n<hr class=\"wp-block-separator aligncenter has-alpha-channel-opacity\"\/>\n\n\n\n<p>Este martes, <strong>un hombre de 58 a\u00f1os fue aprehendido por personal policial tras amenazar a otro hombre exhibi\u00e9ndole un cuchillo que llevaba en su cintura.<\/strong><\/p>\n\n\n\n<p>El hecho se produjo en <strong>Chiclana al 3100<\/strong>, cuando el hombre realiz\u00f3 la acci\u00f3n amenazante. <strong>La v\u00edctima inform\u00f3 -luego de la situaci\u00f3n- que desconoc\u00eda los motivos de la amenaza e incluso no lo reconoci\u00f3.<\/strong><\/p>\n\n\n\n<figure class=\"wp-block-image size-full\"><img data-recalc-dims=\"1\" loading=\"lazy\" decoding=\"async\" width=\"352\" height=\"203\" src=\"https:\/\/i0.wp.com\/cdnoticias.com\/wp-content\/uploads\/2024\/07\/WhatsApp-Image-2024-07-16-at-18.50.55.jpeg?resize=352%2C203&#038;ssl=1\" alt=\"\" class=\"wp-image-120857\" srcset=\"https:\/\/i0.wp.com\/cdnoticias.com\/wp-content\/uploads\/2024\/07\/WhatsApp-Image-2024-07-16-at-18.50.55.jpeg?w=352&amp;ssl=1 352w, https:\/\/i0.wp.com\/cdnoticias.com\/wp-content\/uploads\/2024\/07\/WhatsApp-Image-2024-07-16-at-18.50.55.jpeg?resize=300%2C173&amp;ssl=1 300w\" sizes=\"auto, (max-width: 352px) 100vw, 352px\" \/><\/figure>\n\n\n\n<p>De todos modos, el personal de Comando de Patrullas atrap\u00f3 al hombre y lo aprehendi\u00f3. <strong>Adem\u00e1s, le secuestraron un cuchillo de 20 cent\u00edmetros de largo<\/strong>. Fue trasladado a la dependencia policial.<\/p>\n\n\n\n<p>Ahora enfrenta cargos por <em><strong>\u201cAmenazas agravadas infraganti delito\u201d <\/strong><\/em>en una causa que interviene la UFI N\u00b04, de Paula Serrano.<\/p>\n","protected":false},"excerpt":{"rendered":"<p>Fue este martes, en Chiclana al 3100. La v\u00edctima denunci\u00f3 que desconoc\u00eda los motivos y ni siquiera conoc\u00eda al otro<\/p>\n","protected":false},"author":2,"featured_media":120858,"comment_status":"closed","ping_status":"closed","sticky":false,"template":"","format":"standard","meta":{"_jetpack_memberships_contains_paid_content":false,"footnotes":""},"categories":[14,1],"tags":[],"class_list":["post-120856","post","type-post","status-publish","format-standard","has-post-thumbnail","hentry","category-policiales","category-portada"],"jetpack_featured_media_url":"https:\/\/i0.wp.com\/cdnoticias.com\/wp-content\/uploads\/2024\/07\/WhatsApp-Image-2024-07-16-at-18.50.56.jpeg?fit=719%2C394&ssl=1","jetpack_sharing_enabled":true,"_links":{"self":[{"href":"https:\/\/cdnoticias.com\/index.php\/wp-json\/wp\/v2\/posts\/120856","targetHints":{"allow":["GET"]}}],"collection":[{"href":"https:\/\/cdnoticias.com\/index.php\/wp-json\/wp\/v2\/posts"}],"about":[{"href":"https:\/\/cdnoticias.com\/index.php\/wp-json\/wp\/v2\/types\/post"}],"author":[{"embeddable":true,"href":"https:\/\/cdnoticias.com\/index.php\/wp-json\/wp\/v2\/users\/2"}],"replies":[{"embeddable":true,"href":"https:\/\/cdnoticias.com\/index.php\/wp-json\/wp\/v2\/comments?post=120856"}],"version-history":[{"count":0,"href":"https:\/\/cdnoticias.com\/index.php\/wp-json\/wp\/v2\/posts\/120856\/revisions"}],"wp:featuredmedia":[{"embeddable":true,"href":"https:\/\/cdnoticias.com\/index.php\/wp-json\/wp\/v2\/media\/120858"}],"wp:attachment":[{"href":"https:\/\/cdnoticias.com\/index.php\/wp-json\/wp\/v2\/media?parent=120856"}],"wp:term":[{"taxonomy":"category","embeddable":true,"href":"https:\/\/cdnoticias.com\/index.php\/wp-json\/wp\/v2\/categories?post=120856"},{"taxonomy":"post_tag","embeddable":true,"href":"https:\/\/cdnoticias.com\/index.php\/wp-json\/wp\/v2\/tags?post=120856"}],"curies":[{"name":"wp","href":"https:\/\/api.w.org\/{rel}","templated":true}]}}