{"id":120843,"date":"2024-07-16T19:30:11","date_gmt":"2024-07-16T22:30:11","guid":{"rendered":"https:\/\/cdnoticias.com\/?p=120843"},"modified":"2024-07-16T19:30:13","modified_gmt":"2024-07-16T22:30:13","slug":"la-ucr-solicita-que-se-reparen-las-luminarias-de-los-senderos-del-parque-eseverri-y-cerrito","status":"publish","type":"post","link":"https:\/\/cdnoticias.com\/index.php\/2024\/07\/16\/la-ucr-solicita-que-se-reparen-las-luminarias-de-los-senderos-del-parque-eseverri-y-cerrito\/","title":{"rendered":"La UCR solicita que se reparen las luminarias de los senderos del Parque Eseverri y Cerrito"},"content":{"rendered":"\n<p>Al respecto, el edil Francisco Gonz\u00e1lez se\u00f1al\u00f3 que \u201cesto surge debido al reclamo de vecinos que normalmente utilizan y visitan los parques\u201d.<\/p>\n\n\n\n<hr class=\"wp-block-separator aligncenter has-alpha-channel-opacity\"\/>\n\n\n\n<p>El bloque de concejales de la <strong>Uni\u00f3n C\u00edvica Radical<\/strong> solicita al Departamento Ejecutivo Municipal que <strong>se reparen y reemplacen las luminarias de los senderos del Parque Helios Eseverri y Parque Cerrito.<\/strong><\/p>\n\n\n\n<p><\/p>\n\n\n\n<p>A trav\u00e9s de un Proyecto de Resoluci\u00f3n que se present\u00f3 en el Honorable Concejo Deliberante y fue aprobado, pide que se realicen las gestiones necesarias para que se proceda a la<strong> urgente restauraci\u00f3n del alumbrado p\u00fablico del sector.<\/strong><\/p>\n\n\n\n<p><\/p>\n\n\n\n<blockquote class=\"wp-block-quote is-layout-flow wp-block-quote-is-layout-flow\">\n<p>\u201cEl pedido surge debido a un reclamo de vecinos, vecinas y visitantes de estos dos espacios de la ciudad, que son de los m\u00e1s amplios con los que se cuenta y constituyen un punto de encuentro de la comunidad\u201d se\u00f1alaron.<\/p>\n<\/blockquote>\n\n\n\n<p><\/p>\n\n\n\n<p>Adem\u00e1s, indicaron que \u201cfomentan la interacci\u00f3n y la actividad f\u00edsica y recreativa, incluso en horas donde no hay luz natural\u201d.<\/p>\n\n\n\n<p><\/p>\n\n\n\n<p>El temporal que sufri\u00f3 Olavarr\u00eda en diciembre del a\u00f1o pasado provoc\u00f3 diversos da\u00f1os en los espacios p\u00fablicos, entre ellos en el alumbrado p\u00fablico.<\/p>\n\n\n\n<p><\/p>\n\n\n\n<p>Al respecto, desde el bloque explicaron: <strong>\u201cA pesar de que han pasado 7 meses de este suceso, siguen sin funcionar una numerosa cantidad de luminarias en el mencionado sector lo que ocasiona que haya mucha oscuridad una vez que se va el sol\u201d.<\/strong><\/p>\n\n\n\n<p><\/p>\n\n\n\n<p>Al respecto, el edil Francisco Gonz\u00e1lez remarc\u00f3 que \u201cesto surge debido al reclamo de vecinos que normalmente utilizan y visitan los parques, que desde el temporal de diciembre no se ha logrado recuperar en su totalidad el servicio de alumbrado el\u00e9ctrico de los senderos\u201d.<\/p>\n\n\n\n<p><\/p>\n\n\n\n<p><strong><em>\u201cEsto genera inseguridad y mucho peligro por eso hicimos esta presentaci\u00f3n que result\u00f3 aprobada. Creemos sumamente necesario que vuelvan a funcionar de manera \u00f3ptima lo antes posible\u201d <\/em><\/strong>cerr\u00f3 Gonz\u00e1lez.<\/p>\n","protected":false},"excerpt":{"rendered":"<p>Al respecto, el edil Francisco Gonz\u00e1lez se\u00f1al\u00f3 que \u201cesto surge debido al reclamo de vecinos que normalmente utilizan y visitan<\/p>\n","protected":false},"author":6,"featured_media":120846,"comment_status":"closed","ping_status":"closed","sticky":false,"template":"","format":"standard","meta":{"_jetpack_memberships_contains_paid_content":false,"footnotes":""},"categories":[4,1],"tags":[],"class_list":["post-120843","post","type-post","status-publish","format-standard","has-post-thumbnail","hentry","category-politica","category-portada"],"jetpack_featured_media_url":"https:\/\/i0.wp.com\/cdnoticias.com\/wp-content\/uploads\/2024\/07\/luminaria-parques-ucr.png?fit=897%2C467&ssl=1","jetpack_sharing_enabled":true,"_links":{"self":[{"href":"https:\/\/cdnoticias.com\/index.php\/wp-json\/wp\/v2\/posts\/120843","targetHints":{"allow":["GET"]}}],"collection":[{"href":"https:\/\/cdnoticias.com\/index.php\/wp-json\/wp\/v2\/posts"}],"about":[{"href":"https:\/\/cdnoticias.com\/index.php\/wp-json\/wp\/v2\/types\/post"}],"author":[{"embeddable":true,"href":"https:\/\/cdnoticias.com\/index.php\/wp-json\/wp\/v2\/users\/6"}],"replies":[{"embeddable":true,"href":"https:\/\/cdnoticias.com\/index.php\/wp-json\/wp\/v2\/comments?post=120843"}],"version-history":[{"count":0,"href":"https:\/\/cdnoticias.com\/index.php\/wp-json\/wp\/v2\/posts\/120843\/revisions"}],"wp:featuredmedia":[{"embeddable":true,"href":"https:\/\/cdnoticias.com\/index.php\/wp-json\/wp\/v2\/media\/120846"}],"wp:attachment":[{"href":"https:\/\/cdnoticias.com\/index.php\/wp-json\/wp\/v2\/media?parent=120843"}],"wp:term":[{"taxonomy":"category","embeddable":true,"href":"https:\/\/cdnoticias.com\/index.php\/wp-json\/wp\/v2\/categories?post=120843"},{"taxonomy":"post_tag","embeddable":true,"href":"https:\/\/cdnoticias.com\/index.php\/wp-json\/wp\/v2\/tags?post=120843"}],"curies":[{"name":"wp","href":"https:\/\/api.w.org\/{rel}","templated":true}]}}