{"id":12084,"date":"2021-01-23T10:00:56","date_gmt":"2021-01-23T13:00:56","guid":{"rendered":"http:\/\/www.centraldenoticias.com.ar\/?p=12084"},"modified":"2021-01-23T10:22:42","modified_gmt":"2021-01-23T13:22:42","slug":"se-conocio-la-identidad-del-joven-fallecido-en-el-accidente","status":"publish","type":"post","link":"https:\/\/cdnoticias.com\/index.php\/2021\/01\/23\/se-conocio-la-identidad-del-joven-fallecido-en-el-accidente\/","title":{"rendered":"Se conoci\u00f3 la identidad del joven fallecido en el accidente"},"content":{"rendered":"<p>El siniestro ocurri\u00f3 durante el viernes por la noche. Un motociclista choc\u00f3 con un auto, y perdi\u00f3 la vida en el instante. Ten\u00eda 25 a\u00f1os.<!--more--><\/p>\n<hr \/>\n<p>En la noche de este viernes, un joven muri\u00f3 en un <a href=\"https:\/\/cdnoticias.com\/index.php\/2021\/01\/22\/fatal-accidente-en-del-valle-y-lamadrid-un-joven-fallecido\/\" target=\"_blank\" rel=\"noopener\">violento accidente en avenida Del Valle y Lamadrid<\/a>, que se produjo entre una moto \u2013que conduc\u00eda la v\u00edctima- y un autom\u00f3vil.<\/p>\n<p>&nbsp;<\/p>\n<p>Las causas del siniestro vial permanecen en investigaci\u00f3n de peritos policiales. Lo concreto es que <strong>una motocicleta conducida por Tomas Trepichio de 25 a\u00f1os y un veh\u00edculo marca Gol Trend chocaron<\/strong> en la intersecci\u00f3n de la avenida y la calle Lamadrid.<\/p>\n<p>&nbsp;<\/p>\n<p>Por la magnitud del impacto, el joven muri\u00f3 en el acto. <strong>Se trata de la tercera v\u00edctima de tr\u00e1nsito, durante este 2021.<\/strong><\/p>\n","protected":false},"excerpt":{"rendered":"<p>El siniestro ocurri\u00f3 durante el viernes por la noche. Un motociclista choc\u00f3 con un auto, y perdi\u00f3 la vida en<\/p>\n","protected":false},"author":5,"featured_media":12085,"comment_status":"closed","ping_status":"closed","sticky":false,"template":"","format":"standard","meta":{"_jetpack_memberships_contains_paid_content":false,"footnotes":""},"categories":[14,1],"tags":[],"class_list":["post-12084","post","type-post","status-publish","format-standard","has-post-thumbnail","hentry","category-policiales","category-portada"],"jetpack_featured_media_url":"https:\/\/i0.wp.com\/cdnoticias.com\/wp-content\/uploads\/2021\/01\/accidente-delvalle-lamadrid2.jpg?fit=632%2C432&ssl=1","jetpack_sharing_enabled":true,"_links":{"self":[{"href":"https:\/\/cdnoticias.com\/index.php\/wp-json\/wp\/v2\/posts\/12084","targetHints":{"allow":["GET"]}}],"collection":[{"href":"https:\/\/cdnoticias.com\/index.php\/wp-json\/wp\/v2\/posts"}],"about":[{"href":"https:\/\/cdnoticias.com\/index.php\/wp-json\/wp\/v2\/types\/post"}],"author":[{"embeddable":true,"href":"https:\/\/cdnoticias.com\/index.php\/wp-json\/wp\/v2\/users\/5"}],"replies":[{"embeddable":true,"href":"https:\/\/cdnoticias.com\/index.php\/wp-json\/wp\/v2\/comments?post=12084"}],"version-history":[{"count":0,"href":"https:\/\/cdnoticias.com\/index.php\/wp-json\/wp\/v2\/posts\/12084\/revisions"}],"wp:featuredmedia":[{"embeddable":true,"href":"https:\/\/cdnoticias.com\/index.php\/wp-json\/wp\/v2\/media\/12085"}],"wp:attachment":[{"href":"https:\/\/cdnoticias.com\/index.php\/wp-json\/wp\/v2\/media?parent=12084"}],"wp:term":[{"taxonomy":"category","embeddable":true,"href":"https:\/\/cdnoticias.com\/index.php\/wp-json\/wp\/v2\/categories?post=12084"},{"taxonomy":"post_tag","embeddable":true,"href":"https:\/\/cdnoticias.com\/index.php\/wp-json\/wp\/v2\/tags?post=12084"}],"curies":[{"name":"wp","href":"https:\/\/api.w.org\/{rel}","templated":true}]}}