{"id":120772,"date":"2024-07-15T21:10:04","date_gmt":"2024-07-16T00:10:04","guid":{"rendered":"https:\/\/cdnoticias.com\/?p=120772"},"modified":"2024-07-15T21:10:07","modified_gmt":"2024-07-16T00:10:07","slug":"como-estara-el-tiempo-en-olavarria-para-este-martes-16-de-julio","status":"publish","type":"post","link":"https:\/\/cdnoticias.com\/index.php\/2024\/07\/15\/como-estara-el-tiempo-en-olavarria-para-este-martes-16-de-julio\/","title":{"rendered":"C\u00f3mo estar\u00e1 el tiempo en Olavarr\u00eda para este martes 16 de julio"},"content":{"rendered":"\n<p>Ser\u00e1 un d\u00eda con condiciones variadas, con vientos fuertes en la madrugada y cielos mayormente nublados durante la ma\u00f1ana y la tarde. Aqu\u00ed te dejamos el pron\u00f3stico del tiempo para que puedas planificar tu d\u00eda.<\/p>\n\n\n\n<hr class=\"wp-block-separator aligncenter has-alpha-channel-opacity\"\/>\n\n\n\n<p><strong>En la madrugada, el tiempo estar\u00e1 ventoso. La temperatura ser\u00e1 de alrededor de 6\u00b0C<\/strong>, con vientos provenientes del norte (N) soplando entre 13 y 22 km\/h, con r\u00e1fagas que podr\u00edan alcanzar entre 51 y 59 km\/h. <strong>Estas condiciones de viento fuerte pueden hacer que la sensaci\u00f3n t\u00e9rmica sea m\u00e1s baja de lo esperado, por lo que se recomienda tomar precauciones al aire libre.<\/strong><\/p>\n\n\n\n<p><strong>Durante la ma\u00f1ana, el cielo estar\u00e1 mayormente nublado. La temperatura bajar\u00e1 ligeramente a 5\u00b0C<\/strong>, y los vientos del norte (N) disminuir\u00e1n su velocidad a entre 7 y 12 km\/h. A pesar de la reducci\u00f3n del viento, el ambiente se mantendr\u00e1 fresco bajo los cielos nublados.<\/p>\n\n\n\n<p>En la tarde, el cielo continuar\u00e1 mayormente nublado.<strong> La temperatura alcanzar\u00e1 un m\u00e1ximo de 15\u00b0C, con vientos del noroeste (NO) que soplar\u00e1n entre 23 y 31 km\/h. Hay una baja probabilidad de precipitaci\u00f3n, en el rango de 0 a 10%, por lo que es poco probable que llueva, pero el clima nublado persistir\u00e1.<\/strong><\/p>\n\n\n\n<p>Para la noche, el cielo estar\u00e1 algo nublado. <strong>La temperatura descender\u00e1 a unos 10\u00b0C, y los vientos volver\u00e1n a soplar desde el norte (N), manteni\u00e9ndose en el rango de 7 a 12 km\/h. La noche ser\u00e1 fresca y parcialmente nublada, sin precipitaciones previstas.<\/strong><\/p>\n\n\n\n<p>Este martes en Olavarr\u00eda estar\u00e1 marcado por vientos fuertes en la madrugada, cielos mayormente nublados durante gran parte del d\u00eda y una baja probabilidad de lluvia. <strong>Aunque las temperaturas ser\u00e1n moderadas, el viento puede hacer que se sienta m\u00e1s fr\u00edo, especialmente en las primeras horas del d\u00eda.<\/strong><\/p>\n","protected":false},"excerpt":{"rendered":"<p>Ser\u00e1 un d\u00eda con condiciones variadas, con vientos fuertes en la madrugada y cielos mayormente nublados durante la ma\u00f1ana y<\/p>\n","protected":false},"author":2,"featured_media":120082,"comment_status":"closed","ping_status":"closed","sticky":false,"template":"","format":"standard","meta":{"_jetpack_memberships_contains_paid_content":false,"footnotes":""},"categories":[5],"tags":[],"class_list":["post-120772","post","type-post","status-publish","format-standard","has-post-thumbnail","hentry","category-informacion-general"],"jetpack_featured_media_url":"https:\/\/i0.wp.com\/cdnoticias.com\/wp-content\/uploads\/2024\/07\/frio-invierno-clima-scaled.jpg?fit=2560%2C1424&ssl=1","jetpack_sharing_enabled":true,"_links":{"self":[{"href":"https:\/\/cdnoticias.com\/index.php\/wp-json\/wp\/v2\/posts\/120772","targetHints":{"allow":["GET"]}}],"collection":[{"href":"https:\/\/cdnoticias.com\/index.php\/wp-json\/wp\/v2\/posts"}],"about":[{"href":"https:\/\/cdnoticias.com\/index.php\/wp-json\/wp\/v2\/types\/post"}],"author":[{"embeddable":true,"href":"https:\/\/cdnoticias.com\/index.php\/wp-json\/wp\/v2\/users\/2"}],"replies":[{"embeddable":true,"href":"https:\/\/cdnoticias.com\/index.php\/wp-json\/wp\/v2\/comments?post=120772"}],"version-history":[{"count":0,"href":"https:\/\/cdnoticias.com\/index.php\/wp-json\/wp\/v2\/posts\/120772\/revisions"}],"wp:featuredmedia":[{"embeddable":true,"href":"https:\/\/cdnoticias.com\/index.php\/wp-json\/wp\/v2\/media\/120082"}],"wp:attachment":[{"href":"https:\/\/cdnoticias.com\/index.php\/wp-json\/wp\/v2\/media?parent=120772"}],"wp:term":[{"taxonomy":"category","embeddable":true,"href":"https:\/\/cdnoticias.com\/index.php\/wp-json\/wp\/v2\/categories?post=120772"},{"taxonomy":"post_tag","embeddable":true,"href":"https:\/\/cdnoticias.com\/index.php\/wp-json\/wp\/v2\/tags?post=120772"}],"curies":[{"name":"wp","href":"https:\/\/api.w.org\/{rel}","templated":true}]}}