{"id":120765,"date":"2024-07-15T20:11:38","date_gmt":"2024-07-15T23:11:38","guid":{"rendered":"https:\/\/cdnoticias.com\/?p=120765"},"modified":"2024-07-15T20:13:02","modified_gmt":"2024-07-15T23:13:02","slug":"el-pro-cruzo-al-intendente-wesner-el-polo-educativo-existe-desde-el-2023","status":"publish","type":"post","link":"https:\/\/cdnoticias.com\/index.php\/2024\/07\/15\/el-pro-cruzo-al-intendente-wesner-el-polo-educativo-existe-desde-el-2023\/","title":{"rendered":"El Pro cruz\u00f3 al intendente Wesner: \u201cEl Polo Educativo existe desde el 2023\u201d"},"content":{"rendered":"\n<p>Fue tras la reactivaci\u00f3n del Bioparque La M\u00e1xima de este lunes. Recordaron el trabajo realizado cuando fueron gesti\u00f3n, en 2023.<\/p>\n\n\n\n<hr class=\"wp-block-separator aligncenter has-alpha-channel-opacity\"\/>\n\n\n\n<p><strong>Concejales del Bloque PRO-ERF recordaron el funcionamiento del Polo Educativo del Bioparque \u201cLa M\u00e1xima\u201d desde el a\u00f1o 2023 <\/strong>y acusaron al intendente Wesner, que encabez\u00f3 el acto de reapertura de este lunes, de repetir una pol\u00edtica impulsada por la anterior gesti\u00f3n en 2023.<\/p>\n\n\n\n<p><em><strong>\u201cSi la intenci\u00f3n fue reabrir el Bioparque para las vacaciones de invierno -despu\u00e9s de siete meses tras el temporal de diciembre- es v\u00e1lido. Pero \u2018presentar\u2019 el Polo Educativo no es correcto, porque exist\u00eda desde el a\u00f1o pasado\u201d,<\/strong><\/em> sentenciaron los concejales en un comunicado emitido en la tarde del lunes.<\/p>\n\n\n\n<p>Al mismo tiempo argumentaron que<em> \u201cel Intendente lo hab\u00eda anunciado en la apertura de sesiones como uno de los proyectos de su gesti\u00f3n\u201d.<\/em> En su momento <em>\u201cnos pareci\u00f3 desacertado porque hubo un gran equipo educativo que estuvo trabajando con una gran cantidad de propuestas l\u00fadicas con enfoque educativo. Siempre pensamos la educaci\u00f3n en todos sus niveles y la prioridad fueron los ni\u00f1os y la familia\u201d denunciaron.<\/em><\/p>\n\n\n\n<p>Hicieron un racconto de lo sucedido en 2023, con el impulso del<em> \u201cPolo Educativo, que inclu\u00eda a La M\u00e1xima, el GOCO y el Museo de las Ciencias\u201d<\/em> que <em><strong>\u201csurgi\u00f3 con un gran compromiso por la educaci\u00f3n, la concientizaci\u00f3n de los cuidados del medio ambiente y un enfoque interdisciplinario que abarc\u00f3 adem\u00e1s a la ciencia y la tecnolog\u00eda\u201d.<\/strong><\/em><\/p>\n\n\n\n<p><em>\u201cDurante todo el a\u00f1o pasado trabajamos much\u00edsimo con las escuelas, colaborando desde la educaci\u00f3n no formal, acercando a los ni\u00f1os a la ciencia desde un lugar l\u00fadico. La participaci\u00f3n en cada propuesta estuvo pensada, con el objetivo central del aprendizaje\u201d<\/em>, recordaron.<\/p>\n\n\n\n<p>Ya en plano de acusaci\u00f3n, apuntaron a<em> \u201cla gente que asesora al Intendente\u201d <\/em>que <em>\u201cno lo haga mentir, porque est\u00e1 quedando muy mal ante toda la comunidad olavarriense. Pareciera que para la actual gesti\u00f3n, Olavarr\u00eda fue fundada el \u00faltimo 10 de diciembre cuando asumieron el mando del municipio. Nuestro partido tiene una historia muy rica que debemos respetar\u201d<\/em>, agregaron.<\/p>\n\n\n\n<p><strong><em>\u201cDetr\u00e1s del Polo Educativo, que ya funcionaba en La M\u00e1xima, hab\u00eda gente muy calificada haciendo un gran trabajo. No debemos desconocer el recurso humano valioso con el que se cuenta\u201d,<\/em><\/strong> concluyeron.<\/p>\n","protected":false},"excerpt":{"rendered":"<p>Fue tras la reactivaci\u00f3n del Bioparque La M\u00e1xima de este lunes. Recordaron el trabajo realizado cuando fueron gesti\u00f3n, en 2023.<\/p>\n","protected":false},"author":2,"featured_media":117852,"comment_status":"closed","ping_status":"closed","sticky":false,"template":"","format":"standard","meta":{"_jetpack_memberships_contains_paid_content":false,"footnotes":""},"categories":[4],"tags":[],"class_list":["post-120765","post","type-post","status-publish","format-standard","has-post-thumbnail","hentry","category-politica"],"jetpack_featured_media_url":"https:\/\/i0.wp.com\/cdnoticias.com\/wp-content\/uploads\/2024\/06\/HCD-bloque-Pro-00.jpg?fit=700%2C389&ssl=1","jetpack_sharing_enabled":true,"_links":{"self":[{"href":"https:\/\/cdnoticias.com\/index.php\/wp-json\/wp\/v2\/posts\/120765","targetHints":{"allow":["GET"]}}],"collection":[{"href":"https:\/\/cdnoticias.com\/index.php\/wp-json\/wp\/v2\/posts"}],"about":[{"href":"https:\/\/cdnoticias.com\/index.php\/wp-json\/wp\/v2\/types\/post"}],"author":[{"embeddable":true,"href":"https:\/\/cdnoticias.com\/index.php\/wp-json\/wp\/v2\/users\/2"}],"replies":[{"embeddable":true,"href":"https:\/\/cdnoticias.com\/index.php\/wp-json\/wp\/v2\/comments?post=120765"}],"version-history":[{"count":0,"href":"https:\/\/cdnoticias.com\/index.php\/wp-json\/wp\/v2\/posts\/120765\/revisions"}],"wp:featuredmedia":[{"embeddable":true,"href":"https:\/\/cdnoticias.com\/index.php\/wp-json\/wp\/v2\/media\/117852"}],"wp:attachment":[{"href":"https:\/\/cdnoticias.com\/index.php\/wp-json\/wp\/v2\/media?parent=120765"}],"wp:term":[{"taxonomy":"category","embeddable":true,"href":"https:\/\/cdnoticias.com\/index.php\/wp-json\/wp\/v2\/categories?post=120765"},{"taxonomy":"post_tag","embeddable":true,"href":"https:\/\/cdnoticias.com\/index.php\/wp-json\/wp\/v2\/tags?post=120765"}],"curies":[{"name":"wp","href":"https:\/\/api.w.org\/{rel}","templated":true}]}}