{"id":120760,"date":"2024-07-15T19:37:33","date_gmt":"2024-07-15T22:37:33","guid":{"rendered":"https:\/\/cdnoticias.com\/?p=120760"},"modified":"2024-07-16T09:19:20","modified_gmt":"2024-07-16T12:19:20","slug":"lo-que-paso-aca-es-un-modelo-para-el-resto-de-los-distritos","status":"publish","type":"post","link":"https:\/\/cdnoticias.com\/index.php\/2024\/07\/15\/lo-que-paso-aca-es-un-modelo-para-el-resto-de-los-distritos\/","title":{"rendered":"\u201cLo que pas\u00f3 ac\u00e1 es un modelo para el resto de los distritos\u201d"},"content":{"rendered":"\n<p>La ministra Vilar valor\u00f3 el trabajo de la cooperativa de recuperadores urbanos y se\u00f1al\u00f3 que comenz\u00f3 a replicarse en los distritos. Wesner confirm\u00f3 que el ingreso al ahora Polo Educativo y Recreativo de La M\u00e1xima ser\u00e1 gratuito. D\u00f3nde se invertir\u00e1n los fondos del convenio firmado.<\/p>\n\n\n\n<hr class=\"wp-block-separator aligncenter has-alpha-channel-opacity\"\/>\n\n\n\n<p>Tras la conferencia de presentaci\u00f3n y reapertura del Polo Educativo y Recreativo del Bioparque La M\u00e1xima, <strong>el intendente Wesner y la ministra de Ambiente de la Provincia, Daniela Vilar, ahondaron sobre c\u00f3mo continuar\u00e1 el funcionamiento del lugar, la inversi\u00f3n de 30 millones de pesos en un convenio firmado entre las partes este lunes, y otros temas como los recuperadores urbanos y el sistema local, y la situaci\u00f3n del relleno sanitario, donde Vilar reconoci\u00f3 una ausencia de comunicaci\u00f3n con la gesti\u00f3n anterior.<\/strong><\/p>\n\n\n\n<p>En primera instancia,<strong> Wesner confirm\u00f3 que La M\u00e1xima tendr\u00e1 acceso libre y gratuito:<\/strong><em> \u201cla idea es que est\u00e9 abierto para todos los olavarrienses sin costo, que puedan acceder con la familia, que puedan acceder con su veh\u00edculo en un lugar espec\u00edfico y esto sea peatonal, que lo puedan aprovechar al m\u00e1ximo y por eso la reapertura a partir de hoy, de las vacaciones de invierno y que vuelva a ser un lugar ic\u00f3nico, fue muy simb\u00f3lico para esta ciudad\u201d.<\/em><\/p>\n\n\n\n<p>Tras recordar las propuestas de vacaciones de invierno, valor\u00f3 el trabajo de recuperaci\u00f3n<em> \u201ccon el apoyo de la Provincia, de la Ministra, de tantas reuniones. Esta mesa es una mesa de resultados, de las visitas que le hab\u00edamos hecho a Daniela, de los proyectos de Bel\u00e9n (Abraham, concejala de UxP), de todo el equipo, del laburo de Bruno (Vitale, coordinador de La M\u00e1xima), del laburo conectado entre todas las secretar\u00edas y por sobre todo el conocimiento, la transferencia, y la voluntad de los trabajadores municipales de poder apoyar esta iniciativa que sin lugar a dudas ya es valorada por los olavarrienses\u201d.<\/em><\/p>\n\n\n\n<figure class=\"wp-block-image size-large\"><img data-recalc-dims=\"1\" loading=\"lazy\" decoding=\"async\" width=\"800\" height=\"445\" src=\"https:\/\/i0.wp.com\/cdnoticias.com\/wp-content\/uploads\/2024\/07\/lamaxima-vilar-2.jpg?resize=800%2C445&#038;ssl=1\" alt=\"\" class=\"wp-image-120762\" srcset=\"https:\/\/i0.wp.com\/cdnoticias.com\/wp-content\/uploads\/2024\/07\/lamaxima-vilar-2.jpg?resize=1024%2C570&amp;ssl=1 1024w, https:\/\/i0.wp.com\/cdnoticias.com\/wp-content\/uploads\/2024\/07\/lamaxima-vilar-2.jpg?resize=300%2C167&amp;ssl=1 300w, https:\/\/i0.wp.com\/cdnoticias.com\/wp-content\/uploads\/2024\/07\/lamaxima-vilar-2.jpg?resize=768%2C428&amp;ssl=1 768w, https:\/\/i0.wp.com\/cdnoticias.com\/wp-content\/uploads\/2024\/07\/lamaxima-vilar-2.jpg?resize=800%2C445&amp;ssl=1 800w, https:\/\/i0.wp.com\/cdnoticias.com\/wp-content\/uploads\/2024\/07\/lamaxima-vilar-2.jpg?w=1072&amp;ssl=1 1072w\" sizes=\"auto, (max-width: 800px) 100vw, 800px\" \/><\/figure>\n\n\n\n<p>Con respecto al convenio, fue firmado en el Municipio este lunes previo a la llegada al lugar de la presentaci\u00f3n, y valor\u00f3 que la ministra<em> \u201cpone una vez m\u00e1s a disposici\u00f3n su equipo, su gabinete y los recursos que tiene la provincia para con Olavarr\u00eda, la verdad que el agradecimiento m\u00edo, de todo el equipo, de toda la comunidad por pensar en este distrito y que <strong>sin lugar a dudas es un lugar que a veces nosotros no lo valoramos como olavarrienses pero cuando viene alguien de afuera -en este caso tambi\u00e9n ha recorrido los 135 municipios de la provincia conoce todos los distritos- que fue impactarse y llenarse de alegr\u00eda con este Bioparque y con este Museo de las Ciencias, con este Polo Educativo y Recreativo \u201cLa M\u00e1xima\u201d que sin lugar a dudas a partir de hoy tendr\u00e1 la puerta abierta para todos. Los fondos van a ser destinados ac\u00e1 obviamente\u201d.<\/strong><\/em><\/p>\n\n\n\n<p class=\"has-medium-font-size\">Recuperadores urbanos<\/p>\n\n\n\n<p>Tras la entrega de maquinaria y un veh\u00edculo para la Cooperativa de Cartoneros \u201cViento en Contra\u201d y la contrataci\u00f3n para la gesti\u00f3n de la Planta de Reciclaje, <strong>Vilar dej\u00f3 en claro que \u201clo que pas\u00f3 ac\u00e1 es un modelo para el resto de los distritos\u201d.<\/strong><\/p>\n\n\n\n<blockquote class=\"wp-block-quote is-layout-flow wp-block-quote-is-layout-flow\">\n<p>\u201cTenemos un ideal de trabajo que es que el trabajo de los cooperativistas, de los cartoneros, las cartoneras, recuperadores urbanos se ha considerado lo que es un servicio p\u00fablico. Y los servicios p\u00fablicos se paga un canon, un contrato, un convenio\u201d.<\/p>\n<\/blockquote>\n\n\n\n<p>En este sentido, indic\u00f3 que producto de lo que sucede en los 135 distritos<em> \u201ctenemos creada la subsecretar\u00eda de RCU y Econom\u00eda Circular que est\u00e1 a cargo de una compa\u00f1\u00eda cartonera, lo que hacemos es fortalecer con iniciativas muy primarias de poder poner en valor, dignificar la tarea de los cartoneros y los recuperadores, el trabajo que hacen muchos en los basureros a cielo abierto, en distritos donde no existen los rellenos como es el caso de Olavarr\u00eda\u201d.<\/em><\/p>\n\n\n\n<p>Lo que buscan, de hecho, es <em><strong>\u201cque se pueda contratar a una Cooperativa y conveniar desde el Ministerio con una Cooperativa, que esos trabajadores puedan firmar un contrato por su trabajo y que sean considerados servidores p\u00fablicos\u201d <\/strong><\/em>algo que fue catalogado como<em><strong> \u201cun modelo hacia el que vamos. As\u00ed que ponen presi\u00f3n desde Olavarr\u00eda porque ahora todos los distritos est\u00e1n mirando este modelo\u201d.<\/strong><\/em> Y compar\u00f3: <em>\u201cas\u00ed como hay empresas privadas de recolecci\u00f3n de residuos que haya tambi\u00e9n un trabajo, un convenio de valorar ese servicio p\u00fablico que brindan los recuperadores urbanos que en algunos lugares es pura voluntad de ellos y que algunos gobiernos locales, la mayor\u00eda, pero nosotros desde el Ministerio estamos empujando para que sea puesto en valor, porque no lo hace nadie\u201d.<\/em><\/p>\n\n\n\n<figure class=\"wp-block-image size-large\"><img data-recalc-dims=\"1\" loading=\"lazy\" decoding=\"async\" width=\"800\" height=\"445\" src=\"https:\/\/i0.wp.com\/cdnoticias.com\/wp-content\/uploads\/2024\/07\/lamaxima-reinauguracion7.jpg?resize=800%2C445&#038;ssl=1\" alt=\"\" class=\"wp-image-120763\" srcset=\"https:\/\/i0.wp.com\/cdnoticias.com\/wp-content\/uploads\/2024\/07\/lamaxima-reinauguracion7.jpg?resize=1024%2C570&amp;ssl=1 1024w, https:\/\/i0.wp.com\/cdnoticias.com\/wp-content\/uploads\/2024\/07\/lamaxima-reinauguracion7.jpg?resize=300%2C167&amp;ssl=1 300w, https:\/\/i0.wp.com\/cdnoticias.com\/wp-content\/uploads\/2024\/07\/lamaxima-reinauguracion7.jpg?resize=768%2C428&amp;ssl=1 768w, https:\/\/i0.wp.com\/cdnoticias.com\/wp-content\/uploads\/2024\/07\/lamaxima-reinauguracion7.jpg?resize=800%2C445&amp;ssl=1 800w, https:\/\/i0.wp.com\/cdnoticias.com\/wp-content\/uploads\/2024\/07\/lamaxima-reinauguracion7.jpg?w=1072&amp;ssl=1 1072w\" sizes=\"auto, (max-width: 800px) 100vw, 800px\" \/><\/figure>\n\n\n\n<p>De hecho, admiti\u00f3 que <em>\u201ces un servicio no lo brinda nadie, salvo los recuperadores urbanos, los cartoneros y las cartoneras que en algunos casos lo hacen, insisto, en condiciones indignas que es lo que estamos trabajando nosotros para cambiar de dos a\u00f1os a esta parte. Pero lo que est\u00e1 pasando en Olavarr\u00eda para nosotros es muy bueno\u201d.<\/em><\/p>\n\n\n\n<p>Finalmente, y <strong>ante la consulta sobre el estado del relleno sanitario local y denuncias sobre derrame de l\u00edquidos lixiviados en el Arroyo Tapalqu\u00e9, <em>\u201cestamos trabajando con nuestro equipo de RSU, con el equipo del Municipio\u201d.<\/em><\/strong><\/p>\n\n\n\n<p>Admiti\u00f3 que <strong><em>\u201cla situaci\u00f3n era compleja\u201d <\/em><\/strong>y que comenzaron a trabajar de forma mancomunada<em> \u201ccon la gesti\u00f3n de Maxi, porque antes recib\u00edamos denuncias, por supuesto, y ven\u00edamos realizando determinado seguimiento en el marco de lo que se pod\u00eda, porque la competencia de la gesti\u00f3n de los residuos es una competencia municipal\u201d. <\/em><\/p>\n\n\n\n<p>De todas maneras, y en comparativa con Olavarr\u00eda,<em> \u201ca nivel provincial faltan un mont\u00f3n de cosas, hay un mont\u00f3n de distritos que est\u00e1n en situaciones mucho m\u00e1s complejas, tener un relleno no es el mejor de los mundos, pero no es el peor. El peor es un basural a cielo abierto, con lo cual poder mejorar la gesti\u00f3n del relleno es en lo que estamos ya trabajando con el Municipio y que entiendo lo est\u00e1n haciendo con la empresa que gestiona tambi\u00e9n la recolecci\u00f3n de los residuos domiciliarios\u201d <\/em>por lo que se transform\u00f3<em><strong> \u201cen la oportunidad de encaminar esta situaci\u00f3n\u201d<\/strong><\/em> dado que<em><strong> \u201cno ten\u00edamos la oportunidad de poder trabajar junto con el gobierno local hasta la llegada de Maxi, ahora estamos haciendo en tiempo r\u00e9cord todo lo que podemos\u201d<\/strong><\/em> cerr\u00f3.<\/p>\n","protected":false},"excerpt":{"rendered":"<p>La ministra Vilar valor\u00f3 el trabajo de la cooperativa de recuperadores urbanos y se\u00f1al\u00f3 que comenz\u00f3 a replicarse en los<\/p>\n","protected":false},"author":2,"featured_media":120761,"comment_status":"closed","ping_status":"closed","sticky":false,"template":"","format":"standard","meta":{"_jetpack_memberships_contains_paid_content":false,"footnotes":""},"categories":[5,1],"tags":[],"class_list":["post-120760","post","type-post","status-publish","format-standard","has-post-thumbnail","hentry","category-informacion-general","category-portada"],"jetpack_featured_media_url":"https:\/\/i0.wp.com\/cdnoticias.com\/wp-content\/uploads\/2024\/07\/WhatsApp-Image-2024-07-15-at-18.12.26.jpeg?fit=1400%2C931&ssl=1","jetpack_sharing_enabled":true,"_links":{"self":[{"href":"https:\/\/cdnoticias.com\/index.php\/wp-json\/wp\/v2\/posts\/120760","targetHints":{"allow":["GET"]}}],"collection":[{"href":"https:\/\/cdnoticias.com\/index.php\/wp-json\/wp\/v2\/posts"}],"about":[{"href":"https:\/\/cdnoticias.com\/index.php\/wp-json\/wp\/v2\/types\/post"}],"author":[{"embeddable":true,"href":"https:\/\/cdnoticias.com\/index.php\/wp-json\/wp\/v2\/users\/2"}],"replies":[{"embeddable":true,"href":"https:\/\/cdnoticias.com\/index.php\/wp-json\/wp\/v2\/comments?post=120760"}],"version-history":[{"count":0,"href":"https:\/\/cdnoticias.com\/index.php\/wp-json\/wp\/v2\/posts\/120760\/revisions"}],"wp:featuredmedia":[{"embeddable":true,"href":"https:\/\/cdnoticias.com\/index.php\/wp-json\/wp\/v2\/media\/120761"}],"wp:attachment":[{"href":"https:\/\/cdnoticias.com\/index.php\/wp-json\/wp\/v2\/media?parent=120760"}],"wp:term":[{"taxonomy":"category","embeddable":true,"href":"https:\/\/cdnoticias.com\/index.php\/wp-json\/wp\/v2\/categories?post=120760"},{"taxonomy":"post_tag","embeddable":true,"href":"https:\/\/cdnoticias.com\/index.php\/wp-json\/wp\/v2\/tags?post=120760"}],"curies":[{"name":"wp","href":"https:\/\/api.w.org\/{rel}","templated":true}]}}