{"id":120738,"date":"2024-07-15T19:20:00","date_gmt":"2024-07-15T22:20:00","guid":{"rendered":"https:\/\/cdnoticias.com\/?p=120738"},"modified":"2024-07-15T19:38:02","modified_gmt":"2024-07-15T22:38:02","slug":"con-la-presencia-de-la-ministra-de-ambiente-reabrieron-el-bioparque-la-maxima","status":"publish","type":"post","link":"https:\/\/cdnoticias.com\/index.php\/2024\/07\/15\/con-la-presencia-de-la-ministra-de-ambiente-reabrieron-el-bioparque-la-maxima\/","title":{"rendered":"Con la presencia de la ministra de Ambiente, reabrieron el Bioparque La M\u00e1xima"},"content":{"rendered":"\n<p>Se firm\u00f3 un convenio con Provincia que desembolsar\u00e1 30 millones de pesos para la reserva y el Museo de Ciencias. \u201cSer\u00e1 un punto de inflexi\u00f3n en la historia de nuestra ciudad\u201d dijo Wesner. El trabajo para poder reabrir el bioparque durante vacaciones de invierno.<\/p>\n\n\n\n<hr class=\"wp-block-separator aligncenter has-alpha-channel-opacity\"\/>\n\n\n\n<p>Este lunes, <strong>el intendente Wesner junto a todo el gabinete y autoridades provinciales encabezadas por la ministra de Ambiente, Daniela Vilar, reinauguraron el Bioparque La M\u00e1xima<\/strong>, en la b\u00fasqueda de que se convierta en un \u201cPolo educativo\u201d e integrado con el Museo de Ciencias en el inicio de las vacaciones de invierno.<\/p>\n\n\n\n<p>Adem\u00e1s,<strong> confirmaron la firma de un convenio con la Provincia en el que se desembolsar\u00e1n 30 millones de pesos para fortalecer el lugar<\/strong>, que a\u00fan tiene obras pendientes, pero que se decidi\u00f3 reabrir en el marco de las vacaciones de invierno y en la<strong> reconversi\u00f3n del hist\u00f3rico lugar en una reserva educativa.<\/strong><\/p>\n\n\n\n<p>Participaron, adem\u00e1s de Wesner y Vilar, todo el gabinete municipal encabezado por la Jefa de Gabinete Mercedes Land\u00edvar, as\u00ed como tambi\u00e9n el presidente del HCD, Guillermo Santell\u00e1n, en conjunto con el bloque de Uni\u00f3n por la Patria, sumado a autoridades educativas tales como Marta Casanella (Jefa Regional de Educaci\u00f3n) y Julio Ben\u00edtez, jefe distrital. En las recorridas, fueron guiados por el titular de La M\u00e1xima, Bruno Vitale.<\/p>\n\n\n\n<figure class=\"wp-block-image size-large\"><img data-recalc-dims=\"1\" loading=\"lazy\" decoding=\"async\" width=\"800\" height=\"445\" src=\"https:\/\/i0.wp.com\/cdnoticias.com\/wp-content\/uploads\/2024\/07\/lamaxima-reinauguracion5.jpg?resize=800%2C445&#038;ssl=1\" alt=\"\" class=\"wp-image-120744\" srcset=\"https:\/\/i0.wp.com\/cdnoticias.com\/wp-content\/uploads\/2024\/07\/lamaxima-reinauguracion5.jpg?resize=1024%2C570&amp;ssl=1 1024w, https:\/\/i0.wp.com\/cdnoticias.com\/wp-content\/uploads\/2024\/07\/lamaxima-reinauguracion5.jpg?resize=300%2C167&amp;ssl=1 300w, https:\/\/i0.wp.com\/cdnoticias.com\/wp-content\/uploads\/2024\/07\/lamaxima-reinauguracion5.jpg?resize=768%2C427&amp;ssl=1 768w, https:\/\/i0.wp.com\/cdnoticias.com\/wp-content\/uploads\/2024\/07\/lamaxima-reinauguracion5.jpg?resize=800%2C445&amp;ssl=1 800w, https:\/\/i0.wp.com\/cdnoticias.com\/wp-content\/uploads\/2024\/07\/lamaxima-reinauguracion5.jpg?w=1066&amp;ssl=1 1066w\" sizes=\"auto, (max-width: 800px) 100vw, 800px\" \/><\/figure>\n\n\n\n<p>Primeramente, <strong>los funcionarios recorrieron la huerta educativa que se instal\u00f3 en el lugar, una de las novedades del Bioparque en su reapertura.<\/strong><\/p>\n\n\n\n<figure class=\"wp-block-image size-large\"><img data-recalc-dims=\"1\" loading=\"lazy\" decoding=\"async\" width=\"800\" height=\"445\" src=\"https:\/\/i0.wp.com\/cdnoticias.com\/wp-content\/uploads\/2024\/07\/lamaxima-reinauguracion4.jpg?resize=800%2C445&#038;ssl=1\" alt=\"\" class=\"wp-image-120743\" srcset=\"https:\/\/i0.wp.com\/cdnoticias.com\/wp-content\/uploads\/2024\/07\/lamaxima-reinauguracion4.jpg?resize=1024%2C570&amp;ssl=1 1024w, https:\/\/i0.wp.com\/cdnoticias.com\/wp-content\/uploads\/2024\/07\/lamaxima-reinauguracion4.jpg?resize=300%2C167&amp;ssl=1 300w, https:\/\/i0.wp.com\/cdnoticias.com\/wp-content\/uploads\/2024\/07\/lamaxima-reinauguracion4.jpg?resize=768%2C428&amp;ssl=1 768w, https:\/\/i0.wp.com\/cdnoticias.com\/wp-content\/uploads\/2024\/07\/lamaxima-reinauguracion4.jpg?resize=800%2C445&amp;ssl=1 800w, https:\/\/i0.wp.com\/cdnoticias.com\/wp-content\/uploads\/2024\/07\/lamaxima-reinauguracion4.jpg?w=1072&amp;ssl=1 1072w\" sizes=\"auto, (max-width: 800px) 100vw, 800px\" \/><\/figure>\n\n\n\n<p>Tras ver algunos animales del lugar, como llamas y burros, <strong>la ministra tambi\u00e9n pudo observar los trabajos que se realizan de conservaci\u00f3n de especies, tales como el c\u00f3ndor, el pecar\u00ed y los guacamayos.<\/strong><\/p>\n\n\n\n<figure class=\"wp-block-image size-large\"><img data-recalc-dims=\"1\" loading=\"lazy\" decoding=\"async\" width=\"800\" height=\"445\" src=\"https:\/\/i0.wp.com\/cdnoticias.com\/wp-content\/uploads\/2024\/07\/lamaxima-reinauguracion2.jpg?resize=800%2C445&#038;ssl=1\" alt=\"\" class=\"wp-image-120741\" srcset=\"https:\/\/i0.wp.com\/cdnoticias.com\/wp-content\/uploads\/2024\/07\/lamaxima-reinauguracion2.jpg?resize=1024%2C570&amp;ssl=1 1024w, https:\/\/i0.wp.com\/cdnoticias.com\/wp-content\/uploads\/2024\/07\/lamaxima-reinauguracion2.jpg?resize=300%2C167&amp;ssl=1 300w, https:\/\/i0.wp.com\/cdnoticias.com\/wp-content\/uploads\/2024\/07\/lamaxima-reinauguracion2.jpg?resize=768%2C428&amp;ssl=1 768w, https:\/\/i0.wp.com\/cdnoticias.com\/wp-content\/uploads\/2024\/07\/lamaxima-reinauguracion2.jpg?resize=800%2C445&amp;ssl=1 800w, https:\/\/i0.wp.com\/cdnoticias.com\/wp-content\/uploads\/2024\/07\/lamaxima-reinauguracion2.jpg?w=1072&amp;ssl=1 1072w\" sizes=\"auto, (max-width: 800px) 100vw, 800px\" \/><\/figure>\n\n\n\n<figure class=\"wp-block-image size-large\"><img data-recalc-dims=\"1\" loading=\"lazy\" decoding=\"async\" width=\"800\" height=\"445\" src=\"https:\/\/i0.wp.com\/cdnoticias.com\/wp-content\/uploads\/2024\/07\/lamaxima-reinauguracion3.jpg?resize=800%2C445&#038;ssl=1\" alt=\"\" class=\"wp-image-120742\" srcset=\"https:\/\/i0.wp.com\/cdnoticias.com\/wp-content\/uploads\/2024\/07\/lamaxima-reinauguracion3.jpg?resize=1024%2C570&amp;ssl=1 1024w, https:\/\/i0.wp.com\/cdnoticias.com\/wp-content\/uploads\/2024\/07\/lamaxima-reinauguracion3.jpg?resize=300%2C167&amp;ssl=1 300w, https:\/\/i0.wp.com\/cdnoticias.com\/wp-content\/uploads\/2024\/07\/lamaxima-reinauguracion3.jpg?resize=768%2C428&amp;ssl=1 768w, https:\/\/i0.wp.com\/cdnoticias.com\/wp-content\/uploads\/2024\/07\/lamaxima-reinauguracion3.jpg?resize=800%2C445&amp;ssl=1 800w, https:\/\/i0.wp.com\/cdnoticias.com\/wp-content\/uploads\/2024\/07\/lamaxima-reinauguracion3.jpg?w=1072&amp;ssl=1 1072w\" sizes=\"auto, (max-width: 800px) 100vw, 800px\" \/><\/figure>\n\n\n\n<p>Luego de la extensa recorrida,<strong> se trasladaron al Museo de Ciencias donde se presentaron las actividades en el marco de la reapertura. El intendente Wesner fue el primer orador<\/strong>, que destac\u00f3 que esta reinauguraci\u00f3n<em><strong> \u201cva a ser un punto de inflexi\u00f3n en la historia de nuestra ciudad\u201d <\/strong><\/em>y celebr\u00f3 <em>\u201cpoder concretar este trabajo y acciones conjuntas de todo el gabinete municipal, de instituciones que han participado para poder reconvertir este lugar hist\u00f3rico de Olavarr\u00eda para que sea un Polo Educativo\u201d.<\/em><\/p>\n\n\n\n<blockquote class=\"wp-block-quote is-layout-flow wp-block-quote-is-layout-flow\">\n<p>\u201cNos llena de orgullo poder concretarlo tan pronto\u201d se\u00f1al\u00f3, y destac\u00f3 que se trata de \u201cla concreci\u00f3n integral de unificar el trabajo del Bioparque y el Museo de las Ciencias, con el Centro de Innovaci\u00f3n Tecnol\u00f3gica, era algo que ven\u00edamos observ\u00e1ndolo y tras asumir en la gesti\u00f3n trabajamos para concretarlo\u201d.<\/p>\n<\/blockquote>\n\n\n\n<figure class=\"wp-block-image size-large\"><img data-recalc-dims=\"1\" loading=\"lazy\" decoding=\"async\" width=\"800\" height=\"445\" src=\"https:\/\/i0.wp.com\/cdnoticias.com\/wp-content\/uploads\/2024\/07\/lamaxima-reinauguracion6.jpg?resize=800%2C445&#038;ssl=1\" alt=\"\" class=\"wp-image-120745\" srcset=\"https:\/\/i0.wp.com\/cdnoticias.com\/wp-content\/uploads\/2024\/07\/lamaxima-reinauguracion6.jpg?resize=1024%2C570&amp;ssl=1 1024w, https:\/\/i0.wp.com\/cdnoticias.com\/wp-content\/uploads\/2024\/07\/lamaxima-reinauguracion6.jpg?resize=300%2C167&amp;ssl=1 300w, https:\/\/i0.wp.com\/cdnoticias.com\/wp-content\/uploads\/2024\/07\/lamaxima-reinauguracion6.jpg?resize=768%2C428&amp;ssl=1 768w, https:\/\/i0.wp.com\/cdnoticias.com\/wp-content\/uploads\/2024\/07\/lamaxima-reinauguracion6.jpg?resize=800%2C445&amp;ssl=1 800w, https:\/\/i0.wp.com\/cdnoticias.com\/wp-content\/uploads\/2024\/07\/lamaxima-reinauguracion6.jpg?w=1072&amp;ssl=1 1072w\" sizes=\"auto, (max-width: 800px) 100vw, 800px\" \/><\/figure>\n\n\n\n<p>Agradeci\u00f3 al Ministerio de Ambiente y la Gobernaci\u00f3n porque<em><strong> \u201csin lugar a dudas este lugar tiene que ver con el Ministerio de Ambiente, lo que charlamos y proyectamos, y con lo que acabamos de firmar, un fondo de 30 millones de pesos para fortalecer este lugar, que a\u00fan le falta, pero cre\u00edamos que era conveniente iniciar las vacaciones de invierno con esto, para que puedan usarlo, se vuelvan a apropiar las familias olavarrienses con sus peque\u00f1os o peque\u00f1as\u201d.<\/strong><\/em><\/p>\n\n\n\n<figure class=\"wp-block-image size-large\"><img data-recalc-dims=\"1\" loading=\"lazy\" decoding=\"async\" width=\"800\" height=\"445\" src=\"https:\/\/i0.wp.com\/cdnoticias.com\/wp-content\/uploads\/2024\/07\/lamaxima-wesner-1.jpg?resize=800%2C445&#038;ssl=1\" alt=\"\" class=\"wp-image-120749\" srcset=\"https:\/\/i0.wp.com\/cdnoticias.com\/wp-content\/uploads\/2024\/07\/lamaxima-wesner-1.jpg?resize=1024%2C570&amp;ssl=1 1024w, https:\/\/i0.wp.com\/cdnoticias.com\/wp-content\/uploads\/2024\/07\/lamaxima-wesner-1.jpg?resize=300%2C167&amp;ssl=1 300w, https:\/\/i0.wp.com\/cdnoticias.com\/wp-content\/uploads\/2024\/07\/lamaxima-wesner-1.jpg?resize=768%2C428&amp;ssl=1 768w, https:\/\/i0.wp.com\/cdnoticias.com\/wp-content\/uploads\/2024\/07\/lamaxima-wesner-1.jpg?resize=800%2C445&amp;ssl=1 800w, https:\/\/i0.wp.com\/cdnoticias.com\/wp-content\/uploads\/2024\/07\/lamaxima-wesner-1.jpg?w=1072&amp;ssl=1 1072w\" sizes=\"auto, (max-width: 800px) 100vw, 800px\" \/><\/figure>\n\n\n\n<p>Record\u00f3, en este sentido, <em><strong>\u201clos hechos que se suscitaron en alg\u00fan momento\u201d <\/strong><\/em>tal como el hallazgo de gallos de ri\u00f1a criados de forma clandestina en el lugar, y <em>\u201cas\u00ed y todo, nos pusimos el overol y el conocimiento a disposici\u00f3n para lograr que Olavarr\u00eda vuelva a tener estas 45 hect\u00e1reas a disposici\u00f3n. Falta trabajar en la reserva, lo estamos haciendo y esto tiene que ver con ello\u201d.<\/em><\/p>\n\n\n\n<p><strong>Record\u00f3 que en los temporales de diciembre se cayeron un centenar de \u00e1rboles, recuperaron senderos y crearon nuevos para terminar de integrar el Bioparque con el Museo de Ciencias.<\/strong><\/p>\n\n\n\n<figure class=\"wp-block-image size-large\"><img data-recalc-dims=\"1\" loading=\"lazy\" decoding=\"async\" width=\"800\" height=\"445\" src=\"https:\/\/i0.wp.com\/cdnoticias.com\/wp-content\/uploads\/2024\/07\/lamaxima-vilar-1.jpg?resize=800%2C445&#038;ssl=1\" alt=\"\" class=\"wp-image-120746\" srcset=\"https:\/\/i0.wp.com\/cdnoticias.com\/wp-content\/uploads\/2024\/07\/lamaxima-vilar-1.jpg?resize=1024%2C570&amp;ssl=1 1024w, https:\/\/i0.wp.com\/cdnoticias.com\/wp-content\/uploads\/2024\/07\/lamaxima-vilar-1.jpg?resize=300%2C167&amp;ssl=1 300w, https:\/\/i0.wp.com\/cdnoticias.com\/wp-content\/uploads\/2024\/07\/lamaxima-vilar-1.jpg?resize=768%2C428&amp;ssl=1 768w, https:\/\/i0.wp.com\/cdnoticias.com\/wp-content\/uploads\/2024\/07\/lamaxima-vilar-1.jpg?resize=800%2C445&amp;ssl=1 800w, https:\/\/i0.wp.com\/cdnoticias.com\/wp-content\/uploads\/2024\/07\/lamaxima-vilar-1.jpg?w=1072&amp;ssl=1 1072w\" sizes=\"auto, (max-width: 800px) 100vw, 800px\" \/><\/figure>\n\n\n\n<p>A continuaci\u00f3n, la Ministra Vilar halag\u00f3 el Bioparque<strong>, catalogado como un \u201clugar hermoso, maravilloso\u201d, y felicit\u00f3 a la comunidad por un lugar tan lindo.<\/strong><\/p>\n\n\n\n<p><em><strong>\u201cPoder conjugar en un mismo lugar una perspectiva totalmente vanguardista e innovadora pero que recupera tradiciones ancestrales, el cuidado de especies aut\u00f3ctonas y donde se pueda educar en nociones b\u00e1sicas que se fueron transmitiendo de generaci\u00f3n en generaci\u00f3n y queremos reflotar a trav\u00e9s de pol\u00edticas p\u00fablicas que construyan las herramientas para poder lograr el buen vivir de la comunidad de Olavarr\u00eda y as\u00ed de toda la provincia de Buenos Aires\u201d <\/strong><\/em>dijo, en este sentido.<\/p>\n\n\n\n<p>Con respecto a los avances de estos meses, admiti\u00f3 que <strong>La M\u00e1xima ven\u00eda \u201cmedio golpeada\u201d<\/strong> y critic\u00f3 sutilmente a la gesti\u00f3n anterior por no permitir el desarrollo del lugar que \u201c<em>permiten que los pibes vivan mejor, que aprendan m\u00e1s cosas, que construyan nuevas herramientas para sus propios procesos o proyectos de vida\u201d.<\/em><\/p>\n\n\n\n<figure class=\"wp-block-image size-large\"><img data-recalc-dims=\"1\" loading=\"lazy\" decoding=\"async\" width=\"800\" height=\"445\" src=\"https:\/\/i0.wp.com\/cdnoticias.com\/wp-content\/uploads\/2024\/07\/lamaxima-vitale-2.jpg?resize=800%2C445&#038;ssl=1\" alt=\"\" class=\"wp-image-120748\" srcset=\"https:\/\/i0.wp.com\/cdnoticias.com\/wp-content\/uploads\/2024\/07\/lamaxima-vitale-2.jpg?resize=1024%2C570&amp;ssl=1 1024w, https:\/\/i0.wp.com\/cdnoticias.com\/wp-content\/uploads\/2024\/07\/lamaxima-vitale-2.jpg?resize=300%2C167&amp;ssl=1 300w, https:\/\/i0.wp.com\/cdnoticias.com\/wp-content\/uploads\/2024\/07\/lamaxima-vitale-2.jpg?resize=768%2C428&amp;ssl=1 768w, https:\/\/i0.wp.com\/cdnoticias.com\/wp-content\/uploads\/2024\/07\/lamaxima-vitale-2.jpg?resize=800%2C445&amp;ssl=1 800w, https:\/\/i0.wp.com\/cdnoticias.com\/wp-content\/uploads\/2024\/07\/lamaxima-vitale-2.jpg?w=1072&amp;ssl=1 1072w\" sizes=\"auto, (max-width: 800px) 100vw, 800px\" \/><\/figure>\n\n\n\n<p>El coordinador de La M\u00e1xima, <strong>Bruno Vitale, se\u00f1al\u00f3 que la misi\u00f3n era \u201cardua\u201d con un bioparque que \u201cpermanec\u00eda cerrado\u201d y tras los dos temporales \u201chicieron que permanezca cerrado\u201d<\/strong>. <em>\u201cMe llena de emoci\u00f3n ver el trabajo que hicieron todos mis compa\u00f1eros y no puedo creer incluso c\u00f3mo se trabaj\u00f3 desde lo municipal interarearmente\u201d<\/em>. Felicit\u00f3 a Carlos B\u00e9ttiga<em> \u201cy a todo el personal que estuvo presente en cada uno de los detalles\u201d.<\/em><\/p>\n","protected":false},"excerpt":{"rendered":"<p>Se firm\u00f3 un convenio con Provincia que desembolsar\u00e1 30 millones de pesos para la reserva y el Museo de Ciencias.<\/p>\n","protected":false},"author":2,"featured_media":120740,"comment_status":"closed","ping_status":"closed","sticky":false,"template":"","format":"standard","meta":{"_jetpack_memberships_contains_paid_content":false,"footnotes":""},"categories":[5,1],"tags":[],"class_list":["post-120738","post","type-post","status-publish","format-standard","has-post-thumbnail","hentry","category-informacion-general","category-portada"],"jetpack_featured_media_url":"https:\/\/i0.wp.com\/cdnoticias.com\/wp-content\/uploads\/2024\/07\/lamaxima-reinauguracion1.jpg?fit=1072%2C596&ssl=1","jetpack_sharing_enabled":true,"_links":{"self":[{"href":"https:\/\/cdnoticias.com\/index.php\/wp-json\/wp\/v2\/posts\/120738","targetHints":{"allow":["GET"]}}],"collection":[{"href":"https:\/\/cdnoticias.com\/index.php\/wp-json\/wp\/v2\/posts"}],"about":[{"href":"https:\/\/cdnoticias.com\/index.php\/wp-json\/wp\/v2\/types\/post"}],"author":[{"embeddable":true,"href":"https:\/\/cdnoticias.com\/index.php\/wp-json\/wp\/v2\/users\/2"}],"replies":[{"embeddable":true,"href":"https:\/\/cdnoticias.com\/index.php\/wp-json\/wp\/v2\/comments?post=120738"}],"version-history":[{"count":0,"href":"https:\/\/cdnoticias.com\/index.php\/wp-json\/wp\/v2\/posts\/120738\/revisions"}],"wp:featuredmedia":[{"embeddable":true,"href":"https:\/\/cdnoticias.com\/index.php\/wp-json\/wp\/v2\/media\/120740"}],"wp:attachment":[{"href":"https:\/\/cdnoticias.com\/index.php\/wp-json\/wp\/v2\/media?parent=120738"}],"wp:term":[{"taxonomy":"category","embeddable":true,"href":"https:\/\/cdnoticias.com\/index.php\/wp-json\/wp\/v2\/categories?post=120738"},{"taxonomy":"post_tag","embeddable":true,"href":"https:\/\/cdnoticias.com\/index.php\/wp-json\/wp\/v2\/tags?post=120738"}],"curies":[{"name":"wp","href":"https:\/\/api.w.org\/{rel}","templated":true}]}}