{"id":120726,"date":"2024-07-15T12:46:29","date_gmt":"2024-07-15T15:46:29","guid":{"rendered":"https:\/\/cdnoticias.com\/?p=120726"},"modified":"2024-07-15T12:46:31","modified_gmt":"2024-07-15T15:46:31","slug":"se-concreto-la-entrega-de-mobiliario-educativo-en-la-escuela-n-58","status":"publish","type":"post","link":"https:\/\/cdnoticias.com\/index.php\/2024\/07\/15\/se-concreto-la-entrega-de-mobiliario-educativo-en-la-escuela-n-58\/","title":{"rendered":"Se concret\u00f3 la entrega de mobiliario educativo en la Escuela N\u00b0 58"},"content":{"rendered":"\n<p>Particip\u00f3 el intendente Wesner y autoridades educativas. Equiparon las primeras 5 aulas de un total de 20 con elementos de la F\u00e1brica de Mobiliario Escolar provincial.<\/p>\n\n\n\n<hr class=\"wp-block-separator has-alpha-channel-opacity\"\/>\n\n\n\n<p>El intendente Maximiliano Wesner visit\u00f3 en la tarde del \u00faltimo viernes la <strong>Escuela Primaria N\u00b0 58 \u201cArsenio Cavilla Sinclair\u201d,<\/strong> ubicada en la esquina de Sargento Cabral y Moya, donde <strong>se llevan a cabo diversas labores de reacondicionamiento y mantenimiento.<\/strong><\/p>\n\n\n\n<p><\/p>\n\n\n\n<p>En ese marco, y junto a autoridades educativas de la ciudad y funcionarios bonaerenses que arribaron desde la capital provincial, se hizo entrega de mobiliario para<strong> equipar las primeras 5 aulas, de un total de 20. <\/strong>La actividad <strong>convoc\u00f3 a la comunidad educativa del establecimiento<\/strong> y pudo verse a personal directivo, docente y auxiliar colaborando de manera activa en la descarga y posterior ubicaci\u00f3n de las sillas, mesas y mobiliario.<\/p>\n\n\n\n<p><\/p>\n\n\n\n<figure class=\"wp-block-image size-full\"><img data-recalc-dims=\"1\" loading=\"lazy\" decoding=\"async\" width=\"800\" height=\"445\" src=\"https:\/\/i0.wp.com\/cdnoticias.com\/wp-content\/uploads\/2024\/07\/WhatsApp-Image-2024-07-15-at-10.42.17-1.jpeg?resize=800%2C445&#038;ssl=1\" alt=\"\" class=\"wp-image-120728\" srcset=\"https:\/\/i0.wp.com\/cdnoticias.com\/wp-content\/uploads\/2024\/07\/WhatsApp-Image-2024-07-15-at-10.42.17-1.jpeg?w=800&amp;ssl=1 800w, https:\/\/i0.wp.com\/cdnoticias.com\/wp-content\/uploads\/2024\/07\/WhatsApp-Image-2024-07-15-at-10.42.17-1.jpeg?resize=300%2C167&amp;ssl=1 300w, https:\/\/i0.wp.com\/cdnoticias.com\/wp-content\/uploads\/2024\/07\/WhatsApp-Image-2024-07-15-at-10.42.17-1.jpeg?resize=768%2C427&amp;ssl=1 768w\" sizes=\"auto, (max-width: 800px) 100vw, 800px\" \/><\/figure>\n\n\n\n<p><\/p>\n\n\n\n<p>En la actividad el jefe comunal estuvo acompa\u00f1ado por el presidente del Consejo Escolar Ariel Rodr\u00edguez y el Jefe Distrital de Educaci\u00f3n Julio Ben\u00edtez, adem\u00e1s del inspector en Educaci\u00f3n F\u00edsica Mauricio Eyarch y el consejero escolar Leonardo Wagner, quienes recibieron al director provincial de equipamiento escolar Gustavo D\u2019 Audia.<\/p>\n\n\n\n<p><\/p>\n\n\n\n<p>La entrega de mobiliario para equipar a establecimientos educativos del Partido de Olavarr\u00eda, se enmarca en la<strong> recuperaci\u00f3n de la F\u00e1brica de Mobiliario Escolar provincial,<\/strong> iniciada por la gesti\u00f3n del gobernador Axel Kicillof.<\/p>\n\n\n\n<p><\/p>\n\n\n\n<figure class=\"wp-block-image size-full\"><img data-recalc-dims=\"1\" loading=\"lazy\" decoding=\"async\" width=\"800\" height=\"445\" src=\"https:\/\/i0.wp.com\/cdnoticias.com\/wp-content\/uploads\/2024\/07\/WhatsApp-Image-2024-07-15-at-10.42.17.jpeg?resize=800%2C445&#038;ssl=1\" alt=\"\" class=\"wp-image-120727\" srcset=\"https:\/\/i0.wp.com\/cdnoticias.com\/wp-content\/uploads\/2024\/07\/WhatsApp-Image-2024-07-15-at-10.42.17.jpeg?w=800&amp;ssl=1 800w, https:\/\/i0.wp.com\/cdnoticias.com\/wp-content\/uploads\/2024\/07\/WhatsApp-Image-2024-07-15-at-10.42.17.jpeg?resize=300%2C167&amp;ssl=1 300w, https:\/\/i0.wp.com\/cdnoticias.com\/wp-content\/uploads\/2024\/07\/WhatsApp-Image-2024-07-15-at-10.42.17.jpeg?resize=768%2C427&amp;ssl=1 768w\" sizes=\"auto, (max-width: 800px) 100vw, 800px\" \/><\/figure>\n\n\n\n<p><\/p>\n\n\n\n<p>Dicha f\u00e1brica \u2013que funciona en la ciudad de La Plata- pudo ser reactivada despu\u00e9s de estar seis a\u00f1os fuera de funcionamiento y <strong>ha permitido equipar a m\u00e1s de 3.000 aulas en todo el territorio bonaerense, desde su nueva puesta en marcha en el mes de abril del a\u00f1o 2022.<\/strong><\/p>\n","protected":false},"excerpt":{"rendered":"<p>Particip\u00f3 el intendente Wesner y autoridades educativas. Equiparon las primeras 5 aulas de un total de 20 con elementos de<\/p>\n","protected":false},"author":2,"featured_media":120729,"comment_status":"closed","ping_status":"closed","sticky":false,"template":"","format":"standard","meta":{"_jetpack_memberships_contains_paid_content":false,"footnotes":""},"categories":[5,1],"tags":[],"class_list":["post-120726","post","type-post","status-publish","format-standard","has-post-thumbnail","hentry","category-informacion-general","category-portada"],"jetpack_featured_media_url":"https:\/\/i0.wp.com\/cdnoticias.com\/wp-content\/uploads\/2024\/07\/WhatsApp-Image-2024-07-15-at-10.42.17-2.jpeg?fit=800%2C445&ssl=1","jetpack_sharing_enabled":true,"_links":{"self":[{"href":"https:\/\/cdnoticias.com\/index.php\/wp-json\/wp\/v2\/posts\/120726","targetHints":{"allow":["GET"]}}],"collection":[{"href":"https:\/\/cdnoticias.com\/index.php\/wp-json\/wp\/v2\/posts"}],"about":[{"href":"https:\/\/cdnoticias.com\/index.php\/wp-json\/wp\/v2\/types\/post"}],"author":[{"embeddable":true,"href":"https:\/\/cdnoticias.com\/index.php\/wp-json\/wp\/v2\/users\/2"}],"replies":[{"embeddable":true,"href":"https:\/\/cdnoticias.com\/index.php\/wp-json\/wp\/v2\/comments?post=120726"}],"version-history":[{"count":0,"href":"https:\/\/cdnoticias.com\/index.php\/wp-json\/wp\/v2\/posts\/120726\/revisions"}],"wp:featuredmedia":[{"embeddable":true,"href":"https:\/\/cdnoticias.com\/index.php\/wp-json\/wp\/v2\/media\/120729"}],"wp:attachment":[{"href":"https:\/\/cdnoticias.com\/index.php\/wp-json\/wp\/v2\/media?parent=120726"}],"wp:term":[{"taxonomy":"category","embeddable":true,"href":"https:\/\/cdnoticias.com\/index.php\/wp-json\/wp\/v2\/categories?post=120726"},{"taxonomy":"post_tag","embeddable":true,"href":"https:\/\/cdnoticias.com\/index.php\/wp-json\/wp\/v2\/tags?post=120726"}],"curies":[{"name":"wp","href":"https:\/\/api.w.org\/{rel}","templated":true}]}}