{"id":120709,"date":"2024-07-15T09:30:04","date_gmt":"2024-07-15T12:30:04","guid":{"rendered":"https:\/\/cdnoticias.com\/?p=120709"},"modified":"2024-07-15T12:56:41","modified_gmt":"2024-07-15T15:56:41","slug":"olavarria-en-el-podio-del-frio","status":"publish","type":"post","link":"https:\/\/cdnoticias.com\/index.php\/2024\/07\/15\/olavarria-en-el-podio-del-frio\/","title":{"rendered":"Olavarr\u00eda, en el podio del fr\u00edo"},"content":{"rendered":"<p>Con -1,8\u00ba y sensaci\u00f3n t\u00e9rmica de -5,2\u00ba a las 9, la ciudad es la tercera m\u00e1s fr\u00eda de la provincia de Buenos Aires y la s\u00e9ptima del pa\u00eds.<!--more--><\/p>\n<hr \/>\n<p>A partir del fin de semana la provincia de Buenos Aires sali\u00f3 de los mapas de alerta por temperaturas extremas del Servicio Meteorol\u00f3gico Nacional, pero <strong>el fr\u00edo sigue presente en la regi\u00f3n.<\/strong><\/p>\n<blockquote><p>Con -1,8\u00ba y sensaci\u00f3n t\u00e9rmica de -5,2\u00ba a las 9 de este lunes, Olavarr\u00eda es la tercera m\u00e1s fr\u00eda de la provincia de Buenos Aires y la s\u00e9ptima del pa\u00eds.<\/p><\/blockquote>\n<p>En el ranking de temperaturas que hora a hora actualiza el SMN,<strong> la ciudad m\u00e1s fr\u00eda del pa\u00eds<\/strong> a las 9 de la ma\u00f1ana era <strong>Malarg\u00fce en Mendoza con -6\u00ba<\/strong> y -8,7\u00ba, y <strong>la segunda est\u00e1 en territorio bonaerense, Mar del Plata con -3\u00ba<\/strong> y -5,3\u00ba de sensaci\u00f3n t\u00e9rmica.<\/p>\n<p>La tercera ciudad m\u00e1s fr\u00eda de la provincia es <strong>Bol\u00edvar<\/strong> donde el organismo registr\u00f3 <strong>-2,6\u00ba<\/strong>.<\/p>\n<p>Para<strong> Olavarr\u00eda, el pron\u00f3stico prev\u00e9 13\u00ba de m\u00e1xima<\/strong> para este lunes.<\/p>\n<p><img data-recalc-dims=\"1\" loading=\"lazy\" decoding=\"async\" class=\"size-full wp-image-120710 aligncenter\" src=\"https:\/\/i0.wp.com\/cdnoticias.com\/wp-content\/uploads\/2024\/07\/ranking-de-temperaturas-15-de-julio.jpg?resize=800%2C636&#038;ssl=1\" alt=\"\" width=\"800\" height=\"636\" srcset=\"https:\/\/i0.wp.com\/cdnoticias.com\/wp-content\/uploads\/2024\/07\/ranking-de-temperaturas-15-de-julio.jpg?w=1000&amp;ssl=1 1000w, https:\/\/i0.wp.com\/cdnoticias.com\/wp-content\/uploads\/2024\/07\/ranking-de-temperaturas-15-de-julio.jpg?resize=300%2C239&amp;ssl=1 300w, https:\/\/i0.wp.com\/cdnoticias.com\/wp-content\/uploads\/2024\/07\/ranking-de-temperaturas-15-de-julio.jpg?resize=768%2C611&amp;ssl=1 768w\" sizes=\"auto, (max-width: 800px) 100vw, 800px\" \/><\/p>\n","protected":false},"excerpt":{"rendered":"<p>Con -1,8\u00ba y sensaci\u00f3n t\u00e9rmica de -5,2\u00ba a las 9, la ciudad es la tercera m\u00e1s fr\u00eda de la provincia<\/p>\n","protected":false},"author":4,"featured_media":119544,"comment_status":"closed","ping_status":"closed","sticky":false,"template":"","format":"standard","meta":{"_jetpack_memberships_contains_paid_content":false,"footnotes":""},"categories":[5,1],"tags":[],"class_list":["post-120709","post","type-post","status-publish","format-standard","has-post-thumbnail","hentry","category-informacion-general","category-portada"],"jetpack_featured_media_url":"https:\/\/i0.wp.com\/cdnoticias.com\/wp-content\/uploads\/2024\/06\/clima-frio-invierno-cielo-despejado-01.jpg?fit=1000%2C556&ssl=1","jetpack_sharing_enabled":true,"_links":{"self":[{"href":"https:\/\/cdnoticias.com\/index.php\/wp-json\/wp\/v2\/posts\/120709","targetHints":{"allow":["GET"]}}],"collection":[{"href":"https:\/\/cdnoticias.com\/index.php\/wp-json\/wp\/v2\/posts"}],"about":[{"href":"https:\/\/cdnoticias.com\/index.php\/wp-json\/wp\/v2\/types\/post"}],"author":[{"embeddable":true,"href":"https:\/\/cdnoticias.com\/index.php\/wp-json\/wp\/v2\/users\/4"}],"replies":[{"embeddable":true,"href":"https:\/\/cdnoticias.com\/index.php\/wp-json\/wp\/v2\/comments?post=120709"}],"version-history":[{"count":0,"href":"https:\/\/cdnoticias.com\/index.php\/wp-json\/wp\/v2\/posts\/120709\/revisions"}],"wp:featuredmedia":[{"embeddable":true,"href":"https:\/\/cdnoticias.com\/index.php\/wp-json\/wp\/v2\/media\/119544"}],"wp:attachment":[{"href":"https:\/\/cdnoticias.com\/index.php\/wp-json\/wp\/v2\/media?parent=120709"}],"wp:term":[{"taxonomy":"category","embeddable":true,"href":"https:\/\/cdnoticias.com\/index.php\/wp-json\/wp\/v2\/categories?post=120709"},{"taxonomy":"post_tag","embeddable":true,"href":"https:\/\/cdnoticias.com\/index.php\/wp-json\/wp\/v2\/tags?post=120709"}],"curies":[{"name":"wp","href":"https:\/\/api.w.org\/{rel}","templated":true}]}}