{"id":120706,"date":"2024-07-15T19:33:26","date_gmt":"2024-07-15T22:33:26","guid":{"rendered":"https:\/\/cdnoticias.com\/?p=120706"},"modified":"2024-07-15T19:33:28","modified_gmt":"2024-07-15T22:33:28","slug":"ingreso-anticipado-para-la-carrera-de-abogacia-en-facultad-de-derecho-de-azul","status":"publish","type":"post","link":"https:\/\/cdnoticias.com\/index.php\/2024\/07\/15\/ingreso-anticipado-para-la-carrera-de-abogacia-en-facultad-de-derecho-de-azul\/","title":{"rendered":"Ingreso anticipado para la carrera de abogac\u00eda en Facultad de Derecho de Azul"},"content":{"rendered":"\n<p>Se realiza hasta el 23 de agosto. El curso introductorio comenzar\u00e1 el 31 de agosto con modalidad semi presencial.<\/p>\n\n\n\n<hr class=\"wp-block-separator has-alpha-channel-opacity\"\/>\n\n\n\n<p>La <strong>Facultad de Derecho UNICEN, con sede en la ciudad de Azul,<\/strong> tiene abierta la inscripci\u00f3n para el<strong> curso de ingreso extendido\/anticipado<\/strong> para la carrera de Abogac\u00eda.<\/p>\n\n\n\n<p><\/p>\n\n\n\n<p>La inscripci\u00f3n al <strong>curso introductorio<\/strong> anticipado se realiza hasta el 23 de agosto, desarroll\u00e1ndose con modalidad semi presencial (con actividades presenciales y actividades virtuales asincr\u00f3nicas) y<strong> comenzar\u00e1 el 31 de agosto.<\/strong><\/p>\n\n\n\n<p><\/p>\n\n\n\n<blockquote class=\"wp-block-quote is-layout-flow wp-block-quote-is-layout-flow\">\n<p>Los d\u00edas de cursada presencial ser\u00e1n: 31 de agosto, 14 y 28 de septiembre, 5, 19 y 26 de octubre y 9 de noviembre de 9.30 a 16 horas en Campus Universitario de Azul.<\/p>\n<\/blockquote>\n\n\n\n<p><\/p>\n\n\n\n<p>Para ingresar a nuestras carreras debes pre-inscribirte completando un formulario ingresando en la web <a href=\"https:\/\/www.der.unicen.edu.ar\/ingresantes\/inscripcion\/\">https:\/\/www.der.unicen.edu.ar\/ingresantes\/inscripcion\/<\/a><\/p>\n\n\n\n<p><\/p>\n\n\n\n<p><strong>Para la inscripci\u00f3n:<\/strong><\/p>\n\n\n\n<p><\/p>\n\n\n\n<p>Deber\u00e1s registrarte. Conserva el usuario y contrase\u00f1a que generes, lo vas a necesitar para formalizar tu inscripci\u00f3n.<\/p>\n\n\n\n<p><br>En tu proceso de pre-inscripci\u00f3n se te va a solicitar la siguiente documentaci\u00f3n en formato digital en (PDF o JPG).<\/p>\n\n\n\n<p>\u00b7 DNI<\/p>\n\n\n\n<p><br>\u00b7 Certificado de nacimiento<\/p>\n\n\n\n<p><br>\u00b7 T\u00edtulo secundario o certificado de t\u00edtulo en tr\u00e1mite. Si se encuentra en \u00faltimo a\u00f1o del secundario podr\u00e1 entregar certificado de alumno\/a regular, debiendo entregar con posterioridad el certificado de t\u00edtulo en tr\u00e1mite.<\/p>\n\n\n\n<p><br>\u00b7 Foto tipo carnet<\/p>\n\n\n\n<p><\/p>\n\n\n\n<p>La documentaci\u00f3n se remite en este primer paso \u00fanicamente de manera virtual, debiendo informar el env\u00edo de formulario al mail <strong>futuros.estudiantes@der.unicen.edu.ar. <\/strong>Acreditado el ingreso, se requerir\u00e1 la entrega de la misma en soporte papel (la copia del t\u00edtulo anal\u00edtico secundario deber\u00e1 encontrarse autenticada).<\/p>\n\n\n\n<p><\/p>\n\n\n\n<p>Para mayor informaci\u00f3n sobre nuestras carreras podr\u00e1s comunicarte con el correo de <strong>promocion@der.unicen.edu.ar<\/strong><\/p>\n\n\n\n<p><\/p>\n\n\n\n<p>Por consultas y confirmaci\u00f3n de inscripci\u00f3n contactarte al mail de <strong>futuros.estudiantes@der.unicen.edu.ar <\/strong>o por WhatsApp al 2281 65-7201<\/p>\n\n\n\n<p><\/p>\n\n\n\n<p>La Universidad es p\u00fablica y el acceso a la carrera es gratuito.<\/p>\n","protected":false},"excerpt":{"rendered":"<p>Se realiza hasta el 23 de agosto. El curso introductorio comenzar\u00e1 el 31 de agosto con modalidad semi presencial. La<\/p>\n","protected":false},"author":2,"featured_media":120707,"comment_status":"closed","ping_status":"closed","sticky":false,"template":"","format":"standard","meta":{"_jetpack_memberships_contains_paid_content":false,"footnotes":""},"categories":[5,1],"tags":[],"class_list":["post-120706","post","type-post","status-publish","format-standard","has-post-thumbnail","hentry","category-informacion-general","category-portada"],"jetpack_featured_media_url":"https:\/\/i0.wp.com\/cdnoticias.com\/wp-content\/uploads\/2024\/07\/Ingreso-2025.jpg?fit=800%2C445&ssl=1","jetpack_sharing_enabled":true,"_links":{"self":[{"href":"https:\/\/cdnoticias.com\/index.php\/wp-json\/wp\/v2\/posts\/120706","targetHints":{"allow":["GET"]}}],"collection":[{"href":"https:\/\/cdnoticias.com\/index.php\/wp-json\/wp\/v2\/posts"}],"about":[{"href":"https:\/\/cdnoticias.com\/index.php\/wp-json\/wp\/v2\/types\/post"}],"author":[{"embeddable":true,"href":"https:\/\/cdnoticias.com\/index.php\/wp-json\/wp\/v2\/users\/2"}],"replies":[{"embeddable":true,"href":"https:\/\/cdnoticias.com\/index.php\/wp-json\/wp\/v2\/comments?post=120706"}],"version-history":[{"count":0,"href":"https:\/\/cdnoticias.com\/index.php\/wp-json\/wp\/v2\/posts\/120706\/revisions"}],"wp:featuredmedia":[{"embeddable":true,"href":"https:\/\/cdnoticias.com\/index.php\/wp-json\/wp\/v2\/media\/120707"}],"wp:attachment":[{"href":"https:\/\/cdnoticias.com\/index.php\/wp-json\/wp\/v2\/media?parent=120706"}],"wp:term":[{"taxonomy":"category","embeddable":true,"href":"https:\/\/cdnoticias.com\/index.php\/wp-json\/wp\/v2\/categories?post=120706"},{"taxonomy":"post_tag","embeddable":true,"href":"https:\/\/cdnoticias.com\/index.php\/wp-json\/wp\/v2\/tags?post=120706"}],"curies":[{"name":"wp","href":"https:\/\/api.w.org\/{rel}","templated":true}]}}