{"id":120668,"date":"2024-07-14T21:13:17","date_gmt":"2024-07-15T00:13:17","guid":{"rendered":"https:\/\/cdnoticias.com\/?p=120668"},"modified":"2024-07-14T21:13:19","modified_gmt":"2024-07-15T00:13:19","slug":"como-estara-el-tiempo-en-olavarria-para-este-lunes-15-de-julio","status":"publish","type":"post","link":"https:\/\/cdnoticias.com\/index.php\/2024\/07\/14\/como-estara-el-tiempo-en-olavarria-para-este-lunes-15-de-julio\/","title":{"rendered":"C\u00f3mo estar\u00e1 el tiempo en Olavarr\u00eda para este lunes 15 de julio"},"content":{"rendered":"<p>Ser\u00e1 un d\u00eda fr\u00edo en el que el viento se har\u00e1 notar cada vez m\u00e1s fuerte. Aqu\u00ed te dejamos el pron\u00f3stico del tiempo para que puedas planificar tu d\u00eda.<!--more--><\/p>\n<hr \/>\n<p>La jornada en Olavarr\u00eda comenzar\u00e1 con<strong> cielo despejado<\/strong> y una <strong>temperatura de 2 grados<\/strong> durante la <strong>madrugada<\/strong>. El<strong> viento<\/strong> soplar\u00e1 del <strong>norte<\/strong> con una velocidad de entre<strong> 13 y 22 kil\u00f3metros por hora<\/strong>.<\/p>\n<p>Por la <strong>ma\u00f1ana,<\/strong> el cielo se mantendr\u00e1 <strong>despejado<\/strong>, pero la temperatura descender\u00e1 a <strong>1 grado bajo cero<\/strong>.<\/p>\n<p>Durante la<strong> tarde<\/strong>, el cielo estar\u00e1<strong> parcialmente nublado<\/strong>, con una temperatura que alcanzar\u00e1 los <strong>12 grados<\/strong>. El <strong>viento<\/strong> soplar\u00e1 desde el <strong>norte<\/strong> a una velocidad de entre <strong>23 y 31 kil\u00f3metros por hora<\/strong>, con <strong>r\u00e1fagas que oscilar\u00e1n entre los 42 y 50 kil\u00f3metros por hora.<\/strong><\/p>\n<p>Hacia la<strong> noche<\/strong>, la temperatura bajar\u00e1 a <strong>8 grados<\/strong>. El<strong> viento<\/strong> se mantendr\u00e1 <strong>alrededor de 30 kil\u00f3metros por hora<\/strong>, pero las <strong>r\u00e1fagas<\/strong> aumentar\u00e1n a una velocidad de entre <strong>51 y 59 kil\u00f3metros por hora.<\/strong><\/p>\n<p>Ser\u00e1 un d\u00eda fr\u00edo en el que el viento se har\u00e1 notar cada vez con m\u00e1s fuerza. <strong>Es fundamental abrigarse bien y estar preparado para enfrentar un d\u00eda\u00a0 muy fr\u00edo.<\/strong><\/p>\n","protected":false},"excerpt":{"rendered":"<p>Ser\u00e1 un d\u00eda fr\u00edo en el que el viento se har\u00e1 notar cada vez m\u00e1s fuerte. Aqu\u00ed te dejamos el<\/p>\n","protected":false},"author":4,"featured_media":120129,"comment_status":"closed","ping_status":"closed","sticky":false,"template":"","format":"standard","meta":{"_jetpack_memberships_contains_paid_content":false,"footnotes":""},"categories":[5],"tags":[],"class_list":["post-120668","post","type-post","status-publish","format-standard","has-post-thumbnail","hentry","category-informacion-general"],"jetpack_featured_media_url":"https:\/\/i0.wp.com\/cdnoticias.com\/wp-content\/uploads\/2024\/07\/clima-frio-invierno2.jpg?fit=1072%2C597&ssl=1","jetpack_sharing_enabled":true,"_links":{"self":[{"href":"https:\/\/cdnoticias.com\/index.php\/wp-json\/wp\/v2\/posts\/120668","targetHints":{"allow":["GET"]}}],"collection":[{"href":"https:\/\/cdnoticias.com\/index.php\/wp-json\/wp\/v2\/posts"}],"about":[{"href":"https:\/\/cdnoticias.com\/index.php\/wp-json\/wp\/v2\/types\/post"}],"author":[{"embeddable":true,"href":"https:\/\/cdnoticias.com\/index.php\/wp-json\/wp\/v2\/users\/4"}],"replies":[{"embeddable":true,"href":"https:\/\/cdnoticias.com\/index.php\/wp-json\/wp\/v2\/comments?post=120668"}],"version-history":[{"count":0,"href":"https:\/\/cdnoticias.com\/index.php\/wp-json\/wp\/v2\/posts\/120668\/revisions"}],"wp:featuredmedia":[{"embeddable":true,"href":"https:\/\/cdnoticias.com\/index.php\/wp-json\/wp\/v2\/media\/120129"}],"wp:attachment":[{"href":"https:\/\/cdnoticias.com\/index.php\/wp-json\/wp\/v2\/media?parent=120668"}],"wp:term":[{"taxonomy":"category","embeddable":true,"href":"https:\/\/cdnoticias.com\/index.php\/wp-json\/wp\/v2\/categories?post=120668"},{"taxonomy":"post_tag","embeddable":true,"href":"https:\/\/cdnoticias.com\/index.php\/wp-json\/wp\/v2\/tags?post=120668"}],"curies":[{"name":"wp","href":"https:\/\/api.w.org\/{rel}","templated":true}]}}