{"id":12066,"date":"2021-01-22T20:02:36","date_gmt":"2021-01-22T23:02:36","guid":{"rendered":"http:\/\/www.centraldenoticias.com.ar\/?p=12066"},"modified":"2021-01-22T20:02:36","modified_gmt":"2021-01-22T23:02:36","slug":"coronavirus-se-detectaron-30-nuevos-casos-y-son-292-los-pacientes-activos","status":"publish","type":"post","link":"https:\/\/cdnoticias.com\/index.php\/2021\/01\/22\/coronavirus-se-detectaron-30-nuevos-casos-y-son-292-los-pacientes-activos\/","title":{"rendered":"Coronavirus: Se detectaron 30 nuevos casos y son 292 los pacientes activos"},"content":{"rendered":"<p>Este viernes 35 pacientes fueron datos de alta, mientras que 77 olavarrienses dieron negativo el hisopado.<!--more--><\/p>\n<hr \/>\n<p>En la jornada de este viernes, tras la realizaci\u00f3n de 107 testeos, <strong>se detectaron 30 nuevos casos de coronavirus en el partido de Olavarr\u00eda.<\/strong><\/p>\n<p>&nbsp;<\/p>\n<p><img data-recalc-dims=\"1\" loading=\"lazy\" decoding=\"async\" class=\"alignnone size-large wp-image-12068\" src=\"https:\/\/i0.wp.com\/cdnoticias.com\/wp-content\/uploads\/2021\/01\/parte-3.jpg?resize=800%2C411&#038;ssl=1\" alt=\"\" width=\"800\" height=\"411\" srcset=\"https:\/\/i0.wp.com\/cdnoticias.com\/wp-content\/uploads\/2021\/01\/parte-3.jpg?resize=1024%2C526&amp;ssl=1 1024w, https:\/\/i0.wp.com\/cdnoticias.com\/wp-content\/uploads\/2021\/01\/parte-3.jpg?resize=300%2C154&amp;ssl=1 300w, https:\/\/i0.wp.com\/cdnoticias.com\/wp-content\/uploads\/2021\/01\/parte-3.jpg?resize=768%2C395&amp;ssl=1 768w, https:\/\/i0.wp.com\/cdnoticias.com\/wp-content\/uploads\/2021\/01\/parte-3.jpg?w=1177&amp;ssl=1 1177w\" sizes=\"auto, (max-width: 800px) 100vw, 800px\" \/><\/p>\n<p>&nbsp;<\/p>\n<p>A la par, 35 pacientes fueron dados de alta, por lo que el n\u00fameros de casos activos es 292. Desde la Secretar\u00eda de Salud Municipal se a\u00f1adi\u00f3 que <strong>los nuevos casos corresponden, por un lado, a nexos con positivos anteriores y, por el otro, al Programa RTA que se lleva a cabo en el Hospital Municipal, donde se detectaron 5 casos.<\/strong><\/p>\n<p>&nbsp;<\/p>\n<p><img data-recalc-dims=\"1\" loading=\"lazy\" decoding=\"async\" class=\"alignnone size-large wp-image-12067\" src=\"https:\/\/i0.wp.com\/cdnoticias.com\/wp-content\/uploads\/2021\/01\/parte02-2.jpg?resize=800%2C396&#038;ssl=1\" alt=\"\" width=\"800\" height=\"396\" srcset=\"https:\/\/i0.wp.com\/cdnoticias.com\/wp-content\/uploads\/2021\/01\/parte02-2.jpg?resize=1024%2C507&amp;ssl=1 1024w, https:\/\/i0.wp.com\/cdnoticias.com\/wp-content\/uploads\/2021\/01\/parte02-2.jpg?resize=300%2C149&amp;ssl=1 300w, https:\/\/i0.wp.com\/cdnoticias.com\/wp-content\/uploads\/2021\/01\/parte02-2.jpg?resize=768%2C381&amp;ssl=1 768w, https:\/\/i0.wp.com\/cdnoticias.com\/wp-content\/uploads\/2021\/01\/parte02-2.jpg?w=1211&amp;ssl=1 1211w\" sizes=\"auto, (max-width: 800px) 100vw, 800px\" \/><\/p>\n<p>&nbsp;<\/p>\n<p>Sobre el estado actual del Hospital Municipal \u201cDr. H\u00e9ctor Cura\u201d, se indic\u00f3 que<strong> hay dos pacientes en Unidad de Terapia Intensiva y once en Cuidados Generales. No hay internados en el sector de Pediatr\u00eda<\/strong>. En este sentido, desde la Secretar\u00eda de Salud Municipal aseguraron que el 89% de los casos positivos corresponden a personas con menos de 60 a\u00f1os y el 11% a mayores de 60 a\u00f1os.<\/p>\n","protected":false},"excerpt":{"rendered":"<p>Este viernes 35 pacientes fueron datos de alta, mientras que 77 olavarrienses dieron negativo el hisopado.<\/p>\n","protected":false},"author":3,"featured_media":11814,"comment_status":"closed","ping_status":"closed","sticky":false,"template":"","format":"standard","meta":{"_jetpack_memberships_contains_paid_content":false,"footnotes":""},"categories":[5,1],"tags":[],"class_list":["post-12066","post","type-post","status-publish","format-standard","has-post-thumbnail","hentry","category-informacion-general","category-portada"],"jetpack_featured_media_url":"https:\/\/i0.wp.com\/cdnoticias.com\/wp-content\/uploads\/2021\/01\/Salud-Modulo-testeos-Hospital-3-1024x682.jpg?fit=1024%2C682&ssl=1","jetpack_sharing_enabled":true,"_links":{"self":[{"href":"https:\/\/cdnoticias.com\/index.php\/wp-json\/wp\/v2\/posts\/12066","targetHints":{"allow":["GET"]}}],"collection":[{"href":"https:\/\/cdnoticias.com\/index.php\/wp-json\/wp\/v2\/posts"}],"about":[{"href":"https:\/\/cdnoticias.com\/index.php\/wp-json\/wp\/v2\/types\/post"}],"author":[{"embeddable":true,"href":"https:\/\/cdnoticias.com\/index.php\/wp-json\/wp\/v2\/users\/3"}],"replies":[{"embeddable":true,"href":"https:\/\/cdnoticias.com\/index.php\/wp-json\/wp\/v2\/comments?post=12066"}],"version-history":[{"count":0,"href":"https:\/\/cdnoticias.com\/index.php\/wp-json\/wp\/v2\/posts\/12066\/revisions"}],"wp:featuredmedia":[{"embeddable":true,"href":"https:\/\/cdnoticias.com\/index.php\/wp-json\/wp\/v2\/media\/11814"}],"wp:attachment":[{"href":"https:\/\/cdnoticias.com\/index.php\/wp-json\/wp\/v2\/media?parent=12066"}],"wp:term":[{"taxonomy":"category","embeddable":true,"href":"https:\/\/cdnoticias.com\/index.php\/wp-json\/wp\/v2\/categories?post=12066"},{"taxonomy":"post_tag","embeddable":true,"href":"https:\/\/cdnoticias.com\/index.php\/wp-json\/wp\/v2\/tags?post=12066"}],"curies":[{"name":"wp","href":"https:\/\/api.w.org\/{rel}","templated":true}]}}