{"id":120600,"date":"2024-07-13T16:48:01","date_gmt":"2024-07-13T19:48:01","guid":{"rendered":"https:\/\/cdnoticias.com\/?p=120600"},"modified":"2024-07-13T20:37:14","modified_gmt":"2024-07-13T23:37:14","slug":"perros-envenenados-de-sierra-chica-nueva-manifestacion-en-el-paseo-mendia","status":"publish","type":"post","link":"https:\/\/cdnoticias.com\/index.php\/2024\/07\/13\/perros-envenenados-de-sierra-chica-nueva-manifestacion-en-el-paseo-mendia\/","title":{"rendered":"Perros envenenados de Sierra Chica: nueva manifestaci\u00f3n en el Paseo Mend\u00eda"},"content":{"rendered":"<p>Se concret\u00f3 este s\u00e1bado por la tarde. \u201cVamos a ir hasta las \u00faltimas consecuencias\u201d dijo Gustavo Gregorini, uno de los vecinos de Sierra Chica denunciante en el caso.<!--more--><\/p>\n<hr \/>\n<p>Este s\u00e1bado por la tarde se llev\u00f3 adelante una<strong> nueva manifestaci\u00f3n en reclamo por los casos de perros muertos por envenenamiento en Sierra Chica<\/strong>.<\/p>\n<p>Un grupo de <strong>vecinos de esa localidad<\/strong> e <strong>integrantes de la agrupaci\u00f3n Patitas Recatadas<\/strong> se reunieron <strong>en el Paseo Jes\u00fas Mend\u00eda<\/strong> y marcharon por el centro de la ciudad. Fue la <strong>segunda actividad de visibilizaci\u00f3n del caso<\/strong>. <a href=\"https:\/\/cdnoticias.com\/index.php\/2024\/06\/30\/manifestacion-por-la-muerte-de-perros-por-envenenamiento-en-sierra-chica-queremos-justicia\/\" target=\"_blank\" rel=\"noopener\">La primera se concret\u00f3 el 30 de junio<\/a>.<\/p>\n<blockquote class=\"instagram-media\" style=\"background: #FFF; border: 0; border-radius: 3px; box-shadow: 0 0 1px 0 rgba(0,0,0,0.5),0 1px 10px 0 rgba(0,0,0,0.15); margin: 1px; max-width: 540px; min-width: 326px; padding: 0; width: calc(100% - 2px);\" data-instgrm-permalink=\"https:\/\/www.instagram.com\/reel\/C9X420MPQpj\/?utm_source=ig_embed&amp;utm_campaign=loading\" data-instgrm-version=\"14\">\n<div style=\"padding: 16px;\">\n<div style=\"display: flex; flex-direction: row; align-items: center;\">\n<div style=\"background-color: #f4f4f4; border-radius: 50%; flex-grow: 0; height: 40px; margin-right: 14px; width: 40px;\"><\/div>\n<div style=\"display: flex; flex-direction: column; flex-grow: 1; justify-content: center;\">\n<div style=\"background-color: #f4f4f4; border-radius: 4px; flex-grow: 0; height: 14px; margin-bottom: 6px; width: 100px;\"><\/div>\n<div style=\"background-color: #f4f4f4; border-radius: 4px; flex-grow: 0; height: 14px; width: 60px;\"><\/div>\n<\/div>\n<\/div>\n<div style=\"padding: 19% 0;\"><\/div>\n<div style=\"display: block; height: 50px; margin: 0 auto 12px; width: 50px;\"><\/div>\n<div style=\"padding-top: 8px;\">\n<div style=\"color: #3897f0; font-family: Arial,sans-serif; font-size: 14px; font-style: normal; font-weight: 550; line-height: 18px;\">Ver esta publicaci\u00f3n en Instagram<\/div>\n<\/div>\n<div style=\"padding: 12.5% 0;\"><\/div>\n<div style=\"display: flex; flex-direction: row; margin-bottom: 14px; align-items: center;\">\n<div>\n<div style=\"background-color: #f4f4f4; border-radius: 50%; height: 12.5px; width: 12.5px; transform: translateX(0px) translateY(7px);\"><\/div>\n<div style=\"background-color: #f4f4f4; height: 12.5px; transform: rotate(-45deg) translateX(3px) translateY(1px); width: 12.5px; flex-grow: 0; margin-right: 14px; margin-left: 2px;\"><\/div>\n<div style=\"background-color: #f4f4f4; border-radius: 50%; height: 12.5px; width: 12.5px; transform: translateX(9px) translateY(-18px);\"><\/div>\n<\/div>\n<div style=\"margin-left: 8px;\">\n<div style=\"background-color: #f4f4f4; border-radius: 50%; flex-grow: 0; height: 20px; width: 20px;\"><\/div>\n<div style=\"width: 0; height: 0; border-top: 2px solid transparent; border-left: 6px solid #f4f4f4; border-bottom: 2px solid transparent; transform: translateX(16px) translateY(-4px) rotate(30deg);\"><\/div>\n<\/div>\n<div style=\"margin-left: auto;\">\n<div style=\"width: 0px; border-top: 8px solid #F4F4F4; border-right: 8px solid transparent; transform: translateY(16px);\"><\/div>\n<div style=\"background-color: #f4f4f4; flex-grow: 0; height: 12px; width: 16px; transform: translateY(-4px);\"><\/div>\n<div style=\"width: 0; height: 0; border-top: 8px solid #F4F4F4; border-left: 8px solid transparent; transform: translateY(-4px) translateX(8px);\"><\/div>\n<\/div>\n<\/div>\n<div style=\"display: flex; flex-direction: column; flex-grow: 1; justify-content: center; margin-bottom: 24px;\">\n<div style=\"background-color: #f4f4f4; border-radius: 4px; flex-grow: 0; height: 14px; margin-bottom: 6px; width: 224px;\"><\/div>\n<div style=\"background-color: #f4f4f4; border-radius: 4px; flex-grow: 0; height: 14px; width: 144px;\"><\/div>\n<\/div>\n<p style=\"color: #c9c8cd; font-family: Arial,sans-serif; font-size: 14px; line-height: 17px; margin-bottom: 0; margin-top: 8px; overflow: hidden; padding: 8px 0 7px; text-align: center; text-overflow: ellipsis; white-space: nowrap;\"><a style=\"color: #c9c8cd; font-family: Arial,sans-serif; font-size: 14px; font-style: normal; font-weight: normal; line-height: 17px; text-decoration: none;\" href=\"https:\/\/www.instagram.com\/reel\/C9X420MPQpj\/?utm_source=ig_embed&amp;utm_campaign=loading\" target=\"_blank\" rel=\"noopener\">Una publicaci\u00f3n compartida por Central de Noticias Olavarr\u00eda (@cdnolavarria)<\/a><\/p>\n<\/div>\n<\/blockquote>\n<p><script async src=\"\/\/www.instagram.com\/embed.js\"><\/script><\/p>\n<p>El cierre de la manifestaci\u00f3n fue frente al Palacio Municipal donde <strong>Mariela S\u00e1nchez, de la ONG Patitas Rescatadas<\/strong>, expres\u00f3 <strong>\u201cno vamos a dejar de luchar pidiendo justicia\u201d<\/strong> para reafirmar que \u201ctenemos varios asesinatos\u201d. <em>\u201cMe da pena por los olavarrienses, los protectores y rescatistas que no estemos ac\u00e1 acompa\u00f1\u00e1ndonos\u201d<\/em> se quej\u00f3 por la baja asistencia.<\/p>\n<p>En tanto, <strong>Gustavo Gregorini, vecino de Sierra Chica<\/strong> destac\u00f3 que<strong> \u201cvamos a ir hasta las \u00faltimas consecuencias\u201d<\/strong>. Pidi\u00f3 a la Fiscal\u00eda interviniente que se ampl\u00ede la investigaci\u00f3n, y apoyo al delegado municipal y a la Municipalidad,<strong> \u201cnecesito una respuesta\u201d<\/strong> subray\u00f3.<\/p>\n<p><img data-recalc-dims=\"1\" loading=\"lazy\" decoding=\"async\" class=\"aligncenter wp-image-120604\" src=\"https:\/\/i0.wp.com\/cdnoticias.com\/wp-content\/uploads\/2024\/07\/marcha-perritos-sierra-chica-00.jpg?resize=800%2C445&#038;ssl=1\" alt=\"\" width=\"800\" height=\"445\" srcset=\"https:\/\/i0.wp.com\/cdnoticias.com\/wp-content\/uploads\/2024\/07\/marcha-perritos-sierra-chica-00.jpg?w=1000&amp;ssl=1 1000w, https:\/\/i0.wp.com\/cdnoticias.com\/wp-content\/uploads\/2024\/07\/marcha-perritos-sierra-chica-00.jpg?resize=300%2C167&amp;ssl=1 300w, https:\/\/i0.wp.com\/cdnoticias.com\/wp-content\/uploads\/2024\/07\/marcha-perritos-sierra-chica-00.jpg?resize=768%2C427&amp;ssl=1 768w, https:\/\/i0.wp.com\/cdnoticias.com\/wp-content\/uploads\/2024\/07\/marcha-perritos-sierra-chica-00.jpg?resize=800%2C445&amp;ssl=1 800w\" sizes=\"auto, (max-width: 800px) 100vw, 800px\" \/><\/p>\n<p><img data-recalc-dims=\"1\" loading=\"lazy\" decoding=\"async\" class=\"aligncenter wp-image-120605\" src=\"https:\/\/i0.wp.com\/cdnoticias.com\/wp-content\/uploads\/2024\/07\/marcha-perritos-sierra-chica-04-mariela-sanchez.jpg?resize=800%2C445&#038;ssl=1\" alt=\"\" width=\"800\" height=\"445\" srcset=\"https:\/\/i0.wp.com\/cdnoticias.com\/wp-content\/uploads\/2024\/07\/marcha-perritos-sierra-chica-04-mariela-sanchez.jpg?w=1000&amp;ssl=1 1000w, https:\/\/i0.wp.com\/cdnoticias.com\/wp-content\/uploads\/2024\/07\/marcha-perritos-sierra-chica-04-mariela-sanchez.jpg?resize=300%2C167&amp;ssl=1 300w, https:\/\/i0.wp.com\/cdnoticias.com\/wp-content\/uploads\/2024\/07\/marcha-perritos-sierra-chica-04-mariela-sanchez.jpg?resize=768%2C427&amp;ssl=1 768w, https:\/\/i0.wp.com\/cdnoticias.com\/wp-content\/uploads\/2024\/07\/marcha-perritos-sierra-chica-04-mariela-sanchez.jpg?resize=800%2C445&amp;ssl=1 800w\" sizes=\"auto, (max-width: 800px) 100vw, 800px\" \/><\/p>\n<p>Tanto Gustavo Gregorini como Mariela S\u00e1nchez<strong> son denunciantes en la causa iniciada<\/strong> hace casi un mes cuando comenz\u00f3 el hallazgo de los perros y gatos muertos por envenenamiento en Sierra Chica. <a href=\"https:\/\/cdnoticias.com\/index.php\/2024\/07\/02\/vecinos-de-sierra-chica-expusieron-nuevos-hallazgos-de-perros-muertos\/\" target=\"_blank\" rel=\"noopener\">Hasta principios de julio se daban a conocer nuevos hallazgos de animales muertos<\/a>. Ambos fueron consultados por<strong> Central de Noticias<\/strong> este s\u00e1bado.<\/p>\n<p><strong>\u201cPara mi entender vamos muy lentos, no se ha movido mucho, hay pocas denuncias<\/strong>. No s\u00e9 si ahora se acerc\u00f3 otra persona a denunciar. Va muy lento, no sabemos, no tenemos noticias\u201d dijo Mariela.<\/p>\n<p><img data-recalc-dims=\"1\" loading=\"lazy\" decoding=\"async\" class=\"aligncenter wp-image-120601\" src=\"https:\/\/i0.wp.com\/cdnoticias.com\/wp-content\/uploads\/2024\/07\/marcha-perritos-sierra-chica-03.jpg?resize=800%2C444&#038;ssl=1\" alt=\"\" width=\"800\" height=\"444\" srcset=\"https:\/\/i0.wp.com\/cdnoticias.com\/wp-content\/uploads\/2024\/07\/marcha-perritos-sierra-chica-03.jpg?w=1000&amp;ssl=1 1000w, https:\/\/i0.wp.com\/cdnoticias.com\/wp-content\/uploads\/2024\/07\/marcha-perritos-sierra-chica-03.jpg?resize=300%2C167&amp;ssl=1 300w, https:\/\/i0.wp.com\/cdnoticias.com\/wp-content\/uploads\/2024\/07\/marcha-perritos-sierra-chica-03.jpg?resize=768%2C426&amp;ssl=1 768w, https:\/\/i0.wp.com\/cdnoticias.com\/wp-content\/uploads\/2024\/07\/marcha-perritos-sierra-chica-03.jpg?resize=800%2C445&amp;ssl=1 800w\" sizes=\"auto, (max-width: 800px) 100vw, 800px\" \/><\/p>\n<p><img data-recalc-dims=\"1\" loading=\"lazy\" decoding=\"async\" class=\"aligncenter wp-image-120603 size-full\" src=\"https:\/\/i0.wp.com\/cdnoticias.com\/wp-content\/uploads\/2024\/07\/marcha-perritos-sierra-chica-01.jpg?resize=800%2C445&#038;ssl=1\" alt=\"\" width=\"800\" height=\"445\" srcset=\"https:\/\/i0.wp.com\/cdnoticias.com\/wp-content\/uploads\/2024\/07\/marcha-perritos-sierra-chica-01.jpg?w=800&amp;ssl=1 800w, https:\/\/i0.wp.com\/cdnoticias.com\/wp-content\/uploads\/2024\/07\/marcha-perritos-sierra-chica-01.jpg?resize=300%2C167&amp;ssl=1 300w, https:\/\/i0.wp.com\/cdnoticias.com\/wp-content\/uploads\/2024\/07\/marcha-perritos-sierra-chica-01.jpg?resize=768%2C427&amp;ssl=1 768w\" sizes=\"auto, (max-width: 800px) 100vw, 800px\" \/><\/p>\n<p>\u201cOjal\u00e1 que pronto sepamos algo, que tengamos una noticia porque<strong> no solamente estamos mal sino que tambi\u00e9n estamos en peligro<\/strong> de nuevos casos si no se sabe qui\u00e9n fue y que caiga quien fue\u201d agreg\u00f3.<\/p>\n<blockquote><p>Gregorini enfatiz\u00f3 que \u201ces un caso tan relevante que nos movi\u00f3 y nos mueve a todos\u201d as\u00ed como su intenci\u00f3n de que \u201cesto no ocurra nunca m\u00e1s, porque no tiene que ser, es una masacre aberrante. Organizada, porque estoy seguro que est\u00e1 organizado todo esto\u201d. Asimismo, expres\u00f3 sus quejas por la falta de respuesta municipal, \u201cestoy desprotegido como ciudadano, que pago impuestos y todo, que nadie de ac\u00e1 del Palacio Municipal, ni de la Delegaci\u00f3n de Sierra Chica, nadie se hizo presente ante nosotros que solamente pedimos ayuda\u201d.<\/p><\/blockquote>\n<blockquote class=\"wp-embedded-content\" data-secret=\"YuSnu4ZE34\"><p><a href=\"https:\/\/cdnoticias.com\/index.php\/2024\/07\/01\/gustavo-gregorini-lo-que-vivi-yo-fue-una-catastrofe-una-masacre-de-animalitos\/\">Gustavo Gregorini: \u201clo que viv\u00ed yo fue una cat\u00e1strofe, una masacre de animalitos\u201d<\/a><\/p><\/blockquote>\n<p><iframe loading=\"lazy\" class=\"wp-embedded-content\" sandbox=\"allow-scripts\" security=\"restricted\" style=\"position: absolute; clip: rect(1px, 1px, 1px, 1px);\" title=\"&#8220;Gustavo Gregorini: \u201clo que viv\u00ed yo fue una cat\u00e1strofe, una masacre de animalitos\u201d&#8221; &#8212; Central de Noticias | Olavarr\u00eda\" src=\"https:\/\/cdnoticias.com\/index.php\/2024\/07\/01\/gustavo-gregorini-lo-que-vivi-yo-fue-una-catastrofe-una-masacre-de-animalitos\/embed\/#?secret=j193bnwx1F#?secret=YuSnu4ZE34\" data-secret=\"YuSnu4ZE34\" width=\"600\" height=\"338\" frameborder=\"0\" marginwidth=\"0\" marginheight=\"0\" scrolling=\"no\"><\/iframe><\/p>\n","protected":false},"excerpt":{"rendered":"<p>Se concret\u00f3 este s\u00e1bado por la tarde. \u201cVamos a ir hasta las \u00faltimas consecuencias\u201d dijo Gustavo Gregorini, uno de los<\/p>\n","protected":false},"author":4,"featured_media":120602,"comment_status":"closed","ping_status":"closed","sticky":false,"template":"","format":"standard","meta":{"_jetpack_memberships_contains_paid_content":false,"footnotes":""},"categories":[5,1],"tags":[],"class_list":["post-120600","post","type-post","status-publish","format-standard","has-post-thumbnail","hentry","category-informacion-general","category-portada"],"jetpack_featured_media_url":"https:\/\/i0.wp.com\/cdnoticias.com\/wp-content\/uploads\/2024\/07\/marcha-perritos-sierra-chica-02.jpg?fit=1000%2C556&ssl=1","jetpack_sharing_enabled":true,"_links":{"self":[{"href":"https:\/\/cdnoticias.com\/index.php\/wp-json\/wp\/v2\/posts\/120600","targetHints":{"allow":["GET"]}}],"collection":[{"href":"https:\/\/cdnoticias.com\/index.php\/wp-json\/wp\/v2\/posts"}],"about":[{"href":"https:\/\/cdnoticias.com\/index.php\/wp-json\/wp\/v2\/types\/post"}],"author":[{"embeddable":true,"href":"https:\/\/cdnoticias.com\/index.php\/wp-json\/wp\/v2\/users\/4"}],"replies":[{"embeddable":true,"href":"https:\/\/cdnoticias.com\/index.php\/wp-json\/wp\/v2\/comments?post=120600"}],"version-history":[{"count":0,"href":"https:\/\/cdnoticias.com\/index.php\/wp-json\/wp\/v2\/posts\/120600\/revisions"}],"wp:featuredmedia":[{"embeddable":true,"href":"https:\/\/cdnoticias.com\/index.php\/wp-json\/wp\/v2\/media\/120602"}],"wp:attachment":[{"href":"https:\/\/cdnoticias.com\/index.php\/wp-json\/wp\/v2\/media?parent=120600"}],"wp:term":[{"taxonomy":"category","embeddable":true,"href":"https:\/\/cdnoticias.com\/index.php\/wp-json\/wp\/v2\/categories?post=120600"},{"taxonomy":"post_tag","embeddable":true,"href":"https:\/\/cdnoticias.com\/index.php\/wp-json\/wp\/v2\/tags?post=120600"}],"curies":[{"name":"wp","href":"https:\/\/api.w.org\/{rel}","templated":true}]}}