{"id":120591,"date":"2024-07-14T12:30:19","date_gmt":"2024-07-14T15:30:19","guid":{"rendered":"https:\/\/cdnoticias.com\/?p=120591"},"modified":"2024-07-14T12:30:21","modified_gmt":"2024-07-14T15:30:21","slug":"en-el-plenario-nacional-de-la-cta-kicillof-se-desmarco-del-axel-presidente","status":"publish","type":"post","link":"https:\/\/cdnoticias.com\/index.php\/2024\/07\/14\/en-el-plenario-nacional-de-la-cta-kicillof-se-desmarco-del-axel-presidente\/","title":{"rendered":"En el Plenario Nacional de la CTA, Kicillof se desmarc\u00f3 del \u201cAxel presidente\u201d"},"content":{"rendered":"<p>El Gobernador se\u00f1al\u00f3 que no es momento de candidaturas y destac\u00f3 que el plenario es la oportunidad de debatir \u201cc\u00f3mo podemos organizarnos para representar a un pueblo que est\u00e1 siendo v\u00edctima de uno de los ajustes m\u00e1s fuertes\u201d.<!--more--><\/p>\n<hr \/>\n<p>El <strong>gobernador de la provincia de Buenos Aires, Axel Kicillof<\/strong>, particip\u00f3 este viernes en La Plata del <strong>plenario nacional de la Central de Trabajadores y Trabajadoras de la Argentina (CTA)<\/strong>, junto a los secretarios generales a nivel nacional, Hugo Yasky, y provincial, Roberto Baradel.<\/p>\n<p>En ese marco, Kicillof destac\u00f3 que <strong>\u201ceste es un espacio necesario para reflexionar y debatir acerca de c\u00f3mo podemos organizarnos para representar a un pueblo<\/strong> que est\u00e1 siendo v\u00edctima de uno de los ajustes m\u00e1s fuertes de la historia de nuestro pa\u00eds\u201d.<\/p>\n<p><strong>\u201cNuestro papel es defender a los y las bonaerenses<\/strong>, redoblando los esfuerzos para intentar sustituir dentro de nuestras posibilidades la ausencia del Gobierno nacional\u201d, remarc\u00f3 el Gobernador y concluy\u00f3: \u201cLo hacemos<strong> sin recurrir a los insultos, la denigraci\u00f3n y el odio, sino con militancia y debate<\/strong> para construir una provincia y un pa\u00eds en el que se ampl\u00eden los derechos de todos y todas\u201d.<\/p>\n<p><img data-recalc-dims=\"1\" loading=\"lazy\" decoding=\"async\" class=\"size-full wp-image-120592 aligncenter\" src=\"https:\/\/i0.wp.com\/cdnoticias.com\/wp-content\/uploads\/2024\/07\/axel-kicillof-02.jpg?resize=800%2C445&#038;ssl=1\" alt=\"\" width=\"800\" height=\"445\" srcset=\"https:\/\/i0.wp.com\/cdnoticias.com\/wp-content\/uploads\/2024\/07\/axel-kicillof-02.jpg?w=1000&amp;ssl=1 1000w, https:\/\/i0.wp.com\/cdnoticias.com\/wp-content\/uploads\/2024\/07\/axel-kicillof-02.jpg?resize=300%2C167&amp;ssl=1 300w, https:\/\/i0.wp.com\/cdnoticias.com\/wp-content\/uploads\/2024\/07\/axel-kicillof-02.jpg?resize=768%2C427&amp;ssl=1 768w, https:\/\/i0.wp.com\/cdnoticias.com\/wp-content\/uploads\/2024\/07\/axel-kicillof-02.jpg?resize=800%2C445&amp;ssl=1 800w\" sizes=\"auto, (max-width: 800px) 100vw, 800px\" \/><\/p>\n<blockquote><p>Con estas declaraciones, Kicillof se desmarc\u00f3 del pedido de \u201cAxel presidente\u201d, con el que fue recibido en el plenario. \u201cEstamos en un momento que es m\u00e1s de organizaci\u00f3n, de deliberaci\u00f3n, de discusi\u00f3n y de ampliaci\u00f3n que de definici\u00f3n de candidaturas\u201d dijo para agregar que \u201cac\u00e1 no estamos trabajando en candidaturas\u201d. El mandatario bonaerense se mostr\u00f3 agradecido, pero pidi\u00f3 no confundir los prop\u00f3sitos.<\/p><\/blockquote>\n<p>La jornada se llev\u00f3 a cabo en el Hotel 10 de Junio, en donde participaron <strong>m\u00e1s de 130 representantes regionales de la CTA provincia de Buenos Aires<\/strong>. Estuvieron presentes la jefa de Asesores del Gobernador, Cristina \u00c1lvarez Rodr\u00edguez; el ministro de Trabajo, Walter Correa; la ministra de Mujeres y Diversidad, Estela D\u00edaz; la secretaria de Juventud de la CTA-T, Y\u00e9sica Leyes; y los secretarios adjuntos Daniel Catalano y Edgardo Llanos; el presidente del Astillero R\u00edo Santiago, Pedro Wasiejko; y el vicepresidente del Comit\u00e9 de Cuenca del R\u00edo Reconquista (COMIREC), Edgardo Depetri.<\/p>\n<blockquote class=\"twitter-tweet\">\n<p dir=\"ltr\" lang=\"es\">Participamos del plenario nacional de la <a href=\"https:\/\/twitter.com\/CTAok?ref_src=twsrc%5Etfw\">@CTAok<\/a> para continuar avanzando en una agenda com\u00fan que d\u00e9 respuesta a las necesidades de las y los trabajadores de la provincia.<\/p>\n<p>Nuestra invitaci\u00f3n es a seguir dando la pelea, a organizarse, defender y elaborar ideas para demostrar que\u2026 <a href=\"https:\/\/t.co\/aHb4G2IRNe\">pic.twitter.com\/aHb4G2IRNe<\/a><\/p>\n<p>\u2014 Axel Kicillof (@Kicillofok) <a href=\"https:\/\/twitter.com\/Kicillofok\/status\/1811882365125284327?ref_src=twsrc%5Etfw\">July 12, 2024<\/a><\/p><\/blockquote>\n<p><script async src=\"https:\/\/platform.twitter.com\/widgets.js\" charset=\"utf-8\"><\/script><\/p>\n","protected":false},"excerpt":{"rendered":"<p>El Gobernador se\u00f1al\u00f3 que no es momento de candidaturas y destac\u00f3 que el plenario es la oportunidad de debatir \u201cc\u00f3mo<\/p>\n","protected":false},"author":4,"featured_media":120593,"comment_status":"closed","ping_status":"closed","sticky":false,"template":"","format":"standard","meta":{"_jetpack_memberships_contains_paid_content":false,"footnotes":""},"categories":[6,1],"tags":[],"class_list":["post-120591","post","type-post","status-publish","format-standard","has-post-thumbnail","hentry","category-nacionales","category-portada"],"jetpack_featured_media_url":"https:\/\/i0.wp.com\/cdnoticias.com\/wp-content\/uploads\/2024\/07\/plenario-CTA-kicillof.jpg?fit=1000%2C556&ssl=1","jetpack_sharing_enabled":true,"_links":{"self":[{"href":"https:\/\/cdnoticias.com\/index.php\/wp-json\/wp\/v2\/posts\/120591","targetHints":{"allow":["GET"]}}],"collection":[{"href":"https:\/\/cdnoticias.com\/index.php\/wp-json\/wp\/v2\/posts"}],"about":[{"href":"https:\/\/cdnoticias.com\/index.php\/wp-json\/wp\/v2\/types\/post"}],"author":[{"embeddable":true,"href":"https:\/\/cdnoticias.com\/index.php\/wp-json\/wp\/v2\/users\/4"}],"replies":[{"embeddable":true,"href":"https:\/\/cdnoticias.com\/index.php\/wp-json\/wp\/v2\/comments?post=120591"}],"version-history":[{"count":0,"href":"https:\/\/cdnoticias.com\/index.php\/wp-json\/wp\/v2\/posts\/120591\/revisions"}],"wp:featuredmedia":[{"embeddable":true,"href":"https:\/\/cdnoticias.com\/index.php\/wp-json\/wp\/v2\/media\/120593"}],"wp:attachment":[{"href":"https:\/\/cdnoticias.com\/index.php\/wp-json\/wp\/v2\/media?parent=120591"}],"wp:term":[{"taxonomy":"category","embeddable":true,"href":"https:\/\/cdnoticias.com\/index.php\/wp-json\/wp\/v2\/categories?post=120591"},{"taxonomy":"post_tag","embeddable":true,"href":"https:\/\/cdnoticias.com\/index.php\/wp-json\/wp\/v2\/tags?post=120591"}],"curies":[{"name":"wp","href":"https:\/\/api.w.org\/{rel}","templated":true}]}}