{"id":12058,"date":"2021-01-22T19:38:23","date_gmt":"2021-01-22T22:38:23","guid":{"rendered":"http:\/\/www.centraldenoticias.com.ar\/?p=12058"},"modified":"2021-01-22T20:50:00","modified_gmt":"2021-01-22T23:50:00","slug":"marcha-por-matias-no-fue-por-la-musica-lo-mataron-por-matar","status":"publish","type":"post","link":"https:\/\/cdnoticias.com\/index.php\/2021\/01\/22\/marcha-por-matias-no-fue-por-la-musica-lo-mataron-por-matar\/","title":{"rendered":"Marcha por Mat\u00edas: \u201cNo fue por la m\u00fasica, lo mataron por matar\u201d"},"content":{"rendered":"<p>Lo aseguraron amigos y familiares de Mat\u00edas Cabral, el joven asesinado en el barrio 12 de Octubre. Central de Noticias habl\u00f3 con los presentes quienes aseguraron que <em>\u201cvinieron directamente a matar\u201d.<\/em><!--more--><\/p>\n<hr \/>\n<p>Este viernes se concret\u00f3 en el Paseo Jes\u00fas Mend\u00eda una concentraci\u00f3n y posterior marcha para pedir <strong>justicia por Mat\u00edas Cabral.<\/strong> El joven de 21 a\u00f1os recibi\u00f3 un disparo en la zona del abdomen que lo hiri\u00f3 gravemente, ocasion\u00e1ndole la muerte minutos despu\u00e9s.<\/p>\n<p>&nbsp;<\/p>\n<p><a href=\"https:\/\/cdnoticias.com\/index.php\/2021\/01\/17\/un-joven-fue-asesinado-tras-una-pelea-vecinal\/\" target=\"_blank\" rel=\"noopener\">El hecho se registr\u00f3 el \u00faltimo fin de semana en las inmediaciones de Mitre y Calle 17.<\/a> Las versiones oficiales indicaron que la principal hip\u00f3tesis gira en torno a una discusi\u00f3n por el volumen de la m\u00fasica. Adem\u00e1s, en la continuidad de la investigaci\u00f3n, se se\u00f1alaron disputas previas entre las personas involucradas en el lamentable episodio.<\/p>\n<p>&nbsp;<\/p>\n<p><img data-recalc-dims=\"1\" loading=\"lazy\" decoding=\"async\" class=\"alignnone size-large wp-image-12057\" src=\"https:\/\/i0.wp.com\/cdnoticias.com\/wp-content\/uploads\/2021\/01\/marcha-matias-cabral1.jpg?resize=800%2C600&#038;ssl=1\" alt=\"\" width=\"800\" height=\"600\" srcset=\"https:\/\/i0.wp.com\/cdnoticias.com\/wp-content\/uploads\/2021\/01\/marcha-matias-cabral1.jpg?resize=1024%2C768&amp;ssl=1 1024w, https:\/\/i0.wp.com\/cdnoticias.com\/wp-content\/uploads\/2021\/01\/marcha-matias-cabral1.jpg?resize=300%2C225&amp;ssl=1 300w, https:\/\/i0.wp.com\/cdnoticias.com\/wp-content\/uploads\/2021\/01\/marcha-matias-cabral1.jpg?resize=768%2C576&amp;ssl=1 768w, https:\/\/i0.wp.com\/cdnoticias.com\/wp-content\/uploads\/2021\/01\/marcha-matias-cabral1.jpg?w=1152&amp;ssl=1 1152w\" sizes=\"auto, (max-width: 800px) 100vw, 800px\" \/><\/p>\n<p>&nbsp;<\/p>\n<p>Familiares y amigos de Mat\u00edas, dialogaron con Central de Noticias y aseguraron que <em>\u201cvinieron directamente a matar, hay muchos impactos de bala. Podr\u00edan haber matado a m\u00e1s personas\u201d.<\/em><\/p>\n<p>&nbsp;<\/p>\n<p>Adem\u00e1s, insistieron en <strong>desmentir la pelea por el volumen de la m\u00fasica y en se\u00f1alar la participaci\u00f3n de tres personas<\/strong> en el hecho: <em>\u201clos tres dispararon\u201d.<\/em><\/p>\n<p>&nbsp;<\/p>\n<p><img data-recalc-dims=\"1\" loading=\"lazy\" decoding=\"async\" class=\"alignnone size-large wp-image-12055\" src=\"https:\/\/i0.wp.com\/cdnoticias.com\/wp-content\/uploads\/2021\/01\/marcha-matias-cabral3.jpg?resize=800%2C600&#038;ssl=1\" alt=\"\" width=\"800\" height=\"600\" srcset=\"https:\/\/i0.wp.com\/cdnoticias.com\/wp-content\/uploads\/2021\/01\/marcha-matias-cabral3.jpg?resize=1024%2C768&amp;ssl=1 1024w, https:\/\/i0.wp.com\/cdnoticias.com\/wp-content\/uploads\/2021\/01\/marcha-matias-cabral3.jpg?resize=300%2C225&amp;ssl=1 300w, https:\/\/i0.wp.com\/cdnoticias.com\/wp-content\/uploads\/2021\/01\/marcha-matias-cabral3.jpg?resize=768%2C576&amp;ssl=1 768w, https:\/\/i0.wp.com\/cdnoticias.com\/wp-content\/uploads\/2021\/01\/marcha-matias-cabral3.jpg?w=1040&amp;ssl=1 1040w\" sizes=\"auto, (max-width: 800px) 100vw, 800px\" \/><\/p>\n<p>&nbsp;<\/p>\n<p>Sandra Ibarra, suegra de Mat\u00edas, cont\u00f3 que <strong><em>\u201cno fue por la m\u00fasica alta, nada que ver con la m\u00fasica. Pasaron y fue una discusi\u00f3n entre ellos\u201d.<\/em><\/strong><\/p>\n<p>&nbsp;<\/p>\n<blockquote><p>\u201cLo que pas\u00f3 es tan injusto, le quitaron la vida a un chico bueno, trabajador, muy luchador con la familia. Iba a ser padre de mi nieto que est\u00e1 a punto de nacer\u201d.<\/p><\/blockquote>\n<p>&nbsp;<\/p>\n<p>Ibarra agreg\u00f3 que<em> \u201c\u00e9l es de Azul, no hac\u00eda un a\u00f1o que estaba en Olavarr\u00eda y no viv\u00eda en el barrio. Solo ven\u00eda a acompa\u00f1ar a mi hija porque est\u00e1 a punto de dar a luz\u201d.\u00a0<\/em>Entre los presentes tambi\u00e9n pudo verse a Yesica Salguero, la madre de Enzo Marconi, <a href=\"https:\/\/cdnoticias.com\/index.php\/2021\/01\/09\/nueva-movilizacion-por-enzo-marconi-a-11-meses-de-su-muerte\/\" target=\"_blank\" rel=\"noopener\">el joven asesinado hace pr\u00e1cticamente un a\u00f1o en el barrio Jard\u00edn.<\/a><\/p>\n<p>&nbsp;<\/p>\n<div class=\"jetpack-video-wrapper\"><iframe loading=\"lazy\" title=\"Marcha por Mat\u00edas: \u201cNo fue por la m\u00fasica, lo mataron por matar\u201d\" width=\"800\" height=\"450\" src=\"https:\/\/www.youtube.com\/embed\/5krf0iQ03rM?feature=oembed\" frameborder=\"0\" allow=\"accelerometer; autoplay; clipboard-write; encrypted-media; gyroscope; picture-in-picture; web-share\" referrerpolicy=\"strict-origin-when-cross-origin\" allowfullscreen><\/iframe><\/div>\n<p>&nbsp;<\/p>\n<p>Antes de dar inicio a la marcha, una vecina ley\u00f3 una carta escrita por la novia de Mat\u00edas, en la que expres\u00f3 que<em> \u201cme robaron tan pronto tu vida, hoy te necesito m\u00e1s que nunca. Injustamente te dispararon y te fuiste sin ni siquiera conocer a tu hijo. Que paguen los tres que fueron\u201d.<\/em><\/p>\n<p>&nbsp;<\/p>\n<p><img data-recalc-dims=\"1\" loading=\"lazy\" decoding=\"async\" class=\"alignnone size-large wp-image-12060\" src=\"https:\/\/i0.wp.com\/cdnoticias.com\/wp-content\/uploads\/2021\/01\/marcha-matias-cabral7.jpg?resize=800%2C600&#038;ssl=1\" alt=\"\" width=\"800\" height=\"600\" srcset=\"https:\/\/i0.wp.com\/cdnoticias.com\/wp-content\/uploads\/2021\/01\/marcha-matias-cabral7.jpg?resize=1024%2C768&amp;ssl=1 1024w, https:\/\/i0.wp.com\/cdnoticias.com\/wp-content\/uploads\/2021\/01\/marcha-matias-cabral7.jpg?resize=300%2C225&amp;ssl=1 300w, https:\/\/i0.wp.com\/cdnoticias.com\/wp-content\/uploads\/2021\/01\/marcha-matias-cabral7.jpg?resize=768%2C576&amp;ssl=1 768w, https:\/\/i0.wp.com\/cdnoticias.com\/wp-content\/uploads\/2021\/01\/marcha-matias-cabral7.jpg?w=1152&amp;ssl=1 1152w\" sizes=\"auto, (max-width: 800px) 100vw, 800px\" \/><\/p>\n<p>&nbsp;<\/p>\n<p>Si bien la familia enfatiz\u00f3 en varias ocasiones la participaci\u00f3n activa de tres personas, la causa cuenta actualmente con una sola persona detenida. Se trata de Juli\u00e1n Castro, quien d\u00edas despu\u00e9s de los hechos <a href=\"https:\/\/cdnoticias.com\/index.php\/2021\/01\/18\/crimen-12-de-octubre-se-entrego-en-la-comisaria-primera-el-joven-acusado\/\" target=\"_blank\" rel=\"noopener\">se entreg\u00f3 en la comisar\u00eda Primera<\/a>. Horas m\u00e1s tarde fue remitido a la sede judicial local, donde <a href=\"https:\/\/cdnoticias.com\/index.php\/2021\/01\/19\/se-nego-a-declarar-el-joven-acusado-por-el-crimen-en-el-barrio-12-de-octubre\/\" target=\"_blank\" rel=\"noopener\">se neg\u00f3 a declarar<\/a>. Est\u00e1 imputado de <strong>&#8220;homicidio agravado por el empleo de arma&#8221; y &#8220;portaci\u00f3n de arma de fuego de uso civil&#8221;.<\/strong><\/p>\n","protected":false},"excerpt":{"rendered":"<p>Lo aseguraron amigos y familiares de Mat\u00edas Cabral, el joven asesinado en el barrio 12 de Octubre. Central de Noticias<\/p>\n","protected":false},"author":5,"featured_media":12056,"comment_status":"closed","ping_status":"closed","sticky":false,"template":"","format":"standard","meta":{"_jetpack_memberships_contains_paid_content":false,"footnotes":""},"categories":[14,1],"tags":[],"class_list":["post-12058","post","type-post","status-publish","format-standard","has-post-thumbnail","hentry","category-policiales","category-portada"],"jetpack_featured_media_url":"https:\/\/i0.wp.com\/cdnoticias.com\/wp-content\/uploads\/2021\/01\/marcha-matias-cabral2.jpg?fit=1152%2C864&ssl=1","jetpack_sharing_enabled":true,"_links":{"self":[{"href":"https:\/\/cdnoticias.com\/index.php\/wp-json\/wp\/v2\/posts\/12058","targetHints":{"allow":["GET"]}}],"collection":[{"href":"https:\/\/cdnoticias.com\/index.php\/wp-json\/wp\/v2\/posts"}],"about":[{"href":"https:\/\/cdnoticias.com\/index.php\/wp-json\/wp\/v2\/types\/post"}],"author":[{"embeddable":true,"href":"https:\/\/cdnoticias.com\/index.php\/wp-json\/wp\/v2\/users\/5"}],"replies":[{"embeddable":true,"href":"https:\/\/cdnoticias.com\/index.php\/wp-json\/wp\/v2\/comments?post=12058"}],"version-history":[{"count":0,"href":"https:\/\/cdnoticias.com\/index.php\/wp-json\/wp\/v2\/posts\/12058\/revisions"}],"wp:featuredmedia":[{"embeddable":true,"href":"https:\/\/cdnoticias.com\/index.php\/wp-json\/wp\/v2\/media\/12056"}],"wp:attachment":[{"href":"https:\/\/cdnoticias.com\/index.php\/wp-json\/wp\/v2\/media?parent=12058"}],"wp:term":[{"taxonomy":"category","embeddable":true,"href":"https:\/\/cdnoticias.com\/index.php\/wp-json\/wp\/v2\/categories?post=12058"},{"taxonomy":"post_tag","embeddable":true,"href":"https:\/\/cdnoticias.com\/index.php\/wp-json\/wp\/v2\/tags?post=12058"}],"curies":[{"name":"wp","href":"https:\/\/api.w.org\/{rel}","templated":true}]}}