{"id":120561,"date":"2024-07-12T20:58:12","date_gmt":"2024-07-12T23:58:12","guid":{"rendered":"https:\/\/cdnoticias.com\/?p=120561"},"modified":"2024-07-12T20:58:14","modified_gmt":"2024-07-12T23:58:14","slug":"como-estara-el-tiempo-en-olavarria-para-este-sabado-13-de-julio","status":"publish","type":"post","link":"https:\/\/cdnoticias.com\/index.php\/2024\/07\/12\/como-estara-el-tiempo-en-olavarria-para-este-sabado-13-de-julio\/","title":{"rendered":"C\u00f3mo estar\u00e1 el tiempo en Olavarr\u00eda para este s\u00e1bado 13 de julio"},"content":{"rendered":"\n<p>Ser\u00e1 un d\u00eda muy fr\u00edo, con cielos despejados a lo largo de toda la jornada. Aqu\u00ed te dejamos el pron\u00f3stico del tiempo para que puedas planificar tu d\u00eda.<\/p>\n\n\n\n<hr class=\"wp-block-separator aligncenter has-alpha-channel-opacity\"\/>\n\n\n\n<p>En la madrugada, el cielo estar\u00e1 despejado. <strong>La temperatura ser\u00e1 de alrededor de -2\u00b0C,<\/strong> con vientos leves provenientes del norte (N) soplando entre 7 y 12 km\/h. <strong>Las condiciones ser\u00e1n extremadamente fr\u00edas, por lo que es esencial abrigarse adecuadamente si necesitas salir a estas horas.<\/strong><\/p>\n\n\n\n<p>Durante la ma\u00f1ana, el cielo continuar\u00e1 despejado. <strong>La temperatura descender\u00e1 a\u00fan m\u00e1s, alcanzando -4\u00b0C, y los vientos del norte (N) se mantendr\u00e1n en el rango de 7 a 12 km\/h. La ma\u00f1ana ser\u00e1 especialmente g\u00e9lida, y la sensaci\u00f3n t\u00e9rmica ser\u00e1 muy baja debido a las temperaturas bajo cero.<\/strong><\/p>\n\n\n\n<p>En la tarde, el cielo seguir\u00e1 despejado. <strong>La temperatura alcanzar\u00e1 un m\u00e1ximo de 13\u00b0C, con vientos provenientes del noroeste (NO) que soplar\u00e1n entre 13 y 22 km\/h. <\/strong>A pesar del aumento en la temperatura, el aire fr\u00edo persistir\u00e1, y la sensaci\u00f3n de fr\u00edo se mantendr\u00e1 presente durante toda la tarde.<\/p>\n\n\n\n<p>Para la noche, el cielo se mantendr\u00e1 despejado. <strong>La temperatura descender\u00e1 a unos 3\u00b0C, y los vientos volver\u00e1n a soplar desde el norte (N), manteni\u00e9ndose en el rango de 7 a 12 km\/h. La noche ser\u00e1 fr\u00eda, con cielos despejados y vientos suaves.<\/strong><\/p>\n\n\n\n<p>Este s\u00e1bado en Olavarr\u00eda estar\u00e1 marcado por un intenso fr\u00edo durante todo el d\u00eda, especialmente en la madrugada y la ma\u00f1ana. Los cielos despejados permitir\u00e1n que el sol brille, pero las bajas temperaturas har\u00e1n que la sensaci\u00f3n t\u00e9rmica sea muy baja. <strong>Es fundamental abrigarse bien y estar preparado para enfrentar un d\u00eda extremadamente fr\u00edo.<\/strong><\/p>\n","protected":false},"excerpt":{"rendered":"<p>Ser\u00e1 un d\u00eda muy fr\u00edo, con cielos despejados a lo largo de toda la jornada. Aqu\u00ed te dejamos el pron\u00f3stico<\/p>\n","protected":false},"author":2,"featured_media":120128,"comment_status":"closed","ping_status":"closed","sticky":false,"template":"","format":"standard","meta":{"_jetpack_memberships_contains_paid_content":false,"footnotes":""},"categories":[5],"tags":[],"class_list":["post-120561","post","type-post","status-publish","format-standard","has-post-thumbnail","hentry","category-informacion-general"],"jetpack_featured_media_url":"https:\/\/i0.wp.com\/cdnoticias.com\/wp-content\/uploads\/2024\/07\/clima-frio-invierno1.jpg?fit=992%2C552&ssl=1","jetpack_sharing_enabled":true,"_links":{"self":[{"href":"https:\/\/cdnoticias.com\/index.php\/wp-json\/wp\/v2\/posts\/120561","targetHints":{"allow":["GET"]}}],"collection":[{"href":"https:\/\/cdnoticias.com\/index.php\/wp-json\/wp\/v2\/posts"}],"about":[{"href":"https:\/\/cdnoticias.com\/index.php\/wp-json\/wp\/v2\/types\/post"}],"author":[{"embeddable":true,"href":"https:\/\/cdnoticias.com\/index.php\/wp-json\/wp\/v2\/users\/2"}],"replies":[{"embeddable":true,"href":"https:\/\/cdnoticias.com\/index.php\/wp-json\/wp\/v2\/comments?post=120561"}],"version-history":[{"count":0,"href":"https:\/\/cdnoticias.com\/index.php\/wp-json\/wp\/v2\/posts\/120561\/revisions"}],"wp:featuredmedia":[{"embeddable":true,"href":"https:\/\/cdnoticias.com\/index.php\/wp-json\/wp\/v2\/media\/120128"}],"wp:attachment":[{"href":"https:\/\/cdnoticias.com\/index.php\/wp-json\/wp\/v2\/media?parent=120561"}],"wp:term":[{"taxonomy":"category","embeddable":true,"href":"https:\/\/cdnoticias.com\/index.php\/wp-json\/wp\/v2\/categories?post=120561"},{"taxonomy":"post_tag","embeddable":true,"href":"https:\/\/cdnoticias.com\/index.php\/wp-json\/wp\/v2\/tags?post=120561"}],"curies":[{"name":"wp","href":"https:\/\/api.w.org\/{rel}","templated":true}]}}