{"id":120555,"date":"2024-07-12T20:49:50","date_gmt":"2024-07-12T23:49:50","guid":{"rendered":"https:\/\/cdnoticias.com\/?p=120555"},"modified":"2024-07-12T20:50:10","modified_gmt":"2024-07-12T23:50:10","slug":"circulaba-en-una-moto-presuntamente-robada-y-termino-demorado-por-la-policia","status":"publish","type":"post","link":"https:\/\/cdnoticias.com\/index.php\/2024\/07\/12\/circulaba-en-una-moto-presuntamente-robada-y-termino-demorado-por-la-policia\/","title":{"rendered":"Circulaba en una moto presuntamente robada y termin\u00f3 demorado por la polic\u00eda"},"content":{"rendered":"\n<p>El hecho fue detectado en Col\u00f3n y Circunvalaci\u00f3n este viernes. El veh\u00edculo en el que circulaba no ten\u00eda patente y contaba con el n\u00famero de motor limado.<\/p>\n\n\n\n<hr class=\"wp-block-separator aligncenter has-alpha-channel-opacity\"\/>\n\n\n\n<p>Este viernes, <strong>personal de Comando de Patrullas local demor\u00f3 a un joven de 21 a\u00f1os que circulaba en una moto presuntamente robada. Fue imputado por Encubrimiento.<\/strong><\/p>\n\n\n\n<p>El hecho se produjo en un <strong>control realizado en Col\u00f3n y Circunvalaci\u00f3n, cuando detectaron que el joven se movilizaba a bordo de una moto marca Motomel Skua 150 cc sin patente colocada.<\/strong><\/p>\n\n\n\n<figure class=\"wp-block-image size-full\"><img data-recalc-dims=\"1\" loading=\"lazy\" decoding=\"async\" width=\"633\" height=\"333\" src=\"https:\/\/i0.wp.com\/cdnoticias.com\/wp-content\/uploads\/2024\/07\/WhatsApp-Image-2024-07-12-at-15.08.16-1.jpeg?resize=633%2C333&#038;ssl=1\" alt=\"\" class=\"wp-image-120557\" srcset=\"https:\/\/i0.wp.com\/cdnoticias.com\/wp-content\/uploads\/2024\/07\/WhatsApp-Image-2024-07-12-at-15.08.16-1.jpeg?w=633&amp;ssl=1 633w, https:\/\/i0.wp.com\/cdnoticias.com\/wp-content\/uploads\/2024\/07\/WhatsApp-Image-2024-07-12-at-15.08.16-1.jpeg?resize=300%2C158&amp;ssl=1 300w, https:\/\/i0.wp.com\/cdnoticias.com\/wp-content\/uploads\/2024\/07\/WhatsApp-Image-2024-07-12-at-15.08.16-1.jpeg?resize=390%2C205&amp;ssl=1 390w\" sizes=\"auto, (max-width: 633px) 100vw, 633px\" \/><\/figure>\n\n\n\n<p>Al solicitar informaci\u00f3n sobre la moto,<strong> tambi\u00e9n detectaron que ten\u00eda el n\u00famero de motor limado.<\/strong> Tras cruzar informaci\u00f3n, dieron cuenta que <strong>ten\u00eda un pedido de secuestro activo con fecha de alta de abril de 2023, a solicitud de la Ayudant\u00eda Fiscal de Autores Ignorados.<\/strong><\/p>\n\n\n\n<p>El joven fue demorado y puesto en libertad, aunque ahora enfrenta cargos por<strong><em> \u201cEncubrimiento\u201d.<\/em><\/strong><\/p>\n","protected":false},"excerpt":{"rendered":"<p>El hecho fue detectado en Col\u00f3n y Circunvalaci\u00f3n este viernes. El veh\u00edculo en el que circulaba no ten\u00eda patente y<\/p>\n","protected":false},"author":2,"featured_media":120556,"comment_status":"closed","ping_status":"closed","sticky":false,"template":"","format":"standard","meta":{"_jetpack_memberships_contains_paid_content":false,"footnotes":""},"categories":[14,1],"tags":[],"class_list":["post-120555","post","type-post","status-publish","format-standard","has-post-thumbnail","hentry","category-policiales","category-portada"],"jetpack_featured_media_url":"https:\/\/i0.wp.com\/cdnoticias.com\/wp-content\/uploads\/2024\/07\/WhatsApp-Image-2024-07-12-at-15.08.16.jpeg?fit=682%2C336&ssl=1","jetpack_sharing_enabled":true,"_links":{"self":[{"href":"https:\/\/cdnoticias.com\/index.php\/wp-json\/wp\/v2\/posts\/120555","targetHints":{"allow":["GET"]}}],"collection":[{"href":"https:\/\/cdnoticias.com\/index.php\/wp-json\/wp\/v2\/posts"}],"about":[{"href":"https:\/\/cdnoticias.com\/index.php\/wp-json\/wp\/v2\/types\/post"}],"author":[{"embeddable":true,"href":"https:\/\/cdnoticias.com\/index.php\/wp-json\/wp\/v2\/users\/2"}],"replies":[{"embeddable":true,"href":"https:\/\/cdnoticias.com\/index.php\/wp-json\/wp\/v2\/comments?post=120555"}],"version-history":[{"count":0,"href":"https:\/\/cdnoticias.com\/index.php\/wp-json\/wp\/v2\/posts\/120555\/revisions"}],"wp:featuredmedia":[{"embeddable":true,"href":"https:\/\/cdnoticias.com\/index.php\/wp-json\/wp\/v2\/media\/120556"}],"wp:attachment":[{"href":"https:\/\/cdnoticias.com\/index.php\/wp-json\/wp\/v2\/media?parent=120555"}],"wp:term":[{"taxonomy":"category","embeddable":true,"href":"https:\/\/cdnoticias.com\/index.php\/wp-json\/wp\/v2\/categories?post=120555"},{"taxonomy":"post_tag","embeddable":true,"href":"https:\/\/cdnoticias.com\/index.php\/wp-json\/wp\/v2\/tags?post=120555"}],"curies":[{"name":"wp","href":"https:\/\/api.w.org\/{rel}","templated":true}]}}