{"id":120543,"date":"2024-07-14T16:14:33","date_gmt":"2024-07-14T19:14:33","guid":{"rendered":"https:\/\/cdnoticias.com\/?p=120543"},"modified":"2024-07-14T19:01:43","modified_gmt":"2024-07-14T22:01:43","slug":"seguridad-publica-en-la-provincia-es-necesario-un-cambio-de-matriz-institucional","status":"publish","type":"post","link":"https:\/\/cdnoticias.com\/index.php\/2024\/07\/14\/seguridad-publica-en-la-provincia-es-necesario-un-cambio-de-matriz-institucional\/","title":{"rendered":"Seguridad p\u00fablica: \u201cEn la Provincia es necesario un cambio de matriz institucional\u201d"},"content":{"rendered":"\n<p>Lo indic\u00f3 el Doctor Marcelo Sain, quien ofreci\u00f3 una conferencia en la que analiz\u00f3 la situaci\u00f3n en el territorio bonaerense.<\/p>\n\n\n\n<hr class=\"wp-block-separator aligncenter has-alpha-channel-opacity\"\/>\n\n\n\n<p>El <strong>Centro Cultural Universitario<\/strong> fue sede de la charla que ofreci\u00f3 el<strong> Doctor Marcelo Sain,<\/strong> profesor e investigador de la Universidad Nacional de Quilmes (UNQ), quien se desempe\u00f1\u00f3 en las <strong>\u00e1reas de seguridad en las provincias de Buenos Aires y Santa Fe.<\/strong><\/p>\n\n\n\n<p><\/p>\n\n\n\n<p>La propuesta fue organizada por el Programa de Educaci\u00f3n en Contextos de Encierro (PECE) y el N\u00facleo de Actividades Cient\u00edfico Tecnol\u00f3gicas \u201cEstudios sobre Sociedad, Acceso a Derechos y C\u00e1rceles\u201d (NACT ESADyC) de la Facultad de Ciencias Sociales.<\/p>\n\n\n\n<p><\/p>\n\n\n\n<p>Ante un gran marco de p\u00fablico, la apertura estuvo a cargo de la secretaria acad\u00e9mica de la FACSO, Licenciada <strong>Gabriela Loustaunau<\/strong>, quien <strong>celebr\u00f3 los 15 a\u00f1os de trabajo del PECE.<\/strong><\/p>\n\n\n\n<p><\/p>\n\n\n\n<blockquote class=\"wp-block-quote is-layout-flow wp-block-quote-is-layout-flow\">\n<p>A trav\u00e9s del Programa, que comenz\u00f3 a implementarse en el a\u00f1o 2009, se ofrecen diversas propuestas acad\u00e9micas y de extensi\u00f3n para estudiantes en contextos de encierro de unidades penales de Sierra Chica y Azul.<\/p>\n<\/blockquote>\n\n\n\n<p><\/p>\n\n\n\n<figure class=\"wp-block-image aligncenter size-full\"><img data-recalc-dims=\"1\" loading=\"lazy\" decoding=\"async\" width=\"800\" height=\"469\" src=\"https:\/\/i0.wp.com\/cdnoticias.com\/wp-content\/uploads\/2024\/07\/seguridad-bonaerense-conversatorio2.png?resize=800%2C469&#038;ssl=1\" alt=\"\" class=\"wp-image-120547\" srcset=\"https:\/\/i0.wp.com\/cdnoticias.com\/wp-content\/uploads\/2024\/07\/seguridad-bonaerense-conversatorio2.png?w=897&amp;ssl=1 897w, https:\/\/i0.wp.com\/cdnoticias.com\/wp-content\/uploads\/2024\/07\/seguridad-bonaerense-conversatorio2.png?resize=300%2C176&amp;ssl=1 300w, https:\/\/i0.wp.com\/cdnoticias.com\/wp-content\/uploads\/2024\/07\/seguridad-bonaerense-conversatorio2.png?resize=768%2C450&amp;ssl=1 768w\" sizes=\"auto, (max-width: 800px) 100vw, 800px\" \/><\/figure>\n\n\n\n<p><\/p>\n\n\n\n<p>Posteriormente, el Profesor <strong>Luis Scipioni, coordinador del PECE,<\/strong> describi\u00f3 que a lo largo de estos 15 a\u00f1os <strong><em>\u201cla universidad ha ido teniendo distintos lugares para pensarse y para pensar la c\u00e1rcel. Durante este tiempo nos hemos constituido como Universidad en un actor m\u00e1s en las c\u00e1rceles, a trav\u00e9s de propuestas tendientes a pensar otra c\u00e1rcel posible\u201d.<\/em><\/strong><\/p>\n\n\n\n<p><\/p>\n\n\n\n<p>Por su parte, el Doctor Sain analiz\u00f3 las <strong>modalidades de gesti\u00f3n de las pol\u00edticas de seguridad p\u00fablica en la provincia de Buenos Aires, <\/strong>a partir de su larga experiencia de las gestiones en los gobiernos bonaerense y santafesino, as\u00ed como a nivel nacional; complementado con sus investigaciones a trav\u00e9s de la Universidad Nacional de Quilmes.<\/p>\n\n\n\n<p><\/p>\n\n\n\n<p>\u201cGestionar la seguridad p\u00fablica significa gestionar las emergencias pero tambi\u00e9n cuestiones estructurales\u201d describi\u00f3 Sain, quien analiz\u00f3 que en nuestro pa\u00eds la seguridad se convirti\u00f3 en uno de los grandes temas de discusi\u00f3n social y pol\u00edtica a partir de la d\u00e9cada del \u201890.<\/p>\n\n\n\n<p><\/p>\n\n\n\n<p>Para Sain, hay una diversidad de puntos para analizar al momento de gestionar la seguridad p\u00fablica, entre los que mencion\u00f3 como un n\u00facleo problem\u00e1tico la \u201cgesti\u00f3n a ciegas\u201d.<\/p>\n\n\n\n<p><\/p>\n\n\n\n<figure class=\"wp-block-image aligncenter size-full\"><img data-recalc-dims=\"1\" loading=\"lazy\" decoding=\"async\" width=\"800\" height=\"439\" src=\"https:\/\/i0.wp.com\/cdnoticias.com\/wp-content\/uploads\/2024\/07\/seguridad-bonaerense-conversatorio1.png?resize=800%2C439&#038;ssl=1\" alt=\"\" class=\"wp-image-120546\" srcset=\"https:\/\/i0.wp.com\/cdnoticias.com\/wp-content\/uploads\/2024\/07\/seguridad-bonaerense-conversatorio1.png?w=877&amp;ssl=1 877w, https:\/\/i0.wp.com\/cdnoticias.com\/wp-content\/uploads\/2024\/07\/seguridad-bonaerense-conversatorio1.png?resize=300%2C165&amp;ssl=1 300w, https:\/\/i0.wp.com\/cdnoticias.com\/wp-content\/uploads\/2024\/07\/seguridad-bonaerense-conversatorio1.png?resize=768%2C421&amp;ssl=1 768w\" sizes=\"auto, (max-width: 800px) 100vw, 800px\" \/><\/figure>\n\n\n\n<p><\/p>\n\n\n\n<blockquote class=\"wp-block-quote is-layout-flow wp-block-quote-is-layout-flow\">\n<p>\u201cEn la Provincia hay una falta de diagn\u00f3stico del crimen. No existen datos p\u00fablicos de las estad\u00edsticas en materia de seguridad. Los Estados necesitan como primer ABC de la seguridad contar con datos\u201d, que expongan las cifras y estad\u00edsticas de lo que ocurre en territorio, agreg\u00f3.<\/p>\n<\/blockquote>\n\n\n\n<p><\/p>\n\n\n\n<p>Asimismo, le sum\u00f3 a esta situaci\u00f3n<strong> el rol de los medios de comunicaci\u00f3n<\/strong>, factor clave para la institucionalidad gubernamental; al tiempo que marc\u00f3 que en nuestro pa\u00eds \u201cexiste un gran problema con la ilegalidad\u201d, y vincul\u00f3 los cambios en los contextos socioecon\u00f3micos a lo largo del tiempo con el aumento o descenso de las tasas criminales.<\/p>\n\n\n\n<p><\/p>\n\n\n\n<p>A lo largo de la charla ofreci\u00f3 ejemplos y analiz\u00f3 situaciones de diversos periodos gubernamentales de Argentina y otros pa\u00edses.<\/p>\n\n\n\n<p><\/p>\n\n\n\n<p>Por \u00faltimo, aclar\u00f3 que \u201c<strong>es posible construir consensos para gestionar pol\u00edticas de seguridad en nuestro pa\u00eds. Lo que se necesita es un cambio de matriz institucional, es un cambio profundo que amerita un discusi\u00f3n larga, que va m\u00e1s all\u00e1 de una gesti\u00f3n, pero que es una discusi\u00f3n que nos tenemos que dar\u201d.<\/strong><\/p>\n","protected":false},"excerpt":{"rendered":"<p>Lo indic\u00f3 el Doctor Marcelo Sain, quien ofreci\u00f3 una conferencia en la que analiz\u00f3 la situaci\u00f3n en el territorio bonaerense.<\/p>\n","protected":false},"author":6,"featured_media":120545,"comment_status":"closed","ping_status":"closed","sticky":false,"template":"","format":"standard","meta":{"_jetpack_memberships_contains_paid_content":false,"footnotes":""},"categories":[5,1],"tags":[],"class_list":["post-120543","post","type-post","status-publish","format-standard","has-post-thumbnail","hentry","category-informacion-general","category-portada"],"jetpack_featured_media_url":"https:\/\/i0.wp.com\/cdnoticias.com\/wp-content\/uploads\/2024\/07\/seguridad-bonaerense-conversatorio.png?fit=892%2C495&ssl=1","jetpack_sharing_enabled":true,"_links":{"self":[{"href":"https:\/\/cdnoticias.com\/index.php\/wp-json\/wp\/v2\/posts\/120543","targetHints":{"allow":["GET"]}}],"collection":[{"href":"https:\/\/cdnoticias.com\/index.php\/wp-json\/wp\/v2\/posts"}],"about":[{"href":"https:\/\/cdnoticias.com\/index.php\/wp-json\/wp\/v2\/types\/post"}],"author":[{"embeddable":true,"href":"https:\/\/cdnoticias.com\/index.php\/wp-json\/wp\/v2\/users\/6"}],"replies":[{"embeddable":true,"href":"https:\/\/cdnoticias.com\/index.php\/wp-json\/wp\/v2\/comments?post=120543"}],"version-history":[{"count":0,"href":"https:\/\/cdnoticias.com\/index.php\/wp-json\/wp\/v2\/posts\/120543\/revisions"}],"wp:featuredmedia":[{"embeddable":true,"href":"https:\/\/cdnoticias.com\/index.php\/wp-json\/wp\/v2\/media\/120545"}],"wp:attachment":[{"href":"https:\/\/cdnoticias.com\/index.php\/wp-json\/wp\/v2\/media?parent=120543"}],"wp:term":[{"taxonomy":"category","embeddable":true,"href":"https:\/\/cdnoticias.com\/index.php\/wp-json\/wp\/v2\/categories?post=120543"},{"taxonomy":"post_tag","embeddable":true,"href":"https:\/\/cdnoticias.com\/index.php\/wp-json\/wp\/v2\/tags?post=120543"}],"curies":[{"name":"wp","href":"https:\/\/api.w.org\/{rel}","templated":true}]}}