{"id":120541,"date":"2024-07-12T18:28:35","date_gmt":"2024-07-12T21:28:35","guid":{"rendered":"https:\/\/cdnoticias.com\/?p=120541"},"modified":"2024-07-12T18:28:37","modified_gmt":"2024-07-12T21:28:37","slug":"carlos-alberto-mignoli-carlitos-barbuchin-q-e-p-d","status":"publish","type":"post","link":"https:\/\/cdnoticias.com\/index.php\/2024\/07\/12\/carlos-alberto-mignoli-carlitos-barbuchin-q-e-p-d\/","title":{"rendered":"Carlos Alberto Mignoli \u201cCarlitos\u201d \u201cBarbuchin\u201d (Q.E.P.D.)"},"content":{"rendered":"\n<hr class=\"wp-block-separator aligncenter has-alpha-channel-opacity\"\/>\n\n\n\n<p>Falleci\u00f3 en Olavarr\u00eda el 12 de julio de 2024 a los 66 a\u00f1os. Sus hijos Lorena, Luciano y Melisa; sus hijos pol\u00edticos Franco y Marina; sus nietos Luc\u00eda, Sebasti\u00e1n, Lautaro, Martina, Juan Pablo, Julia y dem\u00e1s deudos participan su fallecimiento.<\/p>\n\n\n\n<p>Sus restos ser\u00e1n velados en la Sala \u201cA\u201d de la localidad de Sierras Bayas este s\u00e1bado 13 de julio desde las 08:00 horas e inhumados en el Cementerio Municipal de la localidad a las 11:30 horas. Servicio adherido a Coopelectric.<\/p>\n\n\n\n<p>Nacido en Sierras Bayas, vecino de la localidad, jubilado.<\/p>\n","protected":false},"excerpt":{"rendered":"<p>Falleci\u00f3 en Olavarr\u00eda el 12 de julio de 2024 a los 66 a\u00f1os. Sus hijos Lorena, Luciano y Melisa; sus<\/p>\n","protected":false},"author":2,"featured_media":100390,"comment_status":"closed","ping_status":"closed","sticky":false,"template":"","format":"standard","meta":{"_jetpack_memberships_contains_paid_content":false,"footnotes":""},"categories":[10],"tags":[],"class_list":["post-120541","post","type-post","status-publish","format-standard","has-post-thumbnail","hentry","category-necrologicas"],"jetpack_featured_media_url":"https:\/\/i0.wp.com\/cdnoticias.com\/wp-content\/uploads\/2023\/10\/necrologicas-390-x-240.jpg?fit=390%2C240&ssl=1","jetpack_sharing_enabled":true,"_links":{"self":[{"href":"https:\/\/cdnoticias.com\/index.php\/wp-json\/wp\/v2\/posts\/120541","targetHints":{"allow":["GET"]}}],"collection":[{"href":"https:\/\/cdnoticias.com\/index.php\/wp-json\/wp\/v2\/posts"}],"about":[{"href":"https:\/\/cdnoticias.com\/index.php\/wp-json\/wp\/v2\/types\/post"}],"author":[{"embeddable":true,"href":"https:\/\/cdnoticias.com\/index.php\/wp-json\/wp\/v2\/users\/2"}],"replies":[{"embeddable":true,"href":"https:\/\/cdnoticias.com\/index.php\/wp-json\/wp\/v2\/comments?post=120541"}],"version-history":[{"count":0,"href":"https:\/\/cdnoticias.com\/index.php\/wp-json\/wp\/v2\/posts\/120541\/revisions"}],"wp:featuredmedia":[{"embeddable":true,"href":"https:\/\/cdnoticias.com\/index.php\/wp-json\/wp\/v2\/media\/100390"}],"wp:attachment":[{"href":"https:\/\/cdnoticias.com\/index.php\/wp-json\/wp\/v2\/media?parent=120541"}],"wp:term":[{"taxonomy":"category","embeddable":true,"href":"https:\/\/cdnoticias.com\/index.php\/wp-json\/wp\/v2\/categories?post=120541"},{"taxonomy":"post_tag","embeddable":true,"href":"https:\/\/cdnoticias.com\/index.php\/wp-json\/wp\/v2\/tags?post=120541"}],"curies":[{"name":"wp","href":"https:\/\/api.w.org\/{rel}","templated":true}]}}