{"id":120520,"date":"2024-07-13T08:55:17","date_gmt":"2024-07-13T11:55:17","guid":{"rendered":"https:\/\/cdnoticias.com\/?p=120520"},"modified":"2024-07-13T08:55:19","modified_gmt":"2024-07-13T11:55:19","slug":"desde-provincia-senalan-que-la-demanda-de-alimentos-de-distritos-del-interior-se-triplico","status":"publish","type":"post","link":"https:\/\/cdnoticias.com\/index.php\/2024\/07\/13\/desde-provincia-senalan-que-la-demanda-de-alimentos-de-distritos-del-interior-se-triplico\/","title":{"rendered":"Desde Provincia se\u00f1alan que la demanda de alimentos de distritos del interior \u201cse triplic\u00f3\u201d"},"content":{"rendered":"<p>Lo dijo el ministro de Desarrollo de la Comunidad, Andr\u00e9s \u201cCuervo\u201d Larroque, en una entrevista de streaming. Tambi\u00e9n defendi\u00f3 a Kicillof de cr\u00edticas internas.<!--more--><\/p>\n<hr \/>\n<p>El <strong>ministro de Desarrollo de la Comunidad, Andr\u00e9s \u201cCuervo\u201d Larroque<\/strong>, sostuvo que la <strong>demanda de alimentos por parte de municipios del interior<\/strong> a su cartera <strong>\u201cse triplic\u00f3\u201d en el \u00faltimo tiempo<\/strong>, en el <strong>marco de la crisis econ\u00f3mica nacional<\/strong>, y <strong>apunt\u00f3 contra las cr\u00edticas internas a Axel Kicillof<\/strong> al sostener que es <strong>\u201cuno de los pilares que quedan en pie\u201d del peronismo<\/strong>.<\/p>\n<blockquote><p>El funcionario provincial se refiri\u00f3 a la cr\u00edtica situaci\u00f3n econ\u00f3mica que atraviesa el pa\u00eds y que se profundiz\u00f3 a partir de la asunci\u00f3n de Javier Milei. \u201cA nosotros se nos triplic\u00f3 la demanda de alimentos del interior de la provincia de Buenos Aires\u201d, cont\u00f3 en una entrevista por le programa de streaming \u201cHay algo ah\u00ed\u201d que se emite por Blender.<\/p><\/blockquote>\n<p>Larroque explic\u00f3 que<strong> \u201clos pueblos del interior\u201d suelen contar con \u201clazos comunitarios\u201d por los que \u201cnadie queda desenganchado\u201d<\/strong> y que esto hac\u00eda que, generalmente, no hubiera una demanda fuerte de alimentos. <strong>\u201cAhora se triplic\u00f3\u201d, alert\u00f3.<\/strong><\/p>\n<figure id=\"attachment_117698\" aria-describedby=\"caption-attachment-117698\" style=\"width: 800px\" class=\"wp-caption aligncenter\"><img data-recalc-dims=\"1\" loading=\"lazy\" decoding=\"async\" class=\"wp-image-117698 size-full\" src=\"https:\/\/i0.wp.com\/cdnoticias.com\/wp-content\/uploads\/2024\/06\/bianco-larroque-rodriguez.jpg?resize=800%2C446&#038;ssl=1\" alt=\"\" width=\"800\" height=\"446\" srcset=\"https:\/\/i0.wp.com\/cdnoticias.com\/wp-content\/uploads\/2024\/06\/bianco-larroque-rodriguez.jpg?w=800&amp;ssl=1 800w, https:\/\/i0.wp.com\/cdnoticias.com\/wp-content\/uploads\/2024\/06\/bianco-larroque-rodriguez.jpg?resize=300%2C167&amp;ssl=1 300w, https:\/\/i0.wp.com\/cdnoticias.com\/wp-content\/uploads\/2024\/06\/bianco-larroque-rodriguez.jpg?resize=768%2C428&amp;ssl=1 768w\" sizes=\"auto, (max-width: 800px) 100vw, 800px\" \/><figcaption id=\"caption-attachment-117698\" class=\"wp-caption-text\">Larroque: \u201cLa pelea el a\u00f1o pasado era contra la inflaci\u00f3n, el poder adquisitivo. Ahora es que te qued\u00e1s sin laburo\u201d.<\/figcaption><\/figure>\n<blockquote><p>E insisti\u00f3: &#8220;Antes, cuando ven\u00eda un intendente o intendenta del interior a verme los temas por ah\u00ed ten\u00edan que ver con los programas para j\u00f3venes, ni\u00f1os y ni\u00f1as. Ahora es la comida\u201d, precis\u00f3. Y detall\u00f3 que esto se da incluso \u201cen lugares en donde vos entend\u00e9s que hay un tejido, una red, un v\u00ednculo m\u00e1s fuerte\u201d.<\/p><\/blockquote>\n<p>A nivel general, Larroque tambi\u00e9n sostuvo que en los comedores se empieza a ver m\u00e1s hombres adultos que antes y relacion\u00f3 esto a que est\u00e1 creciendo la desocupaci\u00f3n.<strong> \u201cLa pelea el a\u00f1o pasado era contra la inflaci\u00f3n, el poder adquisitivo. Ahora es que te qued\u00e1s sin laburo\u201d<\/strong>, reflexion\u00f3.<\/p>\n<p>Por otro lado, el ministro bonaerense se explay\u00f3 con observaciones pol\u00edticas. Se\u00f1al\u00f3 que <strong>Milei en el poder es el resultado de \u201cuna crisis pol\u00edtica\u201d<\/strong> y que lleg\u00f3 porque desde<strong> el peronismo \u201cno tuvimos una estrategia o si la hubo no fue muy buena\u201d<\/strong>.<\/p>\n<p>En tanto, advirti\u00f3 que<strong> el contexto tambi\u00e9n es una \u201coportunidad\u201d que habilita \u201cmuchas discusiones y debates\u201d<\/strong>. Asimismo, defendi\u00f3 a Kicillof de cr\u00edticas internas, en medio de las tensiones que existen entre el gobernador y el l\u00edder camporista M\u00e1ximo Kirchner.<\/p>\n<blockquote><p>En este sentido, Larroque se\u00f1al\u00f3 que \u201cAxel es uno de los pilares que queda en pie\u201d desde las elecciones del a\u00f1o pasado y que \u201cde repente empiezan a aparecer murmullos, cosas extra\u00f1as y raras, como si nos sobraran opciones y alternativas\u201d.<\/p><\/blockquote>\n<p>Fuente: <em>Agencia DIB<\/em><\/p>\n","protected":false},"excerpt":{"rendered":"<p>Lo dijo el ministro de Desarrollo de la Comunidad, Andr\u00e9s \u201cCuervo\u201d Larroque, en una entrevista de streaming. Tambi\u00e9n defendi\u00f3 a<\/p>\n","protected":false},"author":4,"featured_media":33493,"comment_status":"closed","ping_status":"closed","sticky":false,"template":"","format":"standard","meta":{"_jetpack_memberships_contains_paid_content":false,"footnotes":""},"categories":[6,1],"tags":[],"class_list":["post-120520","post","type-post","status-publish","format-standard","has-post-thumbnail","hentry","category-nacionales","category-portada"],"jetpack_featured_media_url":"https:\/\/i0.wp.com\/cdnoticias.com\/wp-content\/uploads\/2021\/09\/conferencia-larroque.jpg?fit=687%2C382&ssl=1","jetpack_sharing_enabled":true,"_links":{"self":[{"href":"https:\/\/cdnoticias.com\/index.php\/wp-json\/wp\/v2\/posts\/120520","targetHints":{"allow":["GET"]}}],"collection":[{"href":"https:\/\/cdnoticias.com\/index.php\/wp-json\/wp\/v2\/posts"}],"about":[{"href":"https:\/\/cdnoticias.com\/index.php\/wp-json\/wp\/v2\/types\/post"}],"author":[{"embeddable":true,"href":"https:\/\/cdnoticias.com\/index.php\/wp-json\/wp\/v2\/users\/4"}],"replies":[{"embeddable":true,"href":"https:\/\/cdnoticias.com\/index.php\/wp-json\/wp\/v2\/comments?post=120520"}],"version-history":[{"count":0,"href":"https:\/\/cdnoticias.com\/index.php\/wp-json\/wp\/v2\/posts\/120520\/revisions"}],"wp:featuredmedia":[{"embeddable":true,"href":"https:\/\/cdnoticias.com\/index.php\/wp-json\/wp\/v2\/media\/33493"}],"wp:attachment":[{"href":"https:\/\/cdnoticias.com\/index.php\/wp-json\/wp\/v2\/media?parent=120520"}],"wp:term":[{"taxonomy":"category","embeddable":true,"href":"https:\/\/cdnoticias.com\/index.php\/wp-json\/wp\/v2\/categories?post=120520"},{"taxonomy":"post_tag","embeddable":true,"href":"https:\/\/cdnoticias.com\/index.php\/wp-json\/wp\/v2\/tags?post=120520"}],"curies":[{"name":"wp","href":"https:\/\/api.w.org\/{rel}","templated":true}]}}