{"id":120502,"date":"2024-07-13T16:42:15","date_gmt":"2024-07-13T19:42:15","guid":{"rendered":"https:\/\/cdnoticias.com\/?p=120502"},"modified":"2024-07-13T16:42:17","modified_gmt":"2024-07-13T19:42:17","slug":"eleccion-de-delegados-en-tres-localidades-se-anoto-mas-de-un-candidato","status":"publish","type":"post","link":"https:\/\/cdnoticias.com\/index.php\/2024\/07\/13\/eleccion-de-delegados-en-tres-localidades-se-anoto-mas-de-un-candidato\/","title":{"rendered":"Elecci\u00f3n de Delegados: en tres localidades se anot\u00f3 m\u00e1s de un candidato"},"content":{"rendered":"<p>Se anotaron 12 postulantes. En cuatro localidades se present\u00f3 un \u00fanico interesado. El 8 de agosto se oficializar\u00e1n las candidaturas.<!--more--><\/p>\n<hr \/>\n<p>El Municipio de Olavarr\u00eda inform\u00f3 que avanza el proceso para conocer qui\u00e9nes ser\u00e1n las personas que participar\u00e1n de la<strong> Consulta Popular de Delegados y Delegadas Municipales<\/strong> de las localidades que integran el Partido de Olavarr\u00eda, <a href=\"https:\/\/cdnoticias.com\/index.php\/2024\/06\/10\/eleccion-de-delegados-se-encuentra-abierto-el-plazo-para-aspirantes\/\" target=\"_blank\" rel=\"noopener\">a realizarse el pr\u00f3ximo 25 de agosto<\/a> para el per\u00edodo 2024-2026.<\/p>\n<blockquote><p>En tres localidades se anot\u00f3 m\u00e1s de un candidato: si llegan a ser oficializados, habr\u00eda elecciones en Sierra Chica, Sierras Bayas y Espigas. En Hinojo, Loma Negra, Recalde y Santa Luisa hay un \u00fanico postulante.<\/p><\/blockquote>\n<p>La semana pasada culmin\u00f3 el <strong>plazo para la presentaci\u00f3n de avales y formularios<\/strong>, que comenz\u00f3 a ser revisada para su posterior oficializaci\u00f3n.<\/p>\n<p><strong>Fueron 18 las personas que se acercaron al Palacio Municipal<\/strong> y solicitaron la documentaci\u00f3n correspondiente. Finalmente fueron <strong>12 quienes culminaron<\/strong> el tr\u00e1mite luego de presentar lo requerido ante la Jefatura de Gabinete.<\/p>\n<p>El<strong> listado de postulantes<\/strong> se integra de la siguiente manera:<\/p>\n<ul>\n<li><strong>3 por Sierra Chica<\/strong> (6 hab\u00edan retirado documentaci\u00f3n)<\/li>\n<li><strong>3 por Sierras Bayas<\/strong><\/li>\n<li><strong>2 por Espigas<\/strong><\/li>\n<li><strong>1 por Hinojo<\/strong> (3 hab\u00edan retirado documentaci\u00f3n)<\/li>\n<li><strong>1 por Loma Negra<\/strong> (2 hab\u00edan retirado documentaci\u00f3n)<\/li>\n<li><strong>1 por Recalde<\/strong><\/li>\n<li><strong>1 por Santa Luisa<\/strong><\/li>\n<\/ul>\n<p>No obstante, se aclar\u00f3 que <strong>a\u00fan resta la oficializaci\u00f3n<\/strong> de las y los candidatos, que ser\u00e1 llevada cabo por parte de la<strong> Junta Electoral<\/strong>, la cual se encuentra integrada no s\u00f3lo por la Jefatura de Gabinete del Municipio, sino tambi\u00e9n por las presidencias del Concejo Deliberante y del Consejo Escolar.<\/p>\n<p>La oficializaci\u00f3n de candidatos y candidatas <strong>se realizar\u00e1 el jueves 8 de agosto<\/strong>, a trav\u00e9s de la Jefatura de Gabinete.<\/p>\n<p>Se a\u00f1adi\u00f3 que <strong>desde el lunes 12 de agosto y hasta el martes 23<\/strong> de ese mes<strong> se extender\u00e1 el per\u00edodo de promoci\u00f3n y campa\u00f1<\/strong>a. Una vez culminado se ingresar\u00e1 en veda hasta el inicio de la Consulta Popular.<\/p>\n","protected":false},"excerpt":{"rendered":"<p>Se anotaron 12 postulantes. En cuatro localidades se present\u00f3 un \u00fanico interesado. El 8 de agosto se oficializar\u00e1n las candidaturas.<\/p>\n","protected":false},"author":4,"featured_media":120503,"comment_status":"closed","ping_status":"closed","sticky":false,"template":"","format":"standard","meta":{"_jetpack_memberships_contains_paid_content":false,"footnotes":""},"categories":[5,1],"tags":[],"class_list":["post-120502","post","type-post","status-publish","format-standard","has-post-thumbnail","hentry","category-informacion-general","category-portada"],"jetpack_featured_media_url":"https:\/\/i0.wp.com\/cdnoticias.com\/wp-content\/uploads\/2024\/07\/Hinojo-aereo-drone.jpeg?fit=1024%2C577&ssl=1","jetpack_sharing_enabled":true,"_links":{"self":[{"href":"https:\/\/cdnoticias.com\/index.php\/wp-json\/wp\/v2\/posts\/120502","targetHints":{"allow":["GET"]}}],"collection":[{"href":"https:\/\/cdnoticias.com\/index.php\/wp-json\/wp\/v2\/posts"}],"about":[{"href":"https:\/\/cdnoticias.com\/index.php\/wp-json\/wp\/v2\/types\/post"}],"author":[{"embeddable":true,"href":"https:\/\/cdnoticias.com\/index.php\/wp-json\/wp\/v2\/users\/4"}],"replies":[{"embeddable":true,"href":"https:\/\/cdnoticias.com\/index.php\/wp-json\/wp\/v2\/comments?post=120502"}],"version-history":[{"count":0,"href":"https:\/\/cdnoticias.com\/index.php\/wp-json\/wp\/v2\/posts\/120502\/revisions"}],"wp:featuredmedia":[{"embeddable":true,"href":"https:\/\/cdnoticias.com\/index.php\/wp-json\/wp\/v2\/media\/120503"}],"wp:attachment":[{"href":"https:\/\/cdnoticias.com\/index.php\/wp-json\/wp\/v2\/media?parent=120502"}],"wp:term":[{"taxonomy":"category","embeddable":true,"href":"https:\/\/cdnoticias.com\/index.php\/wp-json\/wp\/v2\/categories?post=120502"},{"taxonomy":"post_tag","embeddable":true,"href":"https:\/\/cdnoticias.com\/index.php\/wp-json\/wp\/v2\/tags?post=120502"}],"curies":[{"name":"wp","href":"https:\/\/api.w.org\/{rel}","templated":true}]}}