{"id":120495,"date":"2024-07-12T13:44:46","date_gmt":"2024-07-12T16:44:46","guid":{"rendered":"https:\/\/cdnoticias.com\/?p=120495"},"modified":"2024-07-12T13:45:04","modified_gmt":"2024-07-12T16:45:04","slug":"uno-de-los-doce-apostoles-gozara-de-salidas-transitorias","status":"publish","type":"post","link":"https:\/\/cdnoticias.com\/index.php\/2024\/07\/12\/uno-de-los-doce-apostoles-gozara-de-salidas-transitorias\/","title":{"rendered":"Uno de los \u201cDoce Ap\u00f3stoles\u201d gozar\u00e1 de salidas transitorias"},"content":{"rendered":"<p>En una segunda instancia, el beneficio le fue otorgado desde la C\u00e1mara Penal de Azul. Podr\u00e1 salir 4 horas por mes. Fue condenado a una pena \u00fanica de reclusi\u00f3n perpetua por el mot\u00edn de Semana Santa de 1996 en Sierra Chica.<!--more--><\/p>\n<hr \/>\n<p><strong>Jorge Alberto Pedraza<\/strong>, uno de los considerados <strong>l\u00edderes de la banda de internos que se amotin\u00f3 en la Unidad 2 de Sierra Chica<\/strong> entre el 30 de marzo y el 7 de abril de 1996, <strong>comenzar\u00e1 a gozar de salidas transitorias<\/strong> desde la c\u00e1rcel donde actualmente sigue preso.<\/p>\n<p>En una segunda instancia, <strong>el beneficio le fue otorgado en la C\u00e1mara Penal de Azul<\/strong> a trav\u00e9s de una resoluci\u00f3n que data del mi\u00e9rcoles y lleva las firmas de<strong> Carlos Pagliere (h)<\/strong> -uno de los actuales miembros de la Alzada- y del juez de Garant\u00edas de Tandil <strong>Jos\u00e9 Alberto Moragas<\/strong>.<\/p>\n<p>Ambos magistrados<strong> dieron lugar a un recurso de apelaci\u00f3n que hab\u00eda presentado Diego Fern\u00e1ndez, el defensor General departamental<\/strong>, en favor de uno de los protagonistas de la <strong>revuelta carcelaria m\u00e1s tr\u00e1gica de la historia argentina<\/strong>.<\/p>\n<p>En la misma resoluci\u00f3n, los jueces Pagliere y Moragas <strong>rechazaron otro beneficio solicitado por Pedraza: la libertad condicional<\/strong>.<\/p>\n<p><strong>En aquel mot\u00edn de 1996 fueron asesinados siete presos y un guardia<\/strong>. Adem\u00e1s, <strong>diecisiete personas<\/strong> -entre empleados del penal, dos pastores evang\u00e9licos, una jueza y su por entonces secretario- <strong>hab\u00edan sido tomadas de rehenes<\/strong>.<\/p>\n<p>Seg\u00fan lo informado a El Tiempo, <strong>Pedraza actualmente est\u00e1 preso en la Unidad 42, una de las c\u00e1rceles del SPB situada en Florencio Varela<\/strong>. Y desde ese penal, teniendo en cuenta lo resuelto este mi\u00e9rcoles, deber\u00e1n arbitrarse los medios para que comience a gozar de las salidas transitorias, para lo cual tendr\u00e1 que serle colocado un dispositivo electr\u00f3nico que controle sus movimientos fuera de la c\u00e1rcel.<\/p>\n<blockquote><p>De acuerdo con lo tambi\u00e9n se\u00f1alado a este Diario, uno de los l\u00edderes de los denominados \u201cDoce Ap\u00f3stoles\u201d gozar\u00e1 del referido beneficio -cuando adquiera rango de firmeza lo resuelto- de manera mensual. De esa manera, cada treinta d\u00edas saldr\u00e1 de la c\u00e1rcel durante un lapso de cuatro horas.<\/p><\/blockquote>\n<p>Al respecto, esas salidas transitorias para el condenado deber\u00e1n implementarse \u201cde no mediar impedimento legal alguno ajeno a estas actuaciones o encontrarse el causante a disposici\u00f3n de otro \u00f3rgano jurisdiccional en prisi\u00f3n preventiva o cumpliendo pena privativa de libertad en otro proceso\u201d, puede leerse en lo decidido.<\/p>\n<p>En una primera instancia, el beneficio que se pretend\u00eda para Pedraza y que ahora le fue concedido <strong>hab\u00eda sido rechazado por Adriana Bianco, una de las juezas de Ejecuci\u00f3n Penal del Departamento Judicial Azul<\/strong>.<\/p>\n<p>Pero <strong>apelaci\u00f3n mediante<\/strong> de la Defensa Oficial de uno de los l\u00edderes de los &#8220;Doce Ap\u00f3stoles&#8221;, ese <strong>recurso tuvo acogida favorable ante la C\u00e1mara de Apelaci\u00f3n y Garant\u00edas en lo Penal<\/strong> que tiene su sede en el tercer piso del Palacio de Justicia local.<\/p>\n<p>Entre las circunstancias valoradas para otorgarle ese beneficio, desde la Alzada se tuvo en cuenta que <strong>Pedraza -considerando el tiempo que lleva preso- &#8220;abastece el recaudo temporal&#8221; para una salida transitoria de la c\u00e1rcel<\/strong> como la ahora otorgada; que <strong>&#8220;no posee causa abierta donde interese su detenci\u00f3n&#8221;<\/strong> y que<strong> &#8220;ostenta conducta ejemplar y concepto bueno&#8221;<\/strong> en ese contexto de encierro donde permanece.<\/p>\n<p>Adem\u00e1s, evidencia lo que se denomina una<strong> &#8220;evaluaci\u00f3n criminol\u00f3gica favorable&#8221;<\/strong>, criterio al que en un principio no hab\u00eda adherido la titular del Juzgado de Ejecuci\u00f3n Penal 2 con asiento en General Alvear cuando se opuso a la concesi\u00f3n del beneficio que ahora s\u00ed prosper\u00f3 para uno de los l\u00edderes de los &#8220;Doce Ap\u00f3stoles&#8221;.<\/p>\n<p>Oriundo de La Matanza y de<strong> 61 a\u00f1os<\/strong> de edad, con sentencia ya firme Jorge Alberto Pedraza se encuentra<strong> condenado a la pena \u00fanica de reclusi\u00f3n perpetua.<\/strong><\/p>\n<blockquote><p>Esa sanci\u00f3n es comprensiva de diferentes condenas, entre las cuales figura lo sucedido durante el mot\u00edn en Sierra Chica de Semana Santa de 1996: una pena a &#8220;reclusi\u00f3n perpetua&#8221; como autor de los delitos de &#8220;secuestro coactivo agravado y homicidio calificado (cuatro hechos) en concurso real&#8221; y otra -tambi\u00e9n \u00fanica y a &#8220;reclusi\u00f3n perpetua&#8221;- que le fuera impuesta por un Tribunal en lo Criminal de la Capital Federal en mayo de 2010, que incluy\u00f3 la dictada por una causa tramitada ante el Juzgado en lo Criminal y Correccional 8 del Departamento Judicial Mercedes el 7 de abril 1983.<\/p><\/blockquote>\n<p>Adem\u00e1s, hab\u00eda sido <strong>declarado &#8220;reincidente&#8221;<\/strong>.<\/p>\n<p>Fuente: <em>Diario El Tiempo<\/em><\/p>\n","protected":false},"excerpt":{"rendered":"<p>En una segunda instancia, el beneficio le fue otorgado desde la C\u00e1mara Penal de Azul. Podr\u00e1 salir 4 horas por<\/p>\n","protected":false},"author":4,"featured_media":120496,"comment_status":"closed","ping_status":"closed","sticky":false,"template":"","format":"standard","meta":{"_jetpack_memberships_contains_paid_content":false,"footnotes":""},"categories":[14,1],"tags":[],"class_list":["post-120495","post","type-post","status-publish","format-standard","has-post-thumbnail","hentry","category-policiales","category-portada"],"jetpack_featured_media_url":"https:\/\/i0.wp.com\/cdnoticias.com\/wp-content\/uploads\/2024\/07\/Jorge-Alberto-Pedraza-12-apostoles-sierra-chica.jpeg?fit=948%2C533&ssl=1","jetpack_sharing_enabled":true,"_links":{"self":[{"href":"https:\/\/cdnoticias.com\/index.php\/wp-json\/wp\/v2\/posts\/120495","targetHints":{"allow":["GET"]}}],"collection":[{"href":"https:\/\/cdnoticias.com\/index.php\/wp-json\/wp\/v2\/posts"}],"about":[{"href":"https:\/\/cdnoticias.com\/index.php\/wp-json\/wp\/v2\/types\/post"}],"author":[{"embeddable":true,"href":"https:\/\/cdnoticias.com\/index.php\/wp-json\/wp\/v2\/users\/4"}],"replies":[{"embeddable":true,"href":"https:\/\/cdnoticias.com\/index.php\/wp-json\/wp\/v2\/comments?post=120495"}],"version-history":[{"count":0,"href":"https:\/\/cdnoticias.com\/index.php\/wp-json\/wp\/v2\/posts\/120495\/revisions"}],"wp:featuredmedia":[{"embeddable":true,"href":"https:\/\/cdnoticias.com\/index.php\/wp-json\/wp\/v2\/media\/120496"}],"wp:attachment":[{"href":"https:\/\/cdnoticias.com\/index.php\/wp-json\/wp\/v2\/media?parent=120495"}],"wp:term":[{"taxonomy":"category","embeddable":true,"href":"https:\/\/cdnoticias.com\/index.php\/wp-json\/wp\/v2\/categories?post=120495"},{"taxonomy":"post_tag","embeddable":true,"href":"https:\/\/cdnoticias.com\/index.php\/wp-json\/wp\/v2\/tags?post=120495"}],"curies":[{"name":"wp","href":"https:\/\/api.w.org\/{rel}","templated":true}]}}