{"id":120488,"date":"2024-07-12T12:47:38","date_gmt":"2024-07-12T15:47:38","guid":{"rendered":"https:\/\/cdnoticias.com\/?p=120488"},"modified":"2024-07-12T17:30:38","modified_gmt":"2024-07-12T20:30:38","slug":"lo-buscaban-en-azul-por-robo-y-este-viernes-fue-encontrado-en-olavarria","status":"publish","type":"post","link":"https:\/\/cdnoticias.com\/index.php\/2024\/07\/12\/lo-buscaban-en-azul-por-robo-y-este-viernes-fue-encontrado-en-olavarria\/","title":{"rendered":"Lo buscaban en Azul por robo y este viernes fue encontrado en Olavarr\u00eda"},"content":{"rendered":"<p>La orden de captura se hab\u00eda emitido el jueves. Adem\u00e1s, secuestraron el auto en el que transitaba, que tambi\u00e9n era buscado por la justicia. Fueron hallados por Col\u00f3n, en el cruce de las v\u00edas.<!--more--><\/p>\n<hr \/>\n<p>En las<strong> \u00faltimas horas<\/strong> dieron <strong>en Olavarr\u00eda<\/strong> con <strong>un hombre buscado por la Justicia<\/strong> <strong>de la vecina ciudad de Azul<\/strong> y tambi\u00e9n con el<strong> auto en el que transitaba<\/strong>, el cual de la misma manera era buscado en el marco de una investigaci\u00f3n penal.<\/p>\n<p>Los hechos se dieron <strong>este viernes, en Col\u00f3n y Amparo Castro<\/strong>, en el cruce de las v\u00edas del ferrocarril.<\/p>\n<p>El personal del <strong>Comando de Patrullas<\/strong> con apoyo de <strong>Control Urbano Municipal<\/strong> intercept\u00f3 e identific\u00f3 a un veh\u00edculo y su conductor.<\/p>\n<p>Los efectivos <strong>buscaban una Ford Eco Sport<\/strong> sobre la que <strong>este jueves se hab\u00eda emitido una orden de secuestro<\/strong> desde el <strong>Juzgado de Garant\u00edas N\u00ba 2 de Azul<\/strong>.<\/p>\n<blockquote><p>Al mando del rodado se encontraba un ciudadano azule\u00f1o sobre quien, tras consultar sus datos personales, se estableci\u00f3 que se hab\u00eda dictado un pedido de captura. La medida hab\u00eda sido solicitada este jueves desde el mismo Juzgado de Garant\u00edas N\u00ba 2 de Azul en una investigaci\u00f3n por \u201crobo agravado por efracci\u00f3n y robo agravado por escalamiento\u201d.<\/p><\/blockquote>\n<p>El hombre detenido, identificado como<strong> Nazareno Reyes<\/strong>, y el veh\u00edculo secuestrado fueron trasladados a la <strong>Comisar\u00eda Segunda de Olavarr\u00eda<\/strong> a fin de avanzar con las actuaciones correspondientes. Se dio intervenci\u00f3n al Juzgado azule\u00f1o.<\/p>\n","protected":false},"excerpt":{"rendered":"<p>La orden de captura se hab\u00eda emitido el jueves. Adem\u00e1s, secuestraron el auto en el que transitaba, que tambi\u00e9n era<\/p>\n","protected":false},"author":4,"featured_media":120490,"comment_status":"closed","ping_status":"closed","sticky":false,"template":"","format":"standard","meta":{"_jetpack_memberships_contains_paid_content":false,"footnotes":""},"categories":[14,1],"tags":[],"class_list":["post-120488","post","type-post","status-publish","format-standard","has-post-thumbnail","hentry","category-policiales","category-portada"],"jetpack_featured_media_url":"https:\/\/i0.wp.com\/cdnoticias.com\/wp-content\/uploads\/2024\/07\/detenido-de-azul-00.jpg?fit=1046%2C582&ssl=1","jetpack_sharing_enabled":true,"_links":{"self":[{"href":"https:\/\/cdnoticias.com\/index.php\/wp-json\/wp\/v2\/posts\/120488","targetHints":{"allow":["GET"]}}],"collection":[{"href":"https:\/\/cdnoticias.com\/index.php\/wp-json\/wp\/v2\/posts"}],"about":[{"href":"https:\/\/cdnoticias.com\/index.php\/wp-json\/wp\/v2\/types\/post"}],"author":[{"embeddable":true,"href":"https:\/\/cdnoticias.com\/index.php\/wp-json\/wp\/v2\/users\/4"}],"replies":[{"embeddable":true,"href":"https:\/\/cdnoticias.com\/index.php\/wp-json\/wp\/v2\/comments?post=120488"}],"version-history":[{"count":0,"href":"https:\/\/cdnoticias.com\/index.php\/wp-json\/wp\/v2\/posts\/120488\/revisions"}],"wp:featuredmedia":[{"embeddable":true,"href":"https:\/\/cdnoticias.com\/index.php\/wp-json\/wp\/v2\/media\/120490"}],"wp:attachment":[{"href":"https:\/\/cdnoticias.com\/index.php\/wp-json\/wp\/v2\/media?parent=120488"}],"wp:term":[{"taxonomy":"category","embeddable":true,"href":"https:\/\/cdnoticias.com\/index.php\/wp-json\/wp\/v2\/categories?post=120488"},{"taxonomy":"post_tag","embeddable":true,"href":"https:\/\/cdnoticias.com\/index.php\/wp-json\/wp\/v2\/tags?post=120488"}],"curies":[{"name":"wp","href":"https:\/\/api.w.org\/{rel}","templated":true}]}}