{"id":120442,"date":"2024-07-12T08:16:48","date_gmt":"2024-07-12T11:16:48","guid":{"rendered":"https:\/\/cdnoticias.com\/?p=120442"},"modified":"2024-07-12T08:21:37","modified_gmt":"2024-07-12T11:21:37","slug":"tandil-allanamientos-con-dos-detenidos-por-venta-de-drogas","status":"publish","type":"post","link":"https:\/\/cdnoticias.com\/index.php\/2024\/07\/12\/tandil-allanamientos-con-dos-detenidos-por-venta-de-drogas\/","title":{"rendered":"Tandil: allanamientos con dos detenidos por venta de drogas"},"content":{"rendered":"<p>Los procedimientos tuvieron lugar en el barrio La Movediza. La investigaci\u00f3n est\u00e1 cargo del fiscal olavarriense Lucas Moyano, de la UFI N\u00ba 22 de Azul.<!--more--><\/p>\n<hr \/>\n<p><strong>Dos tandilenses<\/strong> fueron <strong>detenidos<\/strong> tras <strong>dos allanamientos<\/strong> impulsados por <strong>el fiscal olavarriense Lucas Moyano, de la UFI N\u00ba 22 de Azul<\/strong>. Los procedimientos tuvieron lugar en el <strong>barrio La Movediza por venta de estupefacientes<\/strong> y una de las diligencias se relaciona con una causa que se conoci\u00f3 en mayo.<\/p>\n<p>En <strong>dos investigaciones que se iniciaron por separado<\/strong> en el marco de venta de drogas encabezadas por el Dr. Lucas Moyano, fueron<strong> allanadas dos viviendas<\/strong> y se <strong>detuvo a un hombre y una mujer<\/strong>.<\/p>\n<p>El<strong> primer allanamiento<\/strong> se llev\u00f3 adelante el <strong>3 de Julio<\/strong> en un domicilio donde<strong> resid\u00eda una mujer de 27 a\u00f1os<\/strong> y que estaba siendo investigada desde hace unos meses por detectives de la Delegaci\u00f3n de Drogas Il\u00edcitas de Tandil, que realizaron tareas juntamente a personal de la Comisar\u00eda Segunda, estableciendo que <strong>en esa vivienda hab\u00eda movimientos de personas compatibles con venta de estupefacientes<\/strong>.<\/p>\n<p>Cuando los investigadores pusieron a disposici\u00f3n de la justicia las pruebas recolectadas se llev\u00f3 a cabo el <strong>allanamiento<\/strong> logr\u00e1ndose el<strong> secuestro de marihuana, coca\u00edna y armas de fuego, adem\u00e1s de la detenci\u00f3n de la mujer<\/strong>.<\/p>\n<p>Seg\u00fan se inform\u00f3, <strong>esta mujer posee varios antecedentes penales<\/strong> por distintos delitos y actualmente se encuentra alojada en la Delegaci\u00f3n de Drogas Il\u00edcitas de la ciudad de Azul a disposici\u00f3n del Juez de Garant\u00edas Nro. 3 Juan Jos\u00e9 Suarez.<\/p>\n<p><img data-recalc-dims=\"1\" loading=\"lazy\" decoding=\"async\" class=\"aligncenter wp-image-120443\" src=\"https:\/\/i0.wp.com\/cdnoticias.com\/wp-content\/uploads\/2024\/07\/drogas-ilicitas-tandil-01.jpg?resize=400%2C603&#038;ssl=1\" alt=\"\" width=\"400\" height=\"603\" srcset=\"https:\/\/i0.wp.com\/cdnoticias.com\/wp-content\/uploads\/2024\/07\/drogas-ilicitas-tandil-01.jpg?resize=679%2C1024&amp;ssl=1 679w, https:\/\/i0.wp.com\/cdnoticias.com\/wp-content\/uploads\/2024\/07\/drogas-ilicitas-tandil-01.jpg?resize=199%2C300&amp;ssl=1 199w, https:\/\/i0.wp.com\/cdnoticias.com\/wp-content\/uploads\/2024\/07\/drogas-ilicitas-tandil-01.jpg?w=700&amp;ssl=1 700w\" sizes=\"auto, (max-width: 400px) 100vw, 400px\" \/><\/p>\n<p>El<strong> otro allanamiento<\/strong> se produjo en horas de la tarde de este<strong> mi\u00e9rcoles 10 de julio<\/strong> en <strong>un domicilio que ya hab\u00eda sido allanado<\/strong> tambi\u00e9n por<a href=\"https:\/\/cdnoticias.com\/index.php\/2024\/05\/25\/detenido-en-tandil-por-venta-de-drogas-habia-convertido-su-casa-en-un-bunker\/\" target=\"_blank\" rel=\"noopener\"> venta de drogas el pasado 23 de mayo<\/a>. <strong>All\u00ed hab\u00eda sido detenido un hombre de nacionalidad paraguaya<\/strong> con frondosos antecedentes penales. En esta oportunidad<strong> se detuvo al padre del primer detenido<\/strong>.<\/p>\n<p>La investigaci\u00f3n, tambi\u00e9n encabezada por el titular de la UFI 22, <strong>tiene por supuesto relaci\u00f3n con la primera<\/strong>. Se destac\u00f3 que entre todos los medios de prueba incorporados por los investigadores, fue de <strong>gran aporte a la pieza judicial los datos brindados por vecinos mediante denuncias an\u00f3nimas<\/strong>.<\/p>\n<p>Este \u00faltimo hombre <strong>detenido de nacionalidad paraguaya y de 57 a\u00f1os<\/strong> se citado para tomar <strong>su declaraci\u00f3n indagatoria este jueves 11 de Julio<\/strong> y ser\u00e1 trasladado a la Delegaci\u00f3n de Drogas Il\u00edcitas de la ciudad de Azul donde permanecer\u00e1 detenido.<\/p>\n<blockquote class=\"wp-embedded-content\" data-secret=\"eAsrhqrD1n\"><p><a href=\"https:\/\/cdnoticias.com\/index.php\/2024\/05\/25\/detenido-en-tandil-por-venta-de-drogas-habia-convertido-su-casa-en-un-bunker\/\">Detenido en Tandil por venta de drogas: hab\u00eda convertido su casa en \u201cun b\u00fanker\u201d<\/a><\/p><\/blockquote>\n<p><iframe loading=\"lazy\" class=\"wp-embedded-content\" sandbox=\"allow-scripts\" security=\"restricted\" style=\"position: absolute; clip: rect(1px, 1px, 1px, 1px);\" title=\"&#8220;Detenido en Tandil por venta de drogas: hab\u00eda convertido su casa en \u201cun b\u00fanker\u201d&#8221; &#8212; Central de Noticias | Olavarr\u00eda\" src=\"https:\/\/cdnoticias.com\/index.php\/2024\/05\/25\/detenido-en-tandil-por-venta-de-drogas-habia-convertido-su-casa-en-un-bunker\/embed\/#?secret=iUALuh4HaM#?secret=eAsrhqrD1n\" data-secret=\"eAsrhqrD1n\" width=\"600\" height=\"338\" frameborder=\"0\" marginwidth=\"0\" marginheight=\"0\" scrolling=\"no\"><\/iframe><\/p>\n","protected":false},"excerpt":{"rendered":"<p>Los procedimientos tuvieron lugar en el barrio La Movediza. La investigaci\u00f3n est\u00e1 cargo del fiscal olavarriense Lucas Moyano, de la<\/p>\n","protected":false},"author":4,"featured_media":120444,"comment_status":"closed","ping_status":"closed","sticky":false,"template":"","format":"standard","meta":{"_jetpack_memberships_contains_paid_content":false,"footnotes":""},"categories":[14,1],"tags":[],"class_list":["post-120442","post","type-post","status-publish","format-standard","has-post-thumbnail","hentry","category-policiales","category-portada"],"jetpack_featured_media_url":"https:\/\/i0.wp.com\/cdnoticias.com\/wp-content\/uploads\/2024\/07\/drogas-ilicitas-tandil-00.jpg?fit=700%2C389&ssl=1","jetpack_sharing_enabled":true,"_links":{"self":[{"href":"https:\/\/cdnoticias.com\/index.php\/wp-json\/wp\/v2\/posts\/120442","targetHints":{"allow":["GET"]}}],"collection":[{"href":"https:\/\/cdnoticias.com\/index.php\/wp-json\/wp\/v2\/posts"}],"about":[{"href":"https:\/\/cdnoticias.com\/index.php\/wp-json\/wp\/v2\/types\/post"}],"author":[{"embeddable":true,"href":"https:\/\/cdnoticias.com\/index.php\/wp-json\/wp\/v2\/users\/4"}],"replies":[{"embeddable":true,"href":"https:\/\/cdnoticias.com\/index.php\/wp-json\/wp\/v2\/comments?post=120442"}],"version-history":[{"count":0,"href":"https:\/\/cdnoticias.com\/index.php\/wp-json\/wp\/v2\/posts\/120442\/revisions"}],"wp:featuredmedia":[{"embeddable":true,"href":"https:\/\/cdnoticias.com\/index.php\/wp-json\/wp\/v2\/media\/120444"}],"wp:attachment":[{"href":"https:\/\/cdnoticias.com\/index.php\/wp-json\/wp\/v2\/media?parent=120442"}],"wp:term":[{"taxonomy":"category","embeddable":true,"href":"https:\/\/cdnoticias.com\/index.php\/wp-json\/wp\/v2\/categories?post=120442"},{"taxonomy":"post_tag","embeddable":true,"href":"https:\/\/cdnoticias.com\/index.php\/wp-json\/wp\/v2\/tags?post=120442"}],"curies":[{"name":"wp","href":"https:\/\/api.w.org\/{rel}","templated":true}]}}