{"id":120439,"date":"2024-07-11T18:30:04","date_gmt":"2024-07-11T21:30:04","guid":{"rendered":"https:\/\/cdnoticias.com\/?p=120439"},"modified":"2024-07-11T18:30:06","modified_gmt":"2024-07-11T21:30:06","slug":"vuelve-el-cine-a-la-alianza-francesa-olavarria","status":"publish","type":"post","link":"https:\/\/cdnoticias.com\/index.php\/2024\/07\/11\/vuelve-el-cine-a-la-alianza-francesa-olavarria\/","title":{"rendered":"Vuelve el cine a la Alianza Francesa Olavarr\u00eda"},"content":{"rendered":"<p>Ser\u00e1 el viernes a las 21 en su sede de Dorrego 3161. El ciclo se hab\u00eda suspendido debido a un robo que sufri\u00f3 la instituci\u00f3n.<!--more--><\/p>\n<hr \/>\n<p>Despu\u00e9s de m\u00e1s de un a\u00f1o, <strong>la Alianza Francesa de Olavarr\u00eda regresa con su ciclo de cine franc\u00e9s<\/strong>. Ser\u00e1 el <strong>viernes a las 21<\/strong> en su sede de <strong>Dorrego 3161<\/strong> cuando se presentar\u00e1 la pel\u00edcula<strong> \u201cMarinette\u201d<\/strong>.<\/p>\n<p>El ciclo se hab\u00eda suspendido debido a<strong> un robo que sufri\u00f3 la instituci\u00f3n<\/strong>. En ese sentido, se indic\u00f3 <strong>\u201cgracias a los socios, personas y empresas que se solidarizaron y acompa\u00f1aron la campa\u00f1a para la compra de un nuevo proyector<\/strong>, puesto que nos hab\u00edan hurtado el anterior, y as\u00ed volver con nuestro tradicional cine\u201d.<\/p>\n<p>La elecci\u00f3n del film a presentar se relaciona con el <strong>pronto inicio de los Juegos Ol\u00edmpicos Par\u00eds 2024<\/strong>, <em>\u201cpor tal motivo, nuestra primera pel\u00edcula tendr\u00e1 como tema el deporte: f\u00fatbol\u201d<\/em>.<\/p>\n<h3>La pel\u00edcula<\/h3>\n<ul>\n<li>T\u00edtulo original: Marinette<\/li>\n<li>A\u00f1o: 2023<\/li>\n<li>Duraci\u00f3n: 96 min.<\/li>\n<li>Pa\u00eds: Francia<\/li>\n<li>Direcci\u00f3n: Virginie Verrier<\/li>\n<li>Guion: Virginie Verrier. Autobiograf\u00eda: Marinette Pichon<\/li>\n<li>Reparto: Garance Marillier, \u00c9milie Dequenne, Alban Lenoir, Fred Testot, Sylvie Testud, Caroline Proust, June Benard, Yam\u00e9 Pertzing, Louisa Chas, Franck Andrieux<\/li>\n<li>G\u00e9nero: Drama | Biogr\u00e1fico.<\/li>\n<li>Sinopsis: Pionera del f\u00fatbol femenino franc\u00e9s, Marinette Pichon ostent\u00f3 durante casi dos d\u00e9cadas el r\u00e9cord de goles y partidos internacionales de la selecci\u00f3n francesa (combinando hombres y mujeres). Eventualmente se convirti\u00f3 en la primera jugadora francesa en tener una carrera en los Estados Unidos. Basada en el libro autobiogr\u00e1fico, Marinette, sigue la lucha de Pichon para crear conciencia sobre los derechos de las mujeres en el deporte.<\/li>\n<\/ul>\n","protected":false},"excerpt":{"rendered":"<p>Ser\u00e1 el viernes a las 21 en su sede de Dorrego 3161. El ciclo se hab\u00eda suspendido debido a un<\/p>\n","protected":false},"author":4,"featured_media":120440,"comment_status":"closed","ping_status":"closed","sticky":false,"template":"","format":"standard","meta":{"_jetpack_memberships_contains_paid_content":false,"footnotes":""},"categories":[9,1],"tags":[],"class_list":["post-120439","post","type-post","status-publish","format-standard","has-post-thumbnail","hentry","category-cultura","category-portada"],"jetpack_featured_media_url":"https:\/\/i0.wp.com\/cdnoticias.com\/wp-content\/uploads\/2024\/07\/alianza-francesa-marinete.jpg?fit=800%2C445&ssl=1","jetpack_sharing_enabled":true,"_links":{"self":[{"href":"https:\/\/cdnoticias.com\/index.php\/wp-json\/wp\/v2\/posts\/120439","targetHints":{"allow":["GET"]}}],"collection":[{"href":"https:\/\/cdnoticias.com\/index.php\/wp-json\/wp\/v2\/posts"}],"about":[{"href":"https:\/\/cdnoticias.com\/index.php\/wp-json\/wp\/v2\/types\/post"}],"author":[{"embeddable":true,"href":"https:\/\/cdnoticias.com\/index.php\/wp-json\/wp\/v2\/users\/4"}],"replies":[{"embeddable":true,"href":"https:\/\/cdnoticias.com\/index.php\/wp-json\/wp\/v2\/comments?post=120439"}],"version-history":[{"count":0,"href":"https:\/\/cdnoticias.com\/index.php\/wp-json\/wp\/v2\/posts\/120439\/revisions"}],"wp:featuredmedia":[{"embeddable":true,"href":"https:\/\/cdnoticias.com\/index.php\/wp-json\/wp\/v2\/media\/120440"}],"wp:attachment":[{"href":"https:\/\/cdnoticias.com\/index.php\/wp-json\/wp\/v2\/media?parent=120439"}],"wp:term":[{"taxonomy":"category","embeddable":true,"href":"https:\/\/cdnoticias.com\/index.php\/wp-json\/wp\/v2\/categories?post=120439"},{"taxonomy":"post_tag","embeddable":true,"href":"https:\/\/cdnoticias.com\/index.php\/wp-json\/wp\/v2\/tags?post=120439"}],"curies":[{"name":"wp","href":"https:\/\/api.w.org\/{rel}","templated":true}]}}