{"id":120431,"date":"2024-07-11T12:22:45","date_gmt":"2024-07-11T15:22:45","guid":{"rendered":"https:\/\/cdnoticias.com\/?p=120431"},"modified":"2024-07-11T12:22:47","modified_gmt":"2024-07-11T15:22:47","slug":"nieve-en-territorio-bonaerense-nada-detuvo-a-los-pescadores-en-el-dique-paso-de-las-piedras","status":"publish","type":"post","link":"https:\/\/cdnoticias.com\/index.php\/2024\/07\/11\/nieve-en-territorio-bonaerense-nada-detuvo-a-los-pescadores-en-el-dique-paso-de-las-piedras\/","title":{"rendered":"Nieve en territorio bonaerense: nada detuvo a los pescadores en el dique Paso de las Piedras"},"content":{"rendered":"<p>Un grupo de amigos registr\u00f3 el fen\u00f3meno entre Tornquist y Pringles, sector incluido en la zona de alerta roja por temperaturas extremas, al igual que casi toda la provincia de Buenos Aires.<!--more--><\/p>\n<hr \/>\n<p>El <strong>suroeste de la provincia de Buenos Aires<\/strong> est\u00e1 incluido en el <a href=\"https:\/\/cdnoticias.com\/index.php\/2024\/07\/10\/a-seguir-abrigado-mantienen-el-alerta-roja-por-frio-extremo-para-olavarria\/\" target=\"_blank\" rel=\"noopener\">alerta por temperaturas extremas<\/a> y en las \u00faltimas horas registr\u00f3<strong> una nevada entre Tornquist y Pringles<\/strong>, m\u00e1s precisamente en el<strong> Dique Paso de las Piedras<\/strong>.<\/p>\n<p>All\u00ed<strong> un grupo de amigos fue sorprendido por la nieve<\/strong> cuando llegaron al espejo de agua. La precipitaci\u00f3n dur\u00f3 algunos minutos.<\/p>\n<p>Justo <strong>en el momento en que llegaron comenz\u00f3 la nevada<\/strong> que dur\u00f3 por algunos minutos y los hizo suponer que la jornada de recreaci\u00f3n finalmente se ver\u00eda suspendida. Pero finalmente no ocurri\u00f3, ya que <strong>el cielo se despej\u00f3 parcialmente y les permiti\u00f3 disfrutar con un buen asado incluido<\/strong>.<\/p>\n<p><img data-recalc-dims=\"1\" loading=\"lazy\" decoding=\"async\" class=\"size-full wp-image-120432 aligncenter\" src=\"https:\/\/i0.wp.com\/cdnoticias.com\/wp-content\/uploads\/2024\/07\/BH-info-dique-paso-de-las-piedras-nieve-frio.jpg?resize=700%2C679&#038;ssl=1\" alt=\"\" width=\"700\" height=\"679\" srcset=\"https:\/\/i0.wp.com\/cdnoticias.com\/wp-content\/uploads\/2024\/07\/BH-info-dique-paso-de-las-piedras-nieve-frio.jpg?w=700&amp;ssl=1 700w, https:\/\/i0.wp.com\/cdnoticias.com\/wp-content\/uploads\/2024\/07\/BH-info-dique-paso-de-las-piedras-nieve-frio.jpg?resize=300%2C291&amp;ssl=1 300w\" sizes=\"auto, (max-width: 700px) 100vw, 700px\" \/><\/p>\n<p><strong>Mat\u00edas Klein<\/strong>, uno de los integrantes de esa salida, retrat\u00f3 todo lo acontecido y lo public\u00f3 en redes donde los vecinos de la zona sumaron comentarios y reacciones.<\/p>\n<p>El <strong>dique Paso de Las Piedras<\/strong> es una represa y embalse que forma un lago artificial de una <strong>superficie de 4.000 ha<\/strong>. Fue inaugurado en el a\u00f1o 1972. <em>La margen izquierda pertenece al partido de Coronel Pringles mientras que la derecha corresponde a Tornquist.<\/em><\/p>\n<p>Fuente y fotos: <em>BHInfo<\/em><\/p>\n","protected":false},"excerpt":{"rendered":"<p>Un grupo de amigos registr\u00f3 el fen\u00f3meno entre Tornquist y Pringles, sector incluido en la zona de alerta roja por<\/p>\n","protected":false},"author":4,"featured_media":120433,"comment_status":"closed","ping_status":"closed","sticky":false,"template":"","format":"standard","meta":{"_jetpack_memberships_contains_paid_content":false,"footnotes":""},"categories":[6,1],"tags":[],"class_list":["post-120431","post","type-post","status-publish","format-standard","has-post-thumbnail","hentry","category-nacionales","category-portada"],"jetpack_featured_media_url":"https:\/\/i0.wp.com\/cdnoticias.com\/wp-content\/uploads\/2024\/07\/BH-info-dique-paso-de-las-piedras-nieve-frio.jpeg?fit=1132%2C755&ssl=1","jetpack_sharing_enabled":true,"_links":{"self":[{"href":"https:\/\/cdnoticias.com\/index.php\/wp-json\/wp\/v2\/posts\/120431","targetHints":{"allow":["GET"]}}],"collection":[{"href":"https:\/\/cdnoticias.com\/index.php\/wp-json\/wp\/v2\/posts"}],"about":[{"href":"https:\/\/cdnoticias.com\/index.php\/wp-json\/wp\/v2\/types\/post"}],"author":[{"embeddable":true,"href":"https:\/\/cdnoticias.com\/index.php\/wp-json\/wp\/v2\/users\/4"}],"replies":[{"embeddable":true,"href":"https:\/\/cdnoticias.com\/index.php\/wp-json\/wp\/v2\/comments?post=120431"}],"version-history":[{"count":0,"href":"https:\/\/cdnoticias.com\/index.php\/wp-json\/wp\/v2\/posts\/120431\/revisions"}],"wp:featuredmedia":[{"embeddable":true,"href":"https:\/\/cdnoticias.com\/index.php\/wp-json\/wp\/v2\/media\/120433"}],"wp:attachment":[{"href":"https:\/\/cdnoticias.com\/index.php\/wp-json\/wp\/v2\/media?parent=120431"}],"wp:term":[{"taxonomy":"category","embeddable":true,"href":"https:\/\/cdnoticias.com\/index.php\/wp-json\/wp\/v2\/categories?post=120431"},{"taxonomy":"post_tag","embeddable":true,"href":"https:\/\/cdnoticias.com\/index.php\/wp-json\/wp\/v2\/tags?post=120431"}],"curies":[{"name":"wp","href":"https:\/\/api.w.org\/{rel}","templated":true}]}}