{"id":120417,"date":"2024-07-11T13:17:22","date_gmt":"2024-07-11T16:17:22","guid":{"rendered":"https:\/\/cdnoticias.com\/?p=120417"},"modified":"2024-07-11T13:17:24","modified_gmt":"2024-07-11T16:17:24","slug":"eduardo-rodriguez-en-la-firma-de-un-convenio-de-aubasa-y-la-universidad-jauretche","status":"publish","type":"post","link":"https:\/\/cdnoticias.com\/index.php\/2024\/07\/11\/eduardo-rodriguez-en-la-firma-de-un-convenio-de-aubasa-y-la-universidad-jauretche\/","title":{"rendered":"Eduardo Rodr\u00edguez, en la firma de un convenio de AUBASA y la Universidad Jauretche"},"content":{"rendered":"<p>El dirigente olavarriense, que se desempe\u00f1a en AUBASA, explic\u00f3 que mediante este convenio ambas instituciones compartir\u00e1n un predio en Ingeniero Allan.<!--more--><\/p>\n<hr \/>\n<p>El <strong>dirigente olavarriense Eduardo Rodr\u00edguez<\/strong> inform\u00f3 que fue parte de la firma del <strong>convenio entre Autopistas Buenos Aires (AUBASA)<\/strong> y la<strong> Universidad Nacional Arturo Jauretche (UNAJ)<\/strong>.<\/p>\n<p>Rodr\u00edguez, quien se desempe\u00f1a como <em>gerente institucional de AUBASA<\/em>, acompa\u00f1\u00f3 al <em>presidente de la entidad, Jos\u00e9 Arteaga<\/em>, y al <em>rector de la Universidad Nacional Arturo Jauretche, Arnaldo Medina<\/em>, en la firma de un <strong>convenio para compartir sede<\/strong>.<\/p>\n<p><img data-recalc-dims=\"1\" loading=\"lazy\" decoding=\"async\" class=\"size-full wp-image-120418 aligncenter\" src=\"https:\/\/i0.wp.com\/cdnoticias.com\/wp-content\/uploads\/2024\/07\/convenio-AUBASA-UNAJ-1.jpg?resize=800%2C445&#038;ssl=1\" alt=\"\" width=\"800\" height=\"445\" srcset=\"https:\/\/i0.wp.com\/cdnoticias.com\/wp-content\/uploads\/2024\/07\/convenio-AUBASA-UNAJ-1.jpg?w=800&amp;ssl=1 800w, https:\/\/i0.wp.com\/cdnoticias.com\/wp-content\/uploads\/2024\/07\/convenio-AUBASA-UNAJ-1.jpg?resize=300%2C167&amp;ssl=1 300w, https:\/\/i0.wp.com\/cdnoticias.com\/wp-content\/uploads\/2024\/07\/convenio-AUBASA-UNAJ-1.jpg?resize=768%2C427&amp;ssl=1 768w\" sizes=\"auto, (max-width: 800px) 100vw, 800px\" \/><\/p>\n<p>El referente de Frente Renovador explic\u00f3 que mediante el acuerdo, la Universidad podr\u00e1 utilizar el predio en Ingeniero Allan donde funcionar\u00e1 el Centro de Vinculaci\u00f3n de la Universidad adem\u00e1s de las actuales oficinas de Autopistas de Buenos Aires A.<em> \u201cCon la r\u00fabrica, la Casa de Altos Estudios podr\u00e1 contar con un espacio verde y hacer uso de las instalaciones donde se construir\u00e1 un campus de deportes para los estudiantes universitarios\u201d<\/em> detall\u00f3 Rodr\u00edguez.<\/p>\n<p>Este mi\u00e9rcoles, en un colmado sal\u00f3n de acuerdos de la Universidad en Florencio Varela, las autoridades de AUBASA sellaron el acuerdo con el rector de la UNAJ, Arnaldo Medina. All\u00ed estuvieron adem\u00e1s del presidente de Aubasa, el vice Walter Abarca; el gerente general Pablo Ceriani; el coordinador general operativo Martin Valli; y el sub coordinador operativo Juan Bonfiglio.<\/p>\n","protected":false},"excerpt":{"rendered":"<p>El dirigente olavarriense, que se desempe\u00f1a en AUBASA, explic\u00f3 que mediante este convenio ambas instituciones compartir\u00e1n un predio en Ingeniero<\/p>\n","protected":false},"author":4,"featured_media":120419,"comment_status":"closed","ping_status":"closed","sticky":false,"template":"","format":"standard","meta":{"_jetpack_memberships_contains_paid_content":false,"footnotes":""},"categories":[4],"tags":[],"class_list":["post-120417","post","type-post","status-publish","format-standard","has-post-thumbnail","hentry","category-politica"],"jetpack_featured_media_url":"https:\/\/i0.wp.com\/cdnoticias.com\/wp-content\/uploads\/2024\/07\/convenio-AUBASA-UNAJ-0.jpg?fit=800%2C445&ssl=1","jetpack_sharing_enabled":true,"_links":{"self":[{"href":"https:\/\/cdnoticias.com\/index.php\/wp-json\/wp\/v2\/posts\/120417","targetHints":{"allow":["GET"]}}],"collection":[{"href":"https:\/\/cdnoticias.com\/index.php\/wp-json\/wp\/v2\/posts"}],"about":[{"href":"https:\/\/cdnoticias.com\/index.php\/wp-json\/wp\/v2\/types\/post"}],"author":[{"embeddable":true,"href":"https:\/\/cdnoticias.com\/index.php\/wp-json\/wp\/v2\/users\/4"}],"replies":[{"embeddable":true,"href":"https:\/\/cdnoticias.com\/index.php\/wp-json\/wp\/v2\/comments?post=120417"}],"version-history":[{"count":0,"href":"https:\/\/cdnoticias.com\/index.php\/wp-json\/wp\/v2\/posts\/120417\/revisions"}],"wp:featuredmedia":[{"embeddable":true,"href":"https:\/\/cdnoticias.com\/index.php\/wp-json\/wp\/v2\/media\/120419"}],"wp:attachment":[{"href":"https:\/\/cdnoticias.com\/index.php\/wp-json\/wp\/v2\/media?parent=120417"}],"wp:term":[{"taxonomy":"category","embeddable":true,"href":"https:\/\/cdnoticias.com\/index.php\/wp-json\/wp\/v2\/categories?post=120417"},{"taxonomy":"post_tag","embeddable":true,"href":"https:\/\/cdnoticias.com\/index.php\/wp-json\/wp\/v2\/tags?post=120417"}],"curies":[{"name":"wp","href":"https:\/\/api.w.org\/{rel}","templated":true}]}}