{"id":120401,"date":"2024-07-10T19:39:58","date_gmt":"2024-07-10T22:39:58","guid":{"rendered":"https:\/\/cdnoticias.com\/?p=120401"},"modified":"2024-07-11T08:18:00","modified_gmt":"2024-07-11T11:18:00","slug":"a-seguir-abrigado-mantienen-el-alerta-roja-por-frio-extremo-para-olavarria","status":"publish","type":"post","link":"https:\/\/cdnoticias.com\/index.php\/2024\/07\/10\/a-seguir-abrigado-mantienen-el-alerta-roja-por-frio-extremo-para-olavarria\/","title":{"rendered":"\u00a1A seguir abrigado! Mantienen el alerta roja por fr\u00edo extremo para Olavarr\u00eda"},"content":{"rendered":"\n<p>Si bien el tiempo mejorar\u00e1, la m\u00ednima estipulada para el jueves en la ciudad y la regi\u00f3n es de -3 grados.<\/p>\n\n\n\n<hr class=\"wp-block-separator aligncenter has-alpha-channel-opacity\"\/>\n\n\n\n<p>Tras las fuertes heladas y el fr\u00edo de varios d\u00edas en Olavarr\u00eda y la regi\u00f3n,<strong> el Servicio Meteorol\u00f3gico Nacional actualiz\u00f3 el Sistema de Alerta Temprana y mantuvo el alerta rojo por fr\u00edo extremo para la ciudad y las localidades.<\/strong><\/p>\n\n\n\n<p>Cabe se\u00f1alar que<strong> el nivel rojo de alerta \u201cson muy peligrosas\u201d y \u201cpueden afectar a todas las personas, incluso a las saludables\u201d.<\/strong> Afectar\u00e1 pr\u00e1cticamente a toda la Provincia de Buenos Aires, excepto la zona costera, que tiene alerta naranja.<\/p>\n\n\n\n<figure class=\"wp-block-image size-large\"><img data-recalc-dims=\"1\" loading=\"lazy\" decoding=\"async\" width=\"800\" height=\"450\" src=\"https:\/\/i0.wp.com\/cdnoticias.com\/wp-content\/uploads\/2024\/07\/alerta-roja-olavarria.jpeg?resize=800%2C450&#038;ssl=1\" alt=\"\" class=\"wp-image-120403\" srcset=\"https:\/\/i0.wp.com\/cdnoticias.com\/wp-content\/uploads\/2024\/07\/alerta-roja-olavarria.jpeg?resize=1024%2C576&amp;ssl=1 1024w, https:\/\/i0.wp.com\/cdnoticias.com\/wp-content\/uploads\/2024\/07\/alerta-roja-olavarria.jpeg?resize=300%2C169&amp;ssl=1 300w, https:\/\/i0.wp.com\/cdnoticias.com\/wp-content\/uploads\/2024\/07\/alerta-roja-olavarria.jpeg?resize=768%2C432&amp;ssl=1 768w, https:\/\/i0.wp.com\/cdnoticias.com\/wp-content\/uploads\/2024\/07\/alerta-roja-olavarria.jpeg?resize=1536%2C863&amp;ssl=1 1536w, https:\/\/i0.wp.com\/cdnoticias.com\/wp-content\/uploads\/2024\/07\/alerta-roja-olavarria.jpeg?resize=2048%2C1151&amp;ssl=1 2048w, https:\/\/i0.wp.com\/cdnoticias.com\/wp-content\/uploads\/2024\/07\/alerta-roja-olavarria.jpeg?w=1600&amp;ssl=1 1600w\" sizes=\"auto, (max-width: 800px) 100vw, 800px\" \/><\/figure>\n\n\n\n<p>De todas maneras, <strong>se espera que las condiciones desfavorables tiendan a mejorar al menos algunos grados: las temperaturas m\u00ednimas alcanzar\u00e1n los -3 grados, mientras que la m\u00e1xima est\u00e1 estipulada en 10 grados.<\/strong><\/p>\n\n\n\n<p>Se le sumar\u00e1, tambi\u00e9n, <strong>vientos del sur y sudoeste que, en horas de la tarde, podr\u00eda alcanzar los 22 km\/h<\/strong>. Esto podr\u00eda generar una baja de la sensaci\u00f3n t\u00e9rmica.<\/p>\n\n\n\n<p>Tal como se anticip\u00f3 d\u00edas atr\u00e1s,<strong> el fr\u00edo se sostendr\u00e1 por varios d\u00edas, y reci\u00e9n el martes pr\u00f3ximo podr\u00eda haber m\u00e1ximas de 16 grados, calmando un poco la ola polar de la regi\u00f3n.<\/strong><\/p>\n","protected":false},"excerpt":{"rendered":"<p>Si bien el tiempo mejorar\u00e1, la m\u00ednima estipulada para el jueves en la ciudad y la regi\u00f3n es de -3<\/p>\n","protected":false},"author":2,"featured_media":120402,"comment_status":"closed","ping_status":"closed","sticky":false,"template":"","format":"standard","meta":{"_jetpack_memberships_contains_paid_content":false,"footnotes":""},"categories":[5,1],"tags":[],"class_list":["post-120401","post","type-post","status-publish","format-standard","has-post-thumbnail","hentry","category-informacion-general","category-portada"],"jetpack_featured_media_url":"https:\/\/i0.wp.com\/cdnoticias.com\/wp-content\/uploads\/2024\/07\/alerta-extrema-frio1.jpg?fit=1000%2C600&ssl=1","jetpack_sharing_enabled":true,"_links":{"self":[{"href":"https:\/\/cdnoticias.com\/index.php\/wp-json\/wp\/v2\/posts\/120401","targetHints":{"allow":["GET"]}}],"collection":[{"href":"https:\/\/cdnoticias.com\/index.php\/wp-json\/wp\/v2\/posts"}],"about":[{"href":"https:\/\/cdnoticias.com\/index.php\/wp-json\/wp\/v2\/types\/post"}],"author":[{"embeddable":true,"href":"https:\/\/cdnoticias.com\/index.php\/wp-json\/wp\/v2\/users\/2"}],"replies":[{"embeddable":true,"href":"https:\/\/cdnoticias.com\/index.php\/wp-json\/wp\/v2\/comments?post=120401"}],"version-history":[{"count":0,"href":"https:\/\/cdnoticias.com\/index.php\/wp-json\/wp\/v2\/posts\/120401\/revisions"}],"wp:featuredmedia":[{"embeddable":true,"href":"https:\/\/cdnoticias.com\/index.php\/wp-json\/wp\/v2\/media\/120402"}],"wp:attachment":[{"href":"https:\/\/cdnoticias.com\/index.php\/wp-json\/wp\/v2\/media?parent=120401"}],"wp:term":[{"taxonomy":"category","embeddable":true,"href":"https:\/\/cdnoticias.com\/index.php\/wp-json\/wp\/v2\/categories?post=120401"},{"taxonomy":"post_tag","embeddable":true,"href":"https:\/\/cdnoticias.com\/index.php\/wp-json\/wp\/v2\/tags?post=120401"}],"curies":[{"name":"wp","href":"https:\/\/api.w.org\/{rel}","templated":true}]}}